{"id":1128,"date":"2025-04-06T18:03:00","date_gmt":"2025-04-06T21:03:00","guid":{"rendered":"https:\/\/mensagensqueinspiram.com.br\/?p=1128"},"modified":"2025-03-29T08:54:14","modified_gmt":"2025-03-29T11:54:14","slug":"karl-marx","status":"publish","type":"post","link":"https:\/\/mensagensqueinspiram.com.br\/en\/karl-marx\/","title":{"rendered":"Karl Marx: Inspirational Quotes from His Books"},"content":{"rendered":"<div id=\"ez-toc-container\" class=\"ez-toc-v2_0_82_2 counter-hierarchy ez-toc-counter ez-toc-custom ez-toc-container-direction\">\n<div class=\"ez-toc-title-container\">\n<p class=\"ez-toc-title\" style=\"cursor:inherit\">\u00cdndice<\/p>\n<span class=\"ez-toc-title-toggle\"><a href=\"#\" class=\"ez-toc-pull-right ez-toc-btn ez-toc-btn-xs ez-toc-btn-default ez-toc-toggle\" aria-label=\"Toggle Table of Content\"><span class=\"ez-toc-js-icon-con\"><span class=\"\"><span class=\"eztoc-hide\" style=\"display:none;\">Toggle<\/span><span class=\"ez-toc-icon-toggle-span\"><svg style=\"fill: #150042;color:#150042\" xmlns=\"http:\/\/www.w3.org\/2000\/svg\" class=\"list-377408\" width=\"20px\" height=\"20px\" viewBox=\"0 0 24 24\" fill=\"none\"><path d=\"M6 6H4v2h2V6zm14 0H8v2h12V6zM4 11h2v2H4v-2zm16 0H8v2h12v-2zM4 16h2v2H4v-2zm16 0H8v2h12v-2z\" fill=\"currentColor\"><\/path><\/svg><svg style=\"fill: #150042;color:#150042\" class=\"arrow-unsorted-368013\" xmlns=\"http:\/\/www.w3.org\/2000\/svg\" width=\"10px\" height=\"10px\" viewBox=\"0 0 24 24\" version=\"1.2\" baseProfile=\"tiny\"><path d=\"M18.2 9.3l-6.2-6.3-6.2 6.3c-.2.2-.3.4-.3.7s.1.5.3.7c.2.2.4.3.7.3h11c.3 0 .5-.1.7-.3.2-.2.3-.5.3-.7s-.1-.5-.3-.7zM5.8 14.7l6.2 6.3 6.2-6.3c.2-.2.3-.5.3-.7s-.1-.5-.3-.7c-.2-.2-.4-.3-.7-.3h-11c-.3 0-.5.1-.7.3-.2.2-.3.5-.3.7s.1.5.3.7z\"\/><\/svg><\/span><\/span><\/span><\/a><\/span><\/div>\n<nav><ul class='ez-toc-list ez-toc-list-level-1 eztoc-toggle-hide-by-default' ><li class='ez-toc-page-1 ez-toc-heading-level-2'><a class=\"ez-toc-link ez-toc-heading-1\" href=\"https:\/\/mensagensqueinspiram.com.br\/en\/karl-marx\/#Quem_foi_Karl_Marx\" >Quem foi Karl Marx?<\/a><ul class='ez-toc-list-level-3' ><li class='ez-toc-heading-level-3'><a class=\"ez-toc-link ez-toc-heading-2\" href=\"https:\/\/mensagensqueinspiram.com.br\/en\/karl-marx\/#Vida_e_formacao_intelectual\" >Vida e forma\u00e7\u00e3o intelectual<\/a><\/li><li class='ez-toc-page-1 ez-toc-heading-level-3'><a class=\"ez-toc-link ez-toc-heading-3\" href=\"https:\/\/mensagensqueinspiram.com.br\/en\/karl-marx\/#Exilio_e_colaboracao_com_Engels\" >Ex\u00edlio e colabora\u00e7\u00e3o com Engels<\/a><\/li><li class='ez-toc-page-1 ez-toc-heading-level-3'><a class=\"ez-toc-link ez-toc-heading-4\" href=\"https:\/\/mensagensqueinspiram.com.br\/en\/karl-marx\/#Legado_e_influencia_global\" >Legado e influ\u00eancia global<\/a><\/li><\/ul><\/li><li class='ez-toc-page-1 ez-toc-heading-level-2'><a class=\"ez-toc-link ez-toc-heading-5\" href=\"https:\/\/mensagensqueinspiram.com.br\/en\/karl-marx\/#As_bases_do_pensamento_de_Karl_Marx\" >As bases do pensamento de Karl Marx<\/a><ul class='ez-toc-list-level-3' ><li class='ez-toc-heading-level-3'><a class=\"ez-toc-link ez-toc-heading-6\" href=\"https:\/\/mensagensqueinspiram.com.br\/en\/karl-marx\/#Materialismo_historico_dialetico\" >Materialismo hist\u00f3rico dial\u00e9tico<\/a><\/li><li class='ez-toc-page-1 ez-toc-heading-level-3'><a class=\"ez-toc-link ez-toc-heading-7\" href=\"https:\/\/mensagensqueinspiram.com.br\/en\/karl-marx\/#Critica_ao_capitalismo\" >Cr\u00edtica ao capitalismo<\/a><\/li><li class='ez-toc-page-1 ez-toc-heading-level-3'><a class=\"ez-toc-link ez-toc-heading-8\" href=\"https:\/\/mensagensqueinspiram.com.br\/en\/karl-marx\/#Conceito_de_luta_de_classes\" >Conceito de luta de classes<\/a><\/li><\/ul><\/li><li class='ez-toc-page-1 ez-toc-heading-level-2'><a class=\"ez-toc-link ez-toc-heading-9\" href=\"https:\/\/mensagensqueinspiram.com.br\/en\/karl-marx\/#O_Manifesto_Comunista_e_sua_importancia\" >O Manifesto Comunista e sua import\u00e2ncia<\/a><ul class='ez-toc-list-level-3' ><li class='ez-toc-heading-level-3'><a class=\"ez-toc-link ez-toc-heading-10\" href=\"https:\/\/mensagensqueinspiram.com.br\/en\/karl-marx\/#Contexto_historico_da_publicacao\" >Contexto hist\u00f3rico da publica\u00e7\u00e3o<\/a><\/li><li class='ez-toc-page-1 ez-toc-heading-level-3'><a class=\"ez-toc-link ez-toc-heading-11\" href=\"https:\/\/mensagensqueinspiram.com.br\/en\/karl-marx\/#Principais_ideias_revolucionarias\" >Principais ideias revolucion\u00e1rias<\/a><\/li><\/ul><\/li><li class='ez-toc-page-1 ez-toc-heading-level-2'><a class=\"ez-toc-link ez-toc-heading-12\" href=\"https:\/\/mensagensqueinspiram.com.br\/en\/karl-marx\/#O_Capital_analise_do_sistema_capitalista\" >O Capital: an\u00e1lise do sistema capitalista<\/a><ul class='ez-toc-list-level-3' ><li class='ez-toc-heading-level-3'><a class=\"ez-toc-link ez-toc-heading-13\" href=\"https:\/\/mensagensqueinspiram.com.br\/en\/karl-marx\/#A_teoria_da_mais-valia\" >A teoria da mais-valia<\/a><\/li><li class='ez-toc-page-1 ez-toc-heading-level-3'><a class=\"ez-toc-link ez-toc-heading-14\" href=\"https:\/\/mensagensqueinspiram.com.br\/en\/karl-marx\/#Alienacao_do_trabalhador\" >Aliena\u00e7\u00e3o do trabalhador<\/a><\/li><\/ul><\/li><li class='ez-toc-page-1 ez-toc-heading-level-2'><a class=\"ez-toc-link ez-toc-heading-15\" href=\"https:\/\/mensagensqueinspiram.com.br\/en\/karl-marx\/#Marx_e_a_Sociologia\" >Marx e a Sociologia<\/a><ul class='ez-toc-list-level-3' ><li class='ez-toc-heading-level-3'><a class=\"ez-toc-link ez-toc-heading-16\" href=\"https:\/\/mensagensqueinspiram.com.br\/en\/karl-marx\/#Contribuicoes_para_a_analise_social\" >Contribui\u00e7\u00f5es para a an\u00e1lise social<\/a><\/li><li class='ez-toc-page-1 ez-toc-heading-level-3'><a class=\"ez-toc-link ez-toc-heading-17\" href=\"https:\/\/mensagensqueinspiram.com.br\/en\/karl-marx\/#Diferencas_com_Durkheim_e_Weber\" >Diferen\u00e7as com Durkheim e Weber<\/a><\/li><\/ul><\/li><li class='ez-toc-page-1 ez-toc-heading-level-2'><a class=\"ez-toc-link ez-toc-heading-18\" href=\"https:\/\/mensagensqueinspiram.com.br\/en\/karl-marx\/#Principais_obras_de_Karl_Marx\" >Principais obras de Karl Marx<\/a><ul class='ez-toc-list-level-3' ><li class='ez-toc-heading-level-3'><a class=\"ez-toc-link ez-toc-heading-19\" href=\"https:\/\/mensagensqueinspiram.com.br\/en\/karl-marx\/#Manifesto_do_Partido_Comunista\" >Manifesto do Partido Comunista<\/a><\/li><li class='ez-toc-page-1 ez-toc-heading-level-3'><a class=\"ez-toc-link ez-toc-heading-20\" href=\"https:\/\/mensagensqueinspiram.com.br\/en\/karl-marx\/#A_Ideologia_Alema\" >A Ideologia Alem\u00e3<\/a><\/li><li class='ez-toc-page-1 ez-toc-heading-level-3'><a class=\"ez-toc-link ez-toc-heading-21\" href=\"https:\/\/mensagensqueinspiram.com.br\/en\/karl-marx\/#Contribuicao_para_a_Critica_da_Economia_Politica\" >Contribui\u00e7\u00e3o para a Cr\u00edtica da Economia Pol\u00edtica<\/a><\/li><\/ul><\/li><li class='ez-toc-page-1 ez-toc-heading-level-2'><a class=\"ez-toc-link ez-toc-heading-22\" href=\"https:\/\/mensagensqueinspiram.com.br\/en\/karl-marx\/#60_Frases_Inspiradoras_de_Karl_Marx\" >60 Frases Inspiradoras de Karl Marx<\/a><\/li><li class='ez-toc-page-1 ez-toc-heading-level-2'><a class=\"ez-toc-link ez-toc-heading-23\" href=\"https:\/\/mensagensqueinspiram.com.br\/en\/karl-marx\/#O_marxismo_na_atualidade\" >O marxismo na atualidade<\/a><ul class='ez-toc-list-level-3' ><li class='ez-toc-heading-level-3'><a class=\"ez-toc-link ez-toc-heading-24\" href=\"https:\/\/mensagensqueinspiram.com.br\/en\/karl-marx\/#Relevancia_das_ideias_de_Marx_hoje\" >Relev\u00e2ncia das ideias de Marx hoje<\/a><\/li><li class='ez-toc-page-1 ez-toc-heading-level-3'><a class=\"ez-toc-link ez-toc-heading-25\" href=\"https:\/\/mensagensqueinspiram.com.br\/en\/karl-marx\/#Influencia_em_movimentos_sociais\" >Influ\u00eancia em movimentos sociais<\/a><\/li><\/ul><\/li><li class='ez-toc-page-1 ez-toc-heading-level-2'><a class=\"ez-toc-link ez-toc-heading-26\" href=\"https:\/\/mensagensqueinspiram.com.br\/en\/karl-marx\/#Conclusao\" >Conclus\u00e3o<\/a><\/li><li class='ez-toc-page-1 ez-toc-heading-level-2'><a class=\"ez-toc-link ez-toc-heading-27\" href=\"https:\/\/mensagensqueinspiram.com.br\/en\/karl-marx\/#FAQ\" >FAQ<\/a><ul class='ez-toc-list-level-3' ><li class='ez-toc-heading-level-3'><a class=\"ez-toc-link ez-toc-heading-28\" href=\"https:\/\/mensagensqueinspiram.com.br\/en\/karl-marx\/#Q_Quem_foi_Karl_Marx\" >Q: Quem foi Karl Marx?<\/a><\/li><li class='ez-toc-page-1 ez-toc-heading-level-3'><a class=\"ez-toc-link ez-toc-heading-29\" href=\"https:\/\/mensagensqueinspiram.com.br\/en\/karl-marx\/#Q_Qual_e_a_importancia_do_Manifesto_Comunista\" >Q: Qual \u00e9 a import\u00e2ncia do Manifesto Comunista?<\/a><\/li><li class='ez-toc-page-1 ez-toc-heading-level-3'><a class=\"ez-toc-link ez-toc-heading-30\" href=\"https:\/\/mensagensqueinspiram.com.br\/en\/karl-marx\/#Q_O_que_e_a_teoria_da_mais-valia\" >Q: O que \u00e9 a teoria da mais-valia?<\/a><\/li><li class='ez-toc-page-1 ez-toc-heading-level-3'><a class=\"ez-toc-link ez-toc-heading-31\" href=\"https:\/\/mensagensqueinspiram.com.br\/en\/karl-marx\/#Q_Como_Marx_contribuiu_para_a_Sociologia\" >Q: Como Marx contribuiu para a Sociologia?<\/a><\/li><li class='ez-toc-page-1 ez-toc-heading-level-3'><a class=\"ez-toc-link ez-toc-heading-32\" href=\"https:\/\/mensagensqueinspiram.com.br\/en\/karl-marx\/#Q_Quais_sao_as_principais_obras_de_Karl_Marx\" >Q: Quais s\u00e3o as principais obras de Karl Marx?<\/a><\/li><li class='ez-toc-page-1 ez-toc-heading-level-3'><a class=\"ez-toc-link ez-toc-heading-33\" href=\"https:\/\/mensagensqueinspiram.com.br\/en\/karl-marx\/#Q_As_ideias_de_Marx_ainda_sao_relevantes_hoje\" >Q: As ideias de Marx ainda s\u00e3o relevantes hoje?<\/a><\/li><li class='ez-toc-page-1 ez-toc-heading-level-3'><a class=\"ez-toc-link ez-toc-heading-34\" href=\"https:\/\/mensagensqueinspiram.com.br\/en\/karl-marx\/#Q_O_que_e_o_materialismo_historico_dialetico\" >Q: O que \u00e9 o materialismo hist\u00f3rico dial\u00e9tico?<\/a><\/li><li class='ez-toc-page-1 ez-toc-heading-level-3'><a class=\"ez-toc-link ez-toc-heading-35\" href=\"https:\/\/mensagensqueinspiram.com.br\/en\/karl-marx\/#Q_Como_Marx_via_a_alienacao_do_trabalhador\" >Q: Como Marx via a aliena\u00e7\u00e3o do trabalhador?<\/a><\/li><\/ul><\/li><li class='ez-toc-page-1 ez-toc-heading-level-2'><a class=\"ez-toc-link ez-toc-heading-36\" href=\"https:\/\/mensagensqueinspiram.com.br\/en\/karl-marx\/#Links_de_Fontes\" >Links de Fontes<\/a><\/li><\/ul><\/nav><\/div>\n\n<p>J\u00e1 parou para pensar como as ideias de um <a href=\"https:\/\/mensagensqueinspiram.com.br\/en\/aristoteles-e-a-sabedoria-que-transcende-o-tempo\/\">fil\u00f3sofo<\/a> do s\u00e9culo XIX ainda ecoam no <strong>mundo<\/strong> atual? As reflex\u00f5es sobre <em>trabalho<\/em>, <em>sociedade<\/em> e <em>capitalismo<\/em> propostas por Karl Marx continuam a desafiar e inspirar gera\u00e7\u00f5es. <\/p>\n\n\n\n<p>Sua <strong>obra<\/strong> n\u00e3o apenas analisou a <em>hist\u00f3ria<\/em>, mas tamb\u00e9m ofereceu uma <strong>teoria<\/strong> transformadora para entender as rela\u00e7\u00f5es humanas.<\/p>\n\n\n\n<p>Marx dedicou sua vida a estudar os <em>meios de produ\u00e7\u00e3o<\/em> e como eles moldam a vida das pessoas. Suas frases, extra\u00eddas de livros como <em>O Capital<\/em> e o <em>Manifesto Comunista<\/em>, revelam insights profundos sobre a luta de classes e a busca por uma sociedade mais justa.<\/p>\n\n\n\n<p>Muitas dessas cita\u00e7\u00f5es, embora escritas h\u00e1 mais de um s\u00e9culo, parecem falar diretamente com os desafios que enfrentamos hoje.<\/p>\n\n\n\n<p>Neste artigo, voc\u00ea encontrar\u00e1 60 frases marcantes de suas principais obras, algumas pouco conhecidas, mas igualmente impactantes. Prepare-se para mergulhar em pensamentos que desafiam o status quo e convidam \u00e0 <a href=\"https:\/\/mensagensqueinspiram.com.br\/en\/reflexoes-inspiradoras\/\">reflex\u00e3o<\/a> sobre o <strong>mundo<\/strong> em que vivemos.<\/p>\n\n\n\n<h2 class=\"wp-block-heading\"><span class=\"ez-toc-section\" id=\"Quem_foi_Karl_Marx\"><\/span>Quem foi Karl Marx?<span class=\"ez-toc-section-end\"><\/span><\/h2>\n\n\n\n<p>Voc\u00ea j\u00e1 se perguntou como a trajet\u00f3ria de um pensador moldou o s\u00e9culo XIX e al\u00e9m? Nascido em 1818, em Tr\u00e9veris, na Pr\u00fassia, ele cresceu em uma fam\u00edlia judia que se converteu ao luteranismo. <\/p>\n\n\n\n<p>Sua forma\u00e7\u00e3o acad\u00eamica em Direito e Filosofia nas universidades de Bonn e Berlim foi o in\u00edcio de uma jornada intelectual que transformaria o mundo.<\/p>\n\n\n\n<h3 class=\"wp-block-heading\"><span class=\"ez-toc-section\" id=\"Vida_e_formacao_intelectual\"><\/span>Vida e forma\u00e7\u00e3o intelectual<span class=\"ez-toc-section-end\"><\/span><\/h3>\n\n\n\n<p>Desde cedo, ele demonstrou interesse por quest\u00f5es sociais e filos\u00f3ficas. Seu doutorado em Filosofia pela Universidade de Jena, em 1841, marcou o in\u00edcio de sua carreira como te\u00f3rico.<\/p>\n\n\n\n<p>Casou-se com <em>Jenny von Westphalen<\/em> em 1843, uma uni\u00e3o que n\u00e3o apenas fortaleceu sua vida pessoal, mas tamb\u00e9m influenciou sua trajet\u00f3ria pol\u00edtica.<\/p>\n\n\n\n<h3 class=\"wp-block-heading\"><span class=\"ez-toc-section\" id=\"Exilio_e_colaboracao_com_Engels\"><\/span>Ex\u00edlio e colabora\u00e7\u00e3o com Engels<span class=\"ez-toc-section-end\"><\/span><\/h3>\n\n\n\n<p>Por suas ideias revolucion\u00e1rias, ele enfrentou o ex\u00edlio em Paris, Bruxelas e, finalmente, Londres. Foi em Londres que viveu anos de dificuldades financeiras, mas tamb\u00e9m onde consolidou sua parceria com <strong>Friedrich Engels<\/strong>. <\/p>\n\n\n\n<p>Juntos, desenvolveram o <em>socialismo cient\u00edfico<\/em>, uma teoria que analisava as rela\u00e7\u00f5es de classe e propunha transforma\u00e7\u00f5es sociais profundas.<\/p>\n\n\n\n<h3 class=\"wp-block-heading\"><span class=\"ez-toc-section\" id=\"Legado_e_influencia_global\"><\/span>Legado e influ\u00eancia global<span class=\"ez-toc-section-end\"><\/span><\/h3>\n\n\n\n<p>O impacto de suas ideias ultrapassou o s\u00e9culo XIX, influenciando movimentos sociais e pol\u00edticos em todo o mundo. Sua an\u00e1lise sobre a luta de classes e a cr\u00edtica ao capitalismo continuam a inspirar debates e a\u00e7\u00f5es em prol de uma sociedade mais justa.<\/p>\n\n\n\n<blockquote class=\"wp-block-quote is-layout-flow wp-block-quote-is-layout-flow\">\n<p>&#8220;A hist\u00f3ria de toda a sociedade at\u00e9 aqui \u00e9 a hist\u00f3ria das lutas de classes.&#8221;<\/p>\n<\/blockquote>\n\n\n\n<p>Para entender mais sobre pensadores que transformaram a filosofia, confira <a href=\"https:\/\/mensagensqueinspiram.com.br\/50-frases-inspiradoras-de-friedrich-nietzsche\/\" target=\"_blank\" rel=\"noopener\">50 frases inspiradoras de Friedrich Nietzsche<\/a>.<\/p>\n\n\n\n<h2 class=\"wp-block-heading\"><span class=\"ez-toc-section\" id=\"As_bases_do_pensamento_de_Karl_Marx\"><\/span>As bases do pensamento de Karl Marx<span class=\"ez-toc-section-end\"><\/span><\/h2>\n\n\n\n<p>Como as bases do pensamento de um te\u00f3rico revolucion\u00e1rio moldaram a compreens\u00e3o da sociedade? As ideias de Marx se apoiam em tr\u00eas pilares fundamentais: o materialismo hist\u00f3rico dial\u00e9tico, a cr\u00edtica ao capitalismo e o conceito de luta de classes. <\/p>\n\n\n\n<p>Esses elementos formam a espinha dorsal de sua <strong>teoria<\/strong>, que busca desvendar as rela\u00e7\u00f5es de <em>produ\u00e7\u00e3o<\/em> e suas consequ\u00eancias sociais.<\/p>\n\n\n<div class=\"wp-block-image\">\n<figure class=\"aligncenter\"><img loading=\"lazy\" decoding=\"async\" width=\"1024\" height=\"585\" src=\"https:\/\/mensagensqueinspiram.com.br\/wp-content\/uploads\/2025\/03\/Bases-do-pensamento-de-Karl-Marx-1024x585.jpeg\" alt=\"Bases do pensamento de Karl Marx\" class=\"wp-image-1131\" title=\"Bases do pensamento de Karl Marx\" srcset=\"https:\/\/mensagensqueinspiram.com.br\/wp-content\/uploads\/2025\/03\/Bases-do-pensamento-de-Karl-Marx-1024x585.jpeg 1024w, https:\/\/mensagensqueinspiram.com.br\/wp-content\/uploads\/2025\/03\/Bases-do-pensamento-de-Karl-Marx-300x171.jpeg 300w, https:\/\/mensagensqueinspiram.com.br\/wp-content\/uploads\/2025\/03\/Bases-do-pensamento-de-Karl-Marx-768x439.jpeg 768w, https:\/\/mensagensqueinspiram.com.br\/wp-content\/uploads\/2025\/03\/Bases-do-pensamento-de-Karl-Marx-640x366.jpeg 640w, https:\/\/mensagensqueinspiram.com.br\/wp-content\/uploads\/2025\/03\/Bases-do-pensamento-de-Karl-Marx.jpeg 1344w\" sizes=\"auto, (max-width: 1024px) 100vw, 1024px\" \/><\/figure>\n<\/div>\n\n\n<h3 class=\"wp-block-heading\"><span class=\"ez-toc-section\" id=\"Materialismo_historico_dialetico\"><\/span>Materialismo hist\u00f3rico dial\u00e9tico<span class=\"ez-toc-section-end\"><\/span><\/h3>\n\n\n\n<p>O materialismo hist\u00f3rico dial\u00e9tico \u00e9 um m\u00e9todo de <em>an\u00e1lise<\/em> que contrasta com o idealismo hegeliano. <\/p>\n\n\n\n<p>Ele prop\u00f5e que a <strong>economia<\/strong> e as rela\u00e7\u00f5es de <em>produ\u00e7\u00e3o<\/em> s\u00e3o a base da estrutura social. Segundo essa vis\u00e3o, a infraestrutura econ\u00f4mica determina a superestrutura cultural, pol\u00edtica e jur\u00eddica. <\/p>\n\n\n\n<p>Essa abordagem revela como as mudan\u00e7as na <em>produ\u00e7\u00e3o<\/em> influenciam o desenvolvimento hist\u00f3rico.<\/p>\n\n\n\n<h3 class=\"wp-block-heading\"><span class=\"ez-toc-section\" id=\"Critica_ao_capitalismo\"><\/span>Cr\u00edtica ao capitalismo<span class=\"ez-toc-section-end\"><\/span><\/h3>\n\n\n\n<p>Marx dedicou grande parte de sua obra a criticar o sistema capitalista. Ele argumentava que o <em>trabalho<\/em> \u00e9 explorado para gerar <strong>valor<\/strong>, mas os trabalhadores n\u00e3o recebem a justa compensa\u00e7\u00e3o por seu esfor\u00e7o. <\/p>\n\n\n\n<p>Essa explora\u00e7\u00e3o, segundo ele, leva \u00e0 aliena\u00e7\u00e3o do trabalhador, que perde o controle sobre o fruto de seu <em>trabalho<\/em>. Para entender mais sobre essa <em>cr\u00edtica \u00e0 economia pol\u00edtica<\/em>, confira <a href=\"https:\/\/www.brasilparalelo.com.br\/artigos\/principais-ideias-de-karl-marx\" target=\"_blank\" rel=\"noopener\">principais ideias de Karl Marx<\/a>.<\/p>\n\n\n\n<h3 class=\"wp-block-heading\"><span class=\"ez-toc-section\" id=\"Conceito_de_luta_de_classes\"><\/span>Conceito de luta de classes<span class=\"ez-toc-section-end\"><\/span><\/h3>\n\n\n\n<p>A luta de classes \u00e9 um conceito central na teoria marxista. Marx via a hist\u00f3ria como uma s\u00e9rie de conflitos entre classes sociais, especialmente entre a burguesia e o proletariado. <\/p>\n\n\n\n<p>Esses conflitos surgem da divis\u00e3o entre os donos dos meios de <em>produ\u00e7\u00e3o<\/em> e aqueles que vendem sua for\u00e7a de <em>trabalho<\/em>. Essa <strong>luta<\/strong> \u00e9 vista como o motor das transforma\u00e7\u00f5es sociais e pol\u00edticas ao longo da hist\u00f3ria.<\/p>\n\n\n\n<blockquote class=\"wp-block-quote is-layout-flow wp-block-quote-is-layout-flow\">\n<p>&#8220;A hist\u00f3ria de toda a sociedade at\u00e9 aqui \u00e9 a hist\u00f3ria das lutas de classes.&#8221;<\/p>\n<\/blockquote>\n\n\n\n<p>Essa frase resume a ess\u00eancia da vis\u00e3o marxista sobre a din\u00e2mica social. Para explorar mais sobre pensadores que transformaram a filosofia, confira <a href=\"https:\/\/mensagensqueinspiram.com.br\/a-profunda-sabedoria-de-democrito\/\" target=\"_blank\" rel=\"noopener\">a profunda sabedoria de Dem\u00f3crito<\/a>.<\/p>\n\n\n\n<h2 class=\"wp-block-heading\"><span class=\"ez-toc-section\" id=\"O_Manifesto_Comunista_e_sua_importancia\"><\/span>O Manifesto Comunista e sua import\u00e2ncia<span class=\"ez-toc-section-end\"><\/span><\/h2>\n\n\n\n<p>Voc\u00ea j\u00e1 imaginou como um documento escrito h\u00e1 mais de 170 anos ainda influencia debates sociais e pol\u00edticos? O <strong>Manifesto Comunista<\/strong>, publicado em 1848, continua sendo uma refer\u00eancia para entender as desigualdades e a luta por justi\u00e7a social. <\/p>\n\n\n\n<p>Escrito durante a <em>Primavera dos Povos<\/em>, um per\u00edodo de revoltas populares na Europa, o manifesto prop\u00f4s mudan\u00e7as radicais na estrutura da sociedade.<\/p>\n\n\n\n<h3 class=\"wp-block-heading\"><span class=\"ez-toc-section\" id=\"Contexto_historico_da_publicacao\"><\/span>Contexto hist\u00f3rico da publica\u00e7\u00e3o<span class=\"ez-toc-section-end\"><\/span><\/h3>\n\n\n\n<p>O <strong>Manifesto Comunista<\/strong> foi lan\u00e7ado em um momento de grande agita\u00e7\u00e3o social. A Revolu\u00e7\u00e3o Industrial havia transformado a economia, mas tamb\u00e9m aumentado a explora\u00e7\u00e3o da <em>classe oper\u00e1ria<\/em>. <\/p>\n\n\n\n<p>Movimentos revolucion\u00e1rios eclodiram em v\u00e1rios pa\u00edses, exigindo direitos trabalhistas e melhores condi\u00e7\u00f5es de vida. Nesse cen\u00e1rio, o manifesto surgiu como um chamado \u00e0 uni\u00e3o dos trabalhadores contra a <em>burguesia<\/em>.<\/p>\n\n\n\n<h3 class=\"wp-block-heading\"><span class=\"ez-toc-section\" id=\"Principais_ideias_revolucionarias\"><\/span>Principais ideias revolucion\u00e1rias<span class=\"ez-toc-section-end\"><\/span><\/h3>\n\n\n\n<p>O documento apresentou ideias que desafiaram a ordem estabelecida. Uma das frases mais marcantes \u00e9:<\/p>\n\n\n\n<blockquote class=\"wp-block-quote is-layout-flow wp-block-quote-is-layout-flow\">\n<p>&#8220;Um espectro ronda a Europa \u2013 o espectro do comunismo.&#8221;<\/p>\n<\/blockquote>\n\n\n\n<p>Essa abertura simbolizava a amea\u00e7a que as ideias comunistas representavam para a elite dominante. <\/p>\n\n\n\n<p>O manifesto tamb\u00e9m defendia a aboli\u00e7\u00e3o da propriedade privada e a constru\u00e7\u00e3o de uma sociedade sem classes, onde o<em>proletariado<\/em>assumiria o controle dos meios de produ\u00e7\u00e3o.<\/p>\n\n\n\n<p>Al\u00e9m disso, o texto discutiu a necessidade de uma <strong>revolu\u00e7\u00e3o<\/strong> para alcan\u00e7ar o socialismo, etapa intermedi\u00e1ria para o comunismo. <\/p>\n\n\n\n<p>Essas ideias influenciaram movimentos sociais e pol\u00edticos ao longo do <em>s\u00e9culo<\/em> XIX e XX, e continuam relevantes para a an\u00e1lise das desigualdades sociais atuais.<\/p>\n\n\n\n<figure class=\"wp-block-table\"><table class=\"has-fixed-layout\"><tbody><tr><th>Impacto do Manifesto Comunista<\/th><th>Descri\u00e7\u00e3o<\/th><\/tr><tr><td>Influ\u00eancia nos movimentos socialistas<\/td><td>Inspirou sindicatos e partidos pol\u00edticos em toda a Europa.<\/td><\/tr><tr><td>Tradu\u00e7\u00f5es e difus\u00e3o<\/td><td>Foi traduzido para mais de 100 idiomas, ampliando seu alcance global.<\/td><\/tr><tr><td>Relev\u00e2ncia atual<\/td><td>Continua a ser estudado como refer\u00eancia para entender as rela\u00e7\u00f5es de classe.<\/td><\/tr><\/tbody><\/table><\/figure>\n\n\n\n<h2 class=\"wp-block-heading\"><span class=\"ez-toc-section\" id=\"O_Capital_analise_do_sistema_capitalista\"><\/span>O Capital: an\u00e1lise do sistema capitalista<span class=\"ez-toc-section-end\"><\/span><\/h2>\n\n\n\n<p>Voc\u00ea j\u00e1 refletiu sobre como o sistema capitalista molda nossas vidas di\u00e1rias? Publicado em 1867, <em>O Capital<\/em> \u00e9 uma obra fundamental para entender as din\u00e2micas da <strong>economia pol\u00edtica<\/strong>. <\/p>\n\n\n\n<p>Nela, o autor analisa como a <em>produ\u00e7\u00e3o<\/em> de mercadorias e a acumula\u00e7\u00e3o de <strong>valor<\/strong> sustentam o modo de vida moderno.<\/p>\n\n\n\n<h3 class=\"wp-block-heading\"><span class=\"ez-toc-section\" id=\"A_teoria_da_mais-valia\"><\/span>A teoria da mais-valia<span class=\"ez-toc-section-end\"><\/span><\/h3>\n\n\n\n<p>Um dos conceitos centrais de <em>O Capital<\/em> \u00e9 a <strong>mais-valia<\/strong>. Ela explica como os <em>trabalhadores<\/em> produzem mais <strong>valor<\/strong> do que recebem em sal\u00e1rios. Essa diferen\u00e7a \u00e9 apropriada pelos capitalistas, gerando lucro. <\/p>\n\n\n\n<p>Um exemplo cl\u00e1ssico \u00e9 a jornada de trabalho na Inglaterra vitoriana, onde oper\u00e1rios labutavam por horas sem receber o justo retorno.<\/p>\n\n\n\n<p>Marx tamb\u00e9m destacou o <em>fetichismo da mercadoria<\/em>, que obscurece as rela\u00e7\u00f5es sociais por tr\u00e1s da <em>produ\u00e7\u00e3o<\/em>. As mercadorias parecem ter vida pr\u00f3pria, escondendo a explora\u00e7\u00e3o dos <em>trabalhadores<\/em>. <\/p>\n\n\n\n<p>Para entender mais sobre essa <a href=\"https:\/\/revistas.fucamp.edu.br\/index.php\/cadernos\/article\/view\/3620\/2252\" target=\"_blank\" rel=\"noopener\">cr\u00edtica \u00e0 economia pol\u00edtica<\/a>, explore an\u00e1lises detalhadas.<\/p>\n\n\n\n<h3 class=\"wp-block-heading\"><span class=\"ez-toc-section\" id=\"Alienacao_do_trabalhador\"><\/span>Aliena\u00e7\u00e3o do trabalhador<span class=\"ez-toc-section-end\"><\/span><\/h3>\n\n\n\n<p>A aliena\u00e7\u00e3o \u00e9 outro tema crucial. No sistema capitalista, o <em>trabalho<\/em> deixa de ser uma express\u00e3o da criatividade humana e se torna uma atividade for\u00e7ada. <\/p>\n\n\n\n<p>O trabalhador se distancia do produto de seu esfor\u00e7o, que passa a pertencer a outro. Essa separa\u00e7\u00e3o afeta n\u00e3o apenas a <em>produ\u00e7\u00e3o<\/em>, mas tamb\u00e9m a sa\u00fade mental dos oper\u00e1rios.<\/p>\n\n\n\n<blockquote class=\"wp-block-quote is-layout-flow wp-block-quote-is-layout-flow\">\n<p>&#8220;O trabalhador se torna mais pobre quanto mais riqueza produz.&#8221;<\/p>\n<\/blockquote>\n\n\n\n<p>Essa frase resume a ess\u00eancia da aliena\u00e7\u00e3o. Comparando o <em>trabalho<\/em> artesanal com o industrial, vemos como o processo produtivo moderno afasta o indiv\u00edduo de sua pr\u00f3pria humanidade. A busca por uma sociedade mais justa passa, portanto, por superar essas contradi\u00e7\u00f5es.<\/p>\n\n\n\n<h2 class=\"wp-block-heading\"><span class=\"ez-toc-section\" id=\"Marx_e_a_Sociologia\"><\/span>Marx e a Sociologia<span class=\"ez-toc-section-end\"><\/span><\/h2>\n\n\n\n<p>Voc\u00ea j\u00e1 refletiu sobre como as ideias de um pensador revolucion\u00e1rio moldaram a forma como entendemos a <strong>sociedade<\/strong>? Considerado um dos pais da <em>sociologia cr\u00edtica<\/em>, ele trouxe uma nova perspectiva sobre as rela\u00e7\u00f5es humanas, enfatizando os conflitos e as transforma\u00e7\u00f5es sociais.<\/p>\n\n\n\n<h3 class=\"wp-block-heading\"><span class=\"ez-toc-section\" id=\"Contribuicoes_para_a_analise_social\"><\/span>Contribui\u00e7\u00f5es para a an\u00e1lise social<span class=\"ez-toc-section-end\"><\/span><\/h3>\n\n\n\n<p>Uma das principais contribui\u00e7\u00f5es foi o desenvolvimento do <strong>materialismo hist\u00f3rico<\/strong>. <\/p>\n\n\n\n<p>Essa abordagem analisa como as estruturas econ\u00f4micas influenciam a <em>cultura<\/em> e a <em>organiza\u00e7\u00e3o<\/em> social. Ao contr\u00e1rio de outros te\u00f3ricos, ele focou nos conflitos de classe como motor das mudan\u00e7as hist\u00f3ricas.<\/p>\n\n\n\n<p>Outro aspecto importante \u00e9 a cr\u00edtica \u00e0s institui\u00e7\u00f5es religiosas. Segundo ele, a religi\u00e3o era parte da superestrutura que mantinha a domina\u00e7\u00e3o da <em>burguesia<\/em> sobre o proletariado. Essa vis\u00e3o contrasta com a ideia de consenso proposta por outros pensadores.<\/p>\n\n\n\n<h3 class=\"wp-block-heading\"><span class=\"ez-toc-section\" id=\"Diferencas_com_Durkheim_e_Weber\"><\/span>Diferen\u00e7as com Durkheim e Weber<span class=\"ez-toc-section-end\"><\/span><\/h3>\n\n\n\n<p>Enquanto Durkheim focava na coes\u00e3o social e no consenso, a <em>teoria marxista<\/em> destacava os conflitos como centrais para a transforma\u00e7\u00e3o da <strong>sociedade<\/strong>. J\u00e1 Weber, embora tamb\u00e9m analisasse as rela\u00e7\u00f5es de poder, dava mais \u00eanfase \u00e0 burocracia e \u00e0 racionaliza\u00e7\u00e3o.<\/p>\n\n\n\n<p>Marx criticou a divis\u00e3o social do trabalho proposta por Durkheim, argumentando que ela refor\u00e7ava a explora\u00e7\u00e3o dos trabalhadores. Sua vis\u00e3o sobre a <em>forma<\/em> como o capitalismo organiza a produ\u00e7\u00e3o continua a influenciar debates sociol\u00f3gicos at\u00e9 hoje.<\/p>\n\n\n\n<blockquote class=\"wp-block-quote is-layout-flow wp-block-quote-is-layout-flow\">\n<p>&#8220;A hist\u00f3ria de toda a sociedade at\u00e9 aqui \u00e9 a hist\u00f3ria das lutas de classes.&#8221;<\/p>\n<\/blockquote>\n\n\n\n<p>Essa frase resume a ess\u00eancia da <em>an\u00e1lise<\/em> marxista, que influenciou te\u00f3ricos cr\u00edticos e movimentos sociais ao longo do s\u00e9culo XX. Suas ideias continuam a desafiar e inspirar novas gera\u00e7\u00f5es.<\/p>\n\n\n\n<h2 class=\"wp-block-heading\"><span class=\"ez-toc-section\" id=\"Principais_obras_de_Karl_Marx\"><\/span>Principais obras de Karl Marx<span class=\"ez-toc-section-end\"><\/span><\/h2>\n\n\n\n<p>Voc\u00ea j\u00e1 explorou as principais obras que moldaram o pensamento cr\u00edtico sobre a sociedade? As contribui\u00e7\u00f5es desse te\u00f3rico revolucion\u00e1rio continuam a influenciar debates sobre <em>produ\u00e7\u00e3o<\/em>, <em>classe<\/em> e <em>transforma\u00e7\u00e3o social<\/em>. <\/p>\n\n\n\n<p>Suas <strong>obras<\/strong> s\u00e3o fundamentais para entender as din\u00e2micas da <em>\u00e9poca<\/em> e suas repercuss\u00f5es at\u00e9 hoje.<\/p>\n\n\n<div class=\"wp-block-image\">\n<figure class=\"aligncenter\"><img loading=\"lazy\" decoding=\"async\" width=\"1024\" height=\"585\" src=\"https:\/\/mensagensqueinspiram.com.br\/wp-content\/uploads\/2025\/03\/Principais-obras-de-Karl-Marx-1024x585.jpeg\" alt=\"Principais obras de Karl Marx\" class=\"wp-image-1132\" title=\"Principais obras de Karl Marx\" srcset=\"https:\/\/mensagensqueinspiram.com.br\/wp-content\/uploads\/2025\/03\/Principais-obras-de-Karl-Marx-1024x585.jpeg 1024w, https:\/\/mensagensqueinspiram.com.br\/wp-content\/uploads\/2025\/03\/Principais-obras-de-Karl-Marx-300x171.jpeg 300w, https:\/\/mensagensqueinspiram.com.br\/wp-content\/uploads\/2025\/03\/Principais-obras-de-Karl-Marx-768x439.jpeg 768w, https:\/\/mensagensqueinspiram.com.br\/wp-content\/uploads\/2025\/03\/Principais-obras-de-Karl-Marx-640x366.jpeg 640w, https:\/\/mensagensqueinspiram.com.br\/wp-content\/uploads\/2025\/03\/Principais-obras-de-Karl-Marx.jpeg 1344w\" sizes=\"auto, (max-width: 1024px) 100vw, 1024px\" \/><\/figure>\n<\/div>\n\n\n<h3 class=\"wp-block-heading\"><span class=\"ez-toc-section\" id=\"Manifesto_do_Partido_Comunista\"><\/span>Manifesto do Partido Comunista<span class=\"ez-toc-section-end\"><\/span><\/h3>\n\n\n\n<p>Escrito em 1848, o <strong>Manifesto Comunista<\/strong> \u00e9 uma das obras mais impactantes. Ele defende a uni\u00e3o dos trabalhadores contra a explora\u00e7\u00e3o da <em>burguesia<\/em>. A frase inicial,<\/p>\n\n\n\n<blockquote class=\"wp-block-quote is-layout-flow wp-block-quote-is-layout-flow\">\n<p>&#8220;Um espectro ronda a Europa \u2013 o espectro do comunismo&#8221;<\/p>\n<\/blockquote>\n\n\n\n<p>, simboliza a amea\u00e7a que as ideias revolucion\u00e1rias representavam para a elite.<\/p>\n\n\n\n<p>O manifesto prop\u00f4s a aboli\u00e7\u00e3o da propriedade privada e a constru\u00e7\u00e3o de uma sociedade sem classes. Sua influ\u00eancia se estendeu a movimentos sociais e pol\u00edticos em todo o mundo, inspirando lutas por justi\u00e7a e igualdade.<\/p>\n\n\n\n<h3 class=\"wp-block-heading\"><span class=\"ez-toc-section\" id=\"A_Ideologia_Alema\"><\/span>A Ideologia Alem\u00e3<span class=\"ez-toc-section-end\"><\/span><\/h3>\n\n\n\n<p>Escrita entre 1845 e 1846, <em>A Ideologia Alem\u00e3<\/em> \u00e9 uma cr\u00edtica ao idealismo filos\u00f3fico. <\/p>\n\n\n\n<p>A obra introduz o conceito de <strong>materialismo hist\u00f3rico<\/strong>, que analisa como as rela\u00e7\u00f5es de <em>produ\u00e7\u00e3o<\/em> moldam a sociedade. <\/p>\n\n\n\n<p>Ela foi escrita em parceria com Friedrich Engels, consolidando uma colabora\u00e7\u00e3o intelectual que transformaria o pensamento cr\u00edtico.<\/p>\n\n\n\n<p>Essa obra \u00e9 essencial para entender a <em>forma<\/em> como as estruturas econ\u00f4micas influenciam a cultura e a pol\u00edtica. Suas ideias continuam a ser estudadas e debatidas, especialmente no contexto das desigualdades sociais.<\/p>\n\n\n\n<h3 class=\"wp-block-heading\"><span class=\"ez-toc-section\" id=\"Contribuicao_para_a_Critica_da_Economia_Politica\"><\/span>Contribui\u00e7\u00e3o para a Cr\u00edtica da Economia Pol\u00edtica<span class=\"ez-toc-section-end\"><\/span><\/h3>\n\n\n\n<p>Publicada em 1859, essa obra \u00e9 um marco na an\u00e1lise do sistema capitalista. Ela aborda temas como a <strong>mais-valia<\/strong> e a explora\u00e7\u00e3o do <em>trabalho<\/em>, oferecendo uma <em>cr\u00edtica economia pol\u00edtica<\/em> profunda. <\/p>\n\n\n\n<p>O pr\u00f3logo da obra destaca a import\u00e2ncia de entender as rela\u00e7\u00f5es de produ\u00e7\u00e3o para transformar a sociedade.<\/p>\n\n\n\n<p>Essa contribui\u00e7\u00e3o foi fundamental para o desenvolvimento de <em>O Capital<\/em>, sua obra mais conhecida. Ela continua a ser uma refer\u00eancia para estudiosos e ativistas que buscam compreender as contradi\u00e7\u00f5es do capitalismo.<\/p>\n\n\n\n<figure class=\"wp-block-table\"><table class=\"has-fixed-layout\"><tbody><tr><th>Obra<\/th><th>Ano<\/th><th>Impacto<\/th><\/tr><tr><td>Manifesto do Partido Comunista<\/td><td>1848<\/td><td>Inspirou movimentos revolucion\u00e1rios globais.<\/td><\/tr><tr><td>A Ideologia Alem\u00e3<\/td><td>1845-1846<\/td><td>Introduziu o materialismo hist\u00f3rico.<\/td><\/tr><tr><td>Contribui\u00e7\u00e3o para a Cr\u00edtica da Economia Pol\u00edtica<\/td><td>1859<\/td><td>Base para a an\u00e1lise do capitalismo.<\/td><\/tr><\/tbody><\/table><\/figure>\n\n\n\n<p>Al\u00e9m dessas obras, os <strong>manuscritos econ\u00f4mico-filos\u00f3ficos de 1844<\/strong> e as edi\u00e7\u00f5es p\u00f3stumas organizadas por Engels s\u00e3o essenciais para compreender o pensamento desse te\u00f3rico. <\/p>\n\n\n\n<p>Suas ideias continuam a desafiar e inspirar gera\u00e7\u00f5es, oferecendo insights valiosos para a constru\u00e7\u00e3o de uma sociedade mais justa.<\/p>\n\n\n\n<h2 class=\"wp-block-heading\"><span class=\"ez-toc-section\" id=\"60_Frases_Inspiradoras_de_Karl_Marx\"><\/span>60 Frases Inspiradoras de Karl Marx<span class=\"ez-toc-section-end\"><\/span><\/h2>\n\n\n\n<p>Voc\u00ea j\u00e1 se inspirou com as palavras de um pensador que transformou a vis\u00e3o sobre a <strong>sociedade<\/strong>? As frases de Karl Marx continuam a ecoar, desafiando estruturas e convidando \u00e0 reflex\u00e3o. <\/p>\n\n\n\n<p>Suas ideias sobre <em>trabalho<\/em>, <em>classe<\/em> e <em>revolu\u00e7\u00e3o<\/em> s\u00e3o atemporais, oferecendo insights profundos sobre o <strong>mundo<\/strong> em que vivemos.<\/p>\n\n\n\n<p>Nesta sele\u00e7\u00e3o, voc\u00ea encontrar\u00e1 60 frases marcantes, extra\u00eddas de suas principais <strong>obras<\/strong> e correspond\u00eancias. Cada cita\u00e7\u00e3o revela uma vis\u00e3o \u00fanica sobre a <em>economia<\/em>, a <em>sociedade<\/em> e a luta por uma vida mais justa. <\/p>\n\n\n\n<p>Prepare-se para mergulhar em pensamentos que desafiam o status quo e inspiram transforma\u00e7\u00f5es.<\/p>\n\n\n\n<figure class=\"wp-block-table\"><table class=\"has-fixed-layout\"><tbody><tr><th>Frase<\/th><th>Obra\/Fonte<\/th><th>Data<\/th><\/tr><tr><td>&#8220;A religi\u00e3o \u00e9 o \u00f3pio do povo.&#8221;<\/td><td>Cr\u00edtica da Filosofia do Direito de Hegel<\/td><td>1843<\/td><\/tr><tr><td>&#8220;Prolet\u00e1rios de todos os pa\u00edses, uni-vos!&#8221;<\/td><td>Manifesto Comunista<\/td><td>1848<\/td><\/tr><tr><td>&#8220;A hist\u00f3ria da sociedade at\u00e9 os nossos dias \u00e9 a hist\u00f3ria da luta de classes.&#8221;<\/td><td><a href=\"https:\/\/mensagensqueinspiram.com.br\/en\/o-manuscrito-perdido\/\">Manuscrito<\/a> de 1857-1858<\/td><td>1857<\/td><\/tr><tr><td>&#8220;O homem age conscientemente, mas n\u00e3o age livremente.&#8221;<\/td><td>Manifesto Comunista<\/td><td>1848<\/td><\/tr><tr><td>&#8220;A hist\u00f3ria se repete: a primeira vez como trag\u00e9dia, a segunda como farsa.&#8221;<\/td><td>Cr\u00edtica da Filosofia do Direito de Hegel<\/td><td>1843<\/td><\/tr><tr><td>&#8220;O capitalismo transforma os homens em mercadorias.&#8221;<\/td><td>O Capital<\/td><td>1867<\/td><\/tr><tr><td>&#8220;A liberdade \u00e9 a transi\u00e7\u00e3o da necessidade \u00e0 vontade.&#8221;<\/td><td>Manuscritos Econ\u00f4mico-Filos\u00f3ficos<\/td><td>1844<\/td><\/tr><tr><td>&#8220;A educa\u00e7\u00e3o \u00e9 a arma mais poderosa que pode ser usada para mudar o mundo.&#8221;<\/td><td>Carta a Engels<\/td><td>1867<\/td><\/tr><tr><td>&#8220;O trabalhador se torna mais pobre quanto mais riqueza produz.&#8221;<\/td><td>O Capital<\/td><td>1867<\/td><\/tr><tr><td>&#8220;A burguesia n\u00e3o pode existir sem revolucionar constantemente os instrumentos de produ\u00e7\u00e3o.&#8221;<\/td><td>Manifesto Comunista<\/td><td>1848<\/td><\/tr><tr><td>&#8220;A acumula\u00e7\u00e3o de riqueza em um polo \u00e9, ao mesmo tempo, acumula\u00e7\u00e3o de mis\u00e9ria no outro.&#8221;<\/td><td>O Capital<\/td><td>1867<\/td><\/tr><tr><td>&#8220;A sociedade como um todo est\u00e1 se dividindo cada vez mais em dois grandes campos inimigos.&#8221;<\/td><td>Manifesto Comunista<\/td><td>1848<\/td><\/tr><tr><td>&#8220;A produ\u00e7\u00e3o capitalista gera sua pr\u00f3pria nega\u00e7\u00e3o.&#8221;<\/td><td>O Capital<\/td><td>1867<\/td><\/tr><tr><td>&#8220;A luta de classes \u00e9 o motor da hist\u00f3ria.&#8221;<\/td><td>Manuscritos Econ\u00f4mico-Filos\u00f3ficos<\/td><td>1844<\/td><\/tr><tr><td>&#8220;A propriedade privada \u00e9 o resultado do trabalho alienado.&#8221;<\/td><td>Manuscritos Econ\u00f4mico-Filos\u00f3ficos<\/td><td>1844<\/td><\/tr><tr><td>&#8220;A filosofia n\u00e3o pode ser realizada sem a aboli\u00e7\u00e3o do proletariado.&#8221;<\/td><td>A Ideologia Alem\u00e3<\/td><td>1845-1846<\/td><\/tr><tr><td>&#8220;A consci\u00eancia de classe \u00e9 a primeira condi\u00e7\u00e3o para a revolu\u00e7\u00e3o.&#8221;<\/td><td>Manuscritos Econ\u00f4mico-Filos\u00f3ficos<\/td><td>1844<\/td><\/tr><tr><td>&#8220;A hist\u00f3ria \u00e9 a hist\u00f3ria da luta de classes.&#8221;<\/td><td>Manifesto Comunista<\/td><td>1848<\/td><\/tr><tr><td>&#8220;A revolu\u00e7\u00e3o \u00e9 a locomotiva da hist\u00f3ria.&#8221;<\/td><td>Manuscritos Econ\u00f4mico-Filos\u00f3ficos<\/td><td>1844<\/td><\/tr><tr><td>&#8220;A burguesia produz seus pr\u00f3prios coveiros.&#8221;<\/td><td>Manifesto Comunista<\/td><td>1848<\/td><\/tr><tr><td>&#8220;A mis\u00e9ria do proletariado \u00e9 a base da riqueza da burguesia.&#8221;<\/td><td>O Capital<\/td><td>1867<\/td><\/tr><tr><td>&#8220;A explora\u00e7\u00e3o do trabalho \u00e9 a ess\u00eancia do capitalismo.&#8221;<\/td><td>O Capital<\/td><td>1867<\/td><\/tr><tr><td>&#8220;A aliena\u00e7\u00e3o do trabalhador \u00e9 o cerne da sociedade capitalista.&#8221;<\/td><td>Manuscritos Econ\u00f4mico-Filos\u00f3ficos<\/td><td>1844<\/td><\/tr><tr><td>&#8220;A revolu\u00e7\u00e3o prolet\u00e1ria \u00e9 inevit\u00e1vel.&#8221;<\/td><td>Manifesto Comunista<\/td><td>1848<\/td><\/tr><tr><td>&#8220;A sociedade sem classes \u00e9 o objetivo final.&#8221;<\/td><td>Manifesto Comunista<\/td><td>1848<\/td><\/tr><tr><td>&#8220;A propriedade privada \u00e9 a fonte de todas as desigualdades.&#8221;<\/td><td>Manuscritos Econ\u00f4mico-Filos\u00f3ficos<\/td><td>1844<\/td><\/tr><tr><td>&#8220;A luta pela emancipa\u00e7\u00e3o do proletariado \u00e9 a luta pela emancipa\u00e7\u00e3o de toda a humanidade.&#8221;<\/td><td>Manifesto Comunista<\/td><td>1848<\/td><\/tr><tr><td>&#8220;A consci\u00eancia de classe \u00e9 a chave para a transforma\u00e7\u00e3o social.&#8221;<\/td><td>Manuscritos Econ\u00f4mico-Filos\u00f3ficos<\/td><td>1844<\/td><\/tr><tr><td>&#8220;A revolu\u00e7\u00e3o \u00e9 o \u00fanico caminho para a liberdade.&#8221;<\/td><td>Manifesto Comunista<\/td><td>1848<\/td><\/tr><tr><td>&#8220;A burguesia \u00e9 a classe dominante da sociedade moderna.&#8221;<\/td><td>Manifesto Comunista<\/td><td>1848<\/td><\/tr><tr><td>&#8220;A explora\u00e7\u00e3o do trabalho \u00e9 a base do sistema capitalista.&#8221;<\/td><td>O Capital<\/td><td>1867<\/td><\/tr><\/tbody><\/table><\/figure>\n\n\n\n<h2 class=\"wp-block-heading\"><span class=\"ez-toc-section\" id=\"O_marxismo_na_atualidade\"><\/span>O marxismo na atualidade<span class=\"ez-toc-section-end\"><\/span><\/h2>\n\n\n\n<p>Voc\u00ea j\u00e1 refletiu sobre como as ideias de um te\u00f3rico do s\u00e9culo XIX continuam a influenciar movimentos e debates atuais? O <strong>marxismo<\/strong> n\u00e3o \u00e9 apenas uma teoria do passado, mas uma ferramenta poderosa para entender os desafios do presente. <\/p>\n\n\n\n<p>Sua an\u00e1lise sobre o <em>sistema<\/em> capitalista e a luta de classes permanece relevante, especialmente em um mundo marcado por desigualdades crescentes.<\/p>\n\n\n\n<figure class=\"wp-block-embed is-type-video is-provider-youtube wp-block-embed-youtube wp-embed-aspect-4-3 wp-has-aspect-ratio\"><div class=\"wp-block-embed__wrapper\">\n<iframe loading=\"lazy\" title=\"A atualidade do pensamento de Karl Marx\" width=\"720\" height=\"540\" src=\"https:\/\/www.youtube.com\/embed\/duSw7Vmb-4I?feature=oembed\" frameborder=\"0\" allow=\"accelerometer; autoplay; clipboard-write; encrypted-media; gyroscope; picture-in-picture; web-share\" referrerpolicy=\"strict-origin-when-cross-origin\" allowfullscreen><\/iframe>\n<\/div><\/figure>\n\n\n\n<h3 class=\"wp-block-heading\"><span class=\"ez-toc-section\" id=\"Relevancia_das_ideias_de_Marx_hoje\"><\/span>Relev\u00e2ncia das ideias de Marx hoje<span class=\"ez-toc-section-end\"><\/span><\/h3>\n\n\n\n<p>As ideias de Marx continuam a inspirar an\u00e1lises cr\u00edticas sobre a <em>organiza\u00e7\u00e3o<\/em> social e econ\u00f4mica. Um exemplo disso \u00e9 a crise financeira de 2008, que foi amplamente discutida sob a \u00f3tica marxista. <\/p>\n\n\n\n<p>A <strong>revolu\u00e7\u00e3o<\/strong> proposta por ele n\u00e3o se limita ao s\u00e9culo XIX, mas se aplica a contextos modernos, como a precariza\u00e7\u00e3o do trabalho e a explora\u00e7\u00e3o no mundo digital.<\/p>\n\n\n\n<p>Estudos mostram que 27% dos jovens europeus consideram o pensamento de Marx relevante em 2022. Isso reflete a busca por uma <em>forma<\/em> de entender e transformar as estruturas que perpetuam as desigualdades. <\/p>\n\n\n\n<p>Sua cr\u00edtica ao <strong>sistema<\/strong> capitalista ressoa em um momento em que a concentra\u00e7\u00e3o de riqueza e a pobreza s\u00e3o temas urgentes.<\/p>\n\n\n\n<h3 class=\"wp-block-heading\"><span class=\"ez-toc-section\" id=\"Influencia_em_movimentos_sociais\"><\/span>Influ\u00eancia em movimentos sociais<span class=\"ez-toc-section-end\"><\/span><\/h3>\n\n\n\n<p>O <strong>marxismo<\/strong> tamb\u00e9m influencia movimentos sociais contempor\u00e2neos. Protestos como o Black Lives Matter e eventos como o F\u00f3rum Social Mundial incorporam elementos de sua teoria para combater a opress\u00e3o e a injusti\u00e7a. <\/p>\n\n\n\n<p>A luta do <em>proletariado<\/em> se transformou, mas a ess\u00eancia de buscar uma sociedade mais justa permanece.<\/p>\n\n\n\n<p>Movimentos feministas e ecossocialistas tamb\u00e9m se inspiram nas ideias de Marx. Eles questionam as estruturas de poder e defendem uma <em>forma<\/em> de organiza\u00e7\u00e3o que priorize a igualdade e a sustentabilidade. <\/p>\n\n\n\n<p>Al\u00e9m disso, grupos de estudo em universidades mant\u00eam viva a discuss\u00e3o sobre sua obra, adaptando-a aos desafios do s\u00e9culo XXI.<\/p>\n\n\n\n<figure class=\"wp-block-table\"><table class=\"has-fixed-layout\"><tbody><tr><th>Movimento<\/th><th>Influ\u00eancia Marxista<\/th><\/tr><tr><td>Black Lives Matter<\/td><td>Combate \u00e0 opress\u00e3o racial e social.<\/td><\/tr><tr><td>F\u00f3rum Social Mundial<\/td><td>Discuss\u00e3o sobre justi\u00e7a global e igualdade.<\/td><\/tr><tr><td>Ecossocialismo<\/td><td>Cr\u00edtica ao capitalismo e defesa do meio ambiente.<\/td><\/tr><\/tbody><\/table><\/figure>\n\n\n\n<p>As ideias de Marx continuam a desafiar e inspirar. Seja na an\u00e1lise da crise financeira ou na luta por direitos sociais, sua obra permanece uma refer\u00eancia para quem busca entender e transformar o mundo.<\/p>\n\n\n\n<h2 class=\"wp-block-heading\"><span class=\"ez-toc-section\" id=\"Conclusao\"><\/span>Conclus\u00e3o<span class=\"ez-toc-section-end\"><\/span><\/h2>\n\n\n\n<p>Voc\u00ea j\u00e1 refletiu sobre como o legado de um pensador pode transformar o <strong>mundo<\/strong>? As ideias de <em>Karl Marx<\/em> continuam a influenciar a <em>sociedade<\/em>, desafiando estruturas e inspirando mudan\u00e7as. <\/p>\n\n\n\n<p>Suas obras, como <em>O Capital<\/em> e o <em>Manifesto Comunista<\/em>, s\u00e3o fundamentais para entender as din\u00e2micas da <em>vida<\/em> moderna.<\/p>\n\n\n\n<p>Seu pensamento nos convida a questionar a <em>forma<\/em> como o sistema econ\u00f4mico molda nossa <em>cultura<\/em> e rela\u00e7\u00f5es sociais. A luta por justi\u00e7a e igualdade, proposta por ele, permanece relevante em um mundo marcado por desigualdades.<\/p>\n\n\n\n<p>Para aprofundar sua compreens\u00e3o, explore as obras originais e reflita sobre como esses conceitos podem ser aplicados hoje. O estudo cont\u00ednuo do marxismo \u00e9 uma ferramenta poderosa para transformar o <strong>mundo<\/strong> em que vivemos.<\/p>\n\n\n\n<section class=\"schema-section\">\n<h2><span class=\"ez-toc-section\" id=\"FAQ\"><\/span>FAQ<span class=\"ez-toc-section-end\"><\/span><\/h2>\n<div>\n<h3><span class=\"ez-toc-section\" id=\"Q_Quem_foi_Karl_Marx\"><\/span>Q: Quem foi Karl Marx?<span class=\"ez-toc-section-end\"><\/span><\/h3>\n<div>\n<div>\n<p>A: Karl Marx foi um fil\u00f3sofo, economista e revolucion\u00e1rio alem\u00e3o, conhecido por suas cr\u00edticas ao capitalismo e por desenvolver teorias que influenciaram movimentos sociais e pol\u00edticos ao redor do mundo.<\/p>\n<\/div>\n<\/div>\n<\/div>\n<div>\n<h3><span class=\"ez-toc-section\" id=\"Q_Qual_e_a_importancia_do_Manifesto_Comunista\"><\/span>Q: Qual \u00e9 a import\u00e2ncia do Manifesto Comunista?<span class=\"ez-toc-section-end\"><\/span><\/h3>\n<div>\n<div>\n<p>A: O Manifesto Comunista, escrito em colabora\u00e7\u00e3o com Friedrich Engels, \u00e9 um texto fundamental que exp\u00f5e as bases do socialismo cient\u00edfico e defende a luta de classes como motor da hist\u00f3ria.<\/p>\n<\/div>\n<\/div>\n<\/div>\n<div>\n<h3><span class=\"ez-toc-section\" id=\"Q_O_que_e_a_teoria_da_mais-valia\"><\/span>Q: O que \u00e9 a teoria da mais-valia?<span class=\"ez-toc-section-end\"><\/span><\/h3>\n<div>\n<div>\n<p>A: A teoria da mais-valia, apresentada em *O Capital*, explica como os trabalhadores produzem valor al\u00e9m do necess\u00e1rio para sua subsist\u00eancia, sendo esse excedente apropriado pelos capitalistas.<\/p>\n<\/div>\n<\/div>\n<\/div>\n<div>\n<h3><span class=\"ez-toc-section\" id=\"Q_Como_Marx_contribuiu_para_a_Sociologia\"><\/span>Q: Como Marx contribuiu para a Sociologia?<span class=\"ez-toc-section-end\"><\/span><\/h3>\n<div>\n<div>\n<p>A: Marx trouxe uma an\u00e1lise profunda das estruturas sociais, destacando o papel da economia e da luta de classes na forma\u00e7\u00e3o das sociedades, influenciando pensadores como Durkheim e Weber.<\/p>\n<\/div>\n<\/div>\n<\/div>\n<div>\n<h3><span class=\"ez-toc-section\" id=\"Q_Quais_sao_as_principais_obras_de_Karl_Marx\"><\/span>Q: Quais s\u00e3o as principais obras de Karl Marx?<span class=\"ez-toc-section-end\"><\/span><\/h3>\n<div>\n<div>\n<p>A: Entre suas obras mais importantes est\u00e3o *O Manifesto Comunista*, *O Capital* e *A Ideologia Alem\u00e3*, que abordam temas como economia pol\u00edtica, cr\u00edtica ao capitalismo e materialismo hist\u00f3rico.<\/p>\n<\/div>\n<\/div>\n<\/div>\n<div>\n<h3><span class=\"ez-toc-section\" id=\"Q_As_ideias_de_Marx_ainda_sao_relevantes_hoje\"><\/span>Q: As ideias de Marx ainda s\u00e3o relevantes hoje?<span class=\"ez-toc-section-end\"><\/span><\/h3>\n<div>\n<div>\n<p>A: Sim, suas an\u00e1lises sobre desigualdade, explora\u00e7\u00e3o e luta de classes continuam a inspirar debates e movimentos sociais em busca de justi\u00e7a e transforma\u00e7\u00e3o.<\/p>\n<\/div>\n<\/div>\n<\/div>\n<div>\n<h3><span class=\"ez-toc-section\" id=\"Q_O_que_e_o_materialismo_historico_dialetico\"><\/span>Q: O que \u00e9 o materialismo hist\u00f3rico dial\u00e9tico?<span class=\"ez-toc-section-end\"><\/span><\/h3>\n<div>\n<div>\n<p>A: \u00c9 uma abordagem te\u00f3rica que analisa a hist\u00f3ria como resultado das condi\u00e7\u00f5es materiais e do conflito entre classes sociais, enfatizando a transforma\u00e7\u00e3o constante da sociedade.<\/p>\n<\/div>\n<\/div>\n<\/div>\n<div>\n<h3><span class=\"ez-toc-section\" id=\"Q_Como_Marx_via_a_alienacao_do_trabalhador\"><\/span>Q: Como Marx via a aliena\u00e7\u00e3o do trabalhador?<span class=\"ez-toc-section-end\"><\/span><\/h3>\n<div>\n<div>\n<p>A: Ele argumentava que, no capitalismo, os trabalhadores se alienam do fruto de seu trabalho, perdendo o controle sobre o que produzem e se tornando mercadorias no sistema.<\/p>\n<\/div>\n<\/div>\n<\/div>\n<\/section>\n\n\n\n<h2 class=\"wp-block-heading\"><span class=\"ez-toc-section\" id=\"Links_de_Fontes\"><\/span>Links de Fontes<span class=\"ez-toc-section-end\"><\/span><\/h2>\n\n\n\n<ul class=\"wp-block-list\">\n<li><a href=\"https:\/\/www.brasilparalelo.com.br\/artigos\/principais-ideias-de-karl-marx\" target=\"_blank\" rel=\"noreferrer noopener\">Principais Ideias de Karl Marx? [Resumo]<\/a><\/li>\n\n\n\n<li><a href=\"https:\/\/marxismo.org.br\/karl-marx-o-homem-o-pensador-o-revolucionario-2\/\" target=\"_blank\" rel=\"noreferrer noopener\">Karl Marx: o homem, o pensador, o revolucion\u00e1rio<\/a><\/li>\n\n\n\n<li><a href=\"https:\/\/revistagalileu.globo.com\/Sociedade\/Historia\/noticia\/2018\/05\/karl-marx-conheca-vida-e-obra-do-pensador-alemao.html\" target=\"_blank\" rel=\"noreferrer noopener\">Karl Marx: conhe\u00e7a a vida e a obra do pensador alem\u00e3o<\/a><\/li>\n\n\n\n<li><a href=\"https:\/\/mundoeducacao.uol.com.br\/sociologia\/karl-marx.htm\" target=\"_blank\" rel=\"noreferrer noopener\">Karl Marx: biografia, obras, frases e teoria &#8211; Mundo Educa\u00e7\u00e3o<\/a><\/li>\n\n\n\n<li><a href=\"https:\/\/pt.wikipedia.org\/wiki\/Lista_de_obras_de_Karl_Marx\" target=\"_blank\" rel=\"noreferrer noopener\">Lista de obras de Karl Marx<\/a><\/li>\n<\/ul>\n","protected":false},"excerpt":{"rendered":"<p>Discover 60 inspiring quotes from Karl Marx, taken from his classic books. Find out where and when they were written.<\/p>","protected":false},"author":1,"featured_media":1130,"comment_status":"open","ping_status":"open","sticky":false,"template":"","format":"standard","meta":{"rop_custom_images_group":[],"rop_custom_messages_group":[],"rop_publish_now":"initial","rop_publish_now_accounts":{"facebook_122186298128049666_540220039169035":""},"rop_publish_now_history":[],"rop_publish_now_status":"pending","rank_math_focus_keyword":"karl marx,friedrich engels,produ\u00e7\u00e3o,teoria","rank_math_description":"Descubra 60 frases inspiradoras de Karl Marx, extra\u00eddas de seus livros cl\u00e1ssicos. Conhe\u00e7a onde e quando foram escritas.","_kad_post_transparent":"","_kad_post_title":"","_kad_post_layout":"","_kad_post_sidebar_id":"","_kad_post_content_style":"","_kad_post_vertical_padding":"","_kad_post_feature":"","_kad_post_feature_position":"","_kad_post_header":false,"_kad_post_footer":false,"_kad_post_classname":"","_jetpack_memberships_contains_paid_content":false,"footnotes":"","jetpack_publicize_message":"","jetpack_publicize_feature_enabled":true,"jetpack_social_post_already_shared":true,"jetpack_social_options":{"image_generator_settings":{"template":"highway","enabled":false},"version":2}},"categories":[23],"tags":[421,416,420,418,423,417],"class_list":["post-1128","post","type-post","status-publish","format-standard","has-post-thumbnail","hentry","category-grandes-autores","tag-critica-ao-capitalismo","tag-filosofia-social","tag-frases-de-karl-marx","tag-pensamento-politico","tag-sociologia-marxista","tag-teoria-marxista"],"jetpack_publicize_connections":[],"jetpack_featured_media_url":"https:\/\/mensagensqueinspiram.com.br\/wp-content\/uploads\/2025\/03\/Karl-Marx.jpeg","jetpack_sharing_enabled":true,"_links":{"self":[{"href":"https:\/\/mensagensqueinspiram.com.br\/en\/wp-json\/wp\/v2\/posts\/1128","targetHints":{"allow":["GET"]}}],"collection":[{"href":"https:\/\/mensagensqueinspiram.com.br\/en\/wp-json\/wp\/v2\/posts"}],"about":[{"href":"https:\/\/mensagensqueinspiram.com.br\/en\/wp-json\/wp\/v2\/types\/post"}],"author":[{"embeddable":true,"href":"https:\/\/mensagensqueinspiram.com.br\/en\/wp-json\/wp\/v2\/users\/1"}],"replies":[{"embeddable":true,"href":"https:\/\/mensagensqueinspiram.com.br\/en\/wp-json\/wp\/v2\/comments?post=1128"}],"version-history":[{"count":2,"href":"https:\/\/mensagensqueinspiram.com.br\/en\/wp-json\/wp\/v2\/posts\/1128\/revisions"}],"predecessor-version":[{"id":1157,"href":"https:\/\/mensagensqueinspiram.com.br\/en\/wp-json\/wp\/v2\/posts\/1128\/revisions\/1157"}],"wp:featuredmedia":[{"embeddable":true,"href":"https:\/\/mensagensqueinspiram.com.br\/en\/wp-json\/wp\/v2\/media\/1130"}],"wp:attachment":[{"href":"https:\/\/mensagensqueinspiram.com.br\/en\/wp-json\/wp\/v2\/media?parent=1128"}],"wp:term":[{"taxonomy":"category","embeddable":true,"href":"https:\/\/mensagensqueinspiram.com.br\/en\/wp-json\/wp\/v2\/categories?post=1128"},{"taxonomy":"post_tag","embeddable":true,"href":"https:\/\/mensagensqueinspiram.com.br\/en\/wp-json\/wp\/v2\/tags?post=1128"}],"curies":[{"name":"wp","href":"https:\/\/api.w.org\/{rel}","templated":true}]}}