{"id":486,"date":"2025-01-18T18:03:00","date_gmt":"2025-01-18T21:03:00","guid":{"rendered":"https:\/\/mensagensqueinspiram.com.br\/?p=486"},"modified":"2025-01-11T08:59:51","modified_gmt":"2025-01-11T11:59:51","slug":"frases-de-jorge-amado","status":"publish","type":"post","link":"https:\/\/mensagensqueinspiram.com.br\/en\/frases-de-jorge-amado\/","title":{"rendered":"Quotes by Jorge Amado: Inspiration in Every Word"},"content":{"rendered":"<div id=\"ez-toc-container\" class=\"ez-toc-v2_0_82_2 counter-hierarchy ez-toc-counter ez-toc-custom ez-toc-container-direction\">\n<div class=\"ez-toc-title-container\">\n<p class=\"ez-toc-title\" style=\"cursor:inherit\">Index<\/p>\n<span class=\"ez-toc-title-toggle\"><a href=\"#\" class=\"ez-toc-pull-right ez-toc-btn ez-toc-btn-xs ez-toc-btn-default ez-toc-toggle\" aria-label=\"Toggle Table of Content\"><span class=\"ez-toc-js-icon-con\"><span class=\"\"><span class=\"eztoc-hide\" style=\"display:none;\">Toggle<\/span><span class=\"ez-toc-icon-toggle-span\"><svg style=\"fill: #150042;color:#150042\" xmlns=\"http:\/\/www.w3.org\/2000\/svg\" class=\"list-377408\" width=\"20px\" height=\"20px\" viewbox=\"0 0 24 24\" fill=\"none\"><path d=\"M6 6H4v2h2V6zm14 0H8v2h12V6zM4 11h2v2H4v-2zm16 0H8v2h12v-2zM4 16h2v2H4v-2zm16 0H8v2h12v-2z\" fill=\"currentColor\"><\/path><\/svg><svg style=\"fill: #150042;color:#150042\" class=\"arrow-unsorted-368013\" xmlns=\"http:\/\/www.w3.org\/2000\/svg\" width=\"10px\" height=\"10px\" viewbox=\"0 0 24 24\" version=\"1.2\" baseprofile=\"tiny\"><path d=\"M18.2 9.3l-6.2-6.3-6.2 6.3c-.2.2-.3.4-.3.7s.1.5.3.7c.2.2.4.3.7.3h11c.3 0 .5-.1.7-.3.2-.2.3-.5.3-.7s-.1-.5-.3-.7zM5.8 14.7l6.2 6.3 6.2-6.3c.2-.2.3-.5.3-.7s-.1-.5-.3-.7c-.2-.2-.4-.3-.7-.3h-11c-.3 0-.5.1-.7.3-.2.2-.3.5-.3.7s.1.5.3.7z\"\/><\/svg><\/span><\/span><\/span><\/a><\/span><\/div>\n<nav><ul class='ez-toc-list ez-toc-list-level-1 eztoc-toggle-hide-by-default' ><li class='ez-toc-page-1 ez-toc-heading-level-2'><a class=\"ez-toc-link ez-toc-heading-1\" href=\"https:\/\/mensagensqueinspiram.com.br\/en\/frases-de-jorge-amado\/#Frases_de_Jorge_Amado_que_Tocam_a_Alma\" >Frases de Jorge Amado que Tocam a Alma<\/a><ul class='ez-toc-list-level-3' ><li class='ez-toc-heading-level-3'><a class=\"ez-toc-link ez-toc-heading-2\" href=\"https:\/\/mensagensqueinspiram.com.br\/en\/frases-de-jorge-amado\/#Conclusao\" >Conclusion<\/a><\/li><li class='ez-toc-page-1 ez-toc-heading-level-3'><a class=\"ez-toc-link ez-toc-heading-3\" href=\"https:\/\/mensagensqueinspiram.com.br\/en\/frases-de-jorge-amado\/#FAQ\" >Frequently Asked Questions<\/a><\/li><li class='ez-toc-page-1 ez-toc-heading-level-3'><a class=\"ez-toc-link ez-toc-heading-4\" href=\"https:\/\/mensagensqueinspiram.com.br\/en\/frases-de-jorge-amado\/#Quem_foi_Jorge_Amado\" >Quem foi Jorge Amado?<\/a><\/li><li class='ez-toc-page-1 ez-toc-heading-level-3'><a class=\"ez-toc-link ez-toc-heading-5\" href=\"https:\/\/mensagensqueinspiram.com.br\/en\/frases-de-jorge-amado\/#Qual_foi_o_primeiro_livro_publicado_por_Jorge_Amado\" >Qual foi o primeiro livro publicado por Jorge Amado?<\/a><\/li><li class='ez-toc-page-1 ez-toc-heading-level-3'><a class=\"ez-toc-link ez-toc-heading-6\" href=\"https:\/\/mensagensqueinspiram.com.br\/en\/frases-de-jorge-amado\/#Quais_sao_as_obras_mais_famosas_de_Jorge_Amado\" >Quais s\u00e3o as obras mais famosas de Jorge Amado?<\/a><\/li><li class='ez-toc-page-1 ez-toc-heading-level-3'><a class=\"ez-toc-link ez-toc-heading-7\" href=\"https:\/\/mensagensqueinspiram.com.br\/en\/frases-de-jorge-amado\/#Jorge_Amado_ganhou_premios_literarios\" >Jorge Amado ganhou pr\u00eamios liter\u00e1rios?<\/a><\/li><li class='ez-toc-page-1 ez-toc-heading-level-3'><a class=\"ez-toc-link ez-toc-heading-8\" href=\"https:\/\/mensagensqueinspiram.com.br\/en\/frases-de-jorge-amado\/#Onde_Jorge_Amado_nasceu\" >Onde Jorge Amado nasceu?<\/a><\/li><li class='ez-toc-page-1 ez-toc-heading-level-3'><a class=\"ez-toc-link ez-toc-heading-9\" href=\"https:\/\/mensagensqueinspiram.com.br\/en\/frases-de-jorge-amado\/#Quais_temas_sao_recorrentes_nas_obras_de_Jorge_Amado\" >Quais temas s\u00e3o recorrentes nas obras de Jorge Amado?<\/a><\/li><li class='ez-toc-page-1 ez-toc-heading-level-3'><a class=\"ez-toc-link ez-toc-heading-10\" href=\"https:\/\/mensagensqueinspiram.com.br\/en\/frases-de-jorge-amado\/#Jorge_Amado_foi_traduzido_para_outros_idiomas\" >Jorge Amado foi traduzido para outros idiomas?<\/a><\/li><li class='ez-toc-page-1 ez-toc-heading-level-3'><a class=\"ez-toc-link ez-toc-heading-11\" href=\"https:\/\/mensagensqueinspiram.com.br\/en\/frases-de-jorge-amado\/#Qual_e_o_legado_de_Jorge_Amado_para_a_literatura_brasileira\" >Qual \u00e9 o legado de Jorge Amado para a literatura brasileira?<\/a><\/li><\/ul><\/li><\/ul><\/nav><\/div>\n\n<p><a href=\"https:\/\/mensagensqueinspiram.com.br\/en\/clara-e-o-cajueiro-magico\/\">Jorge Amado<\/a> \u00e9 um dos maiores escritores da literatura brasileira, reconhecido por sua habilidade em retratar o Brasil com paix\u00e3o, humor e profundidade. <\/p>\n\n\n\n<p>Suas obras transbordam de personagens vibrantes e frases inesquec\u00edveis que atravessam gera\u00e7\u00f5es. <\/p>\n\n\n\n<p>Se voc\u00ea busca <a href=\"https:\/\/mensagensqueinspiram.com.br\/en\/a-dose-diaria-de-inspiracao\/\">inspiration<\/a> ou apenas deseja conhecer melhor este \u00edcone, confira as frases impactantes que reunimos para voc\u00ea. Cada uma delas \u00e9 um mergulho em seu universo liter\u00e1rio.<\/p>\n\n\n\n<h2 class=\"wp-block-heading\"><span class=\"ez-toc-section\" id=\"Frases_de_Jorge_Amado_que_Tocam_a_Alma\"><\/span>Frases de Jorge Amado que Tocam a Alma<span class=\"ez-toc-section-end\"><\/span><\/h2>\n\n\n\n<figure class=\"wp-block-table\"><table class=\"has-theme-palette-8-background-color has-background has-fixed-layout\"><tbody><tr><th><strong>Sentence<\/strong><\/th><th><strong>Obra\/Cr\u00e9dito<\/strong><\/th><\/tr><tr><td>&#8220;O amor \u00e9 para os fortes.&#8221;<\/td><td>Book: <em>Capit\u00e3es da Areia<\/em> (1937)<\/td><\/tr><tr><td>&#8220;O mundo \u00e9 pequeno, e Deus \u00e9 grande.&#8221;<\/td><td>Book: <em>Gabriela, Cravo e Canela<\/em> (1958)<\/td><\/tr><tr><td>&#8220;A vida \u00e9 o maior espet\u00e1culo da terra.&#8221;<\/td><td>Book: <em>Dona Flor e Seus Dois Maridos<\/em> (1966)<\/td><\/tr><tr><td>&#8220;N\u00e3o h\u00e1 alegria maior do que repartir.&#8221;<\/td><td>Book: <em>Tenda dos Milagres<\/em> (1969)<\/td><\/tr><tr><td>&#8220;O homem \u00e9 do tamanho do seu sonho.&#8221;<\/td><td>Book: <em>O Menino Grapi\u00fana<\/em> (1982)<\/td><\/tr><tr><td>&#8220;N\u00e3o existe vida sem paix\u00e3o.&#8221;<\/td><td>Book: <em>Gabriela, Cravo e Canela<\/em> (1958)<\/td><\/tr><tr><td>&#8220;A Bahia tem um cheiro que \u00e9 s\u00f3 dela.&#8221;<\/td><td>Book: <em>Tereza Batista Cansada de Guerra<\/em> (1972)<\/td><\/tr><tr><td>&#8220;Cada um sabe a dor e a del\u00edcia de ser o que \u00e9.&#8221;<\/td><td>Book: <em>Dona Flor e Seus Dois Maridos<\/em> (1966)<\/td><\/tr><tr><td>&#8220;A coragem \u00e9 a \u00fanica coisa que salva.&#8221;<\/td><td>Book: <em>Capit\u00e3es da Areia<\/em> (1937)<\/td><\/tr><tr><td>&#8220;Quem conta um conto aumenta um ponto.&#8221;<\/td><td>Entrevista para a Revista Manchete (1975)<\/td><\/tr><tr><td>&#8220;O amor \u00e9 mais forte que o destino.&#8221;<\/td><td>Book: <em>Gabriela, Cravo e Canela<\/em> (1958)<\/td><\/tr><tr><td>&#8220;A beleza da vida est\u00e1 na simplicidade.&#8221;<\/td><td>Book: <em>Mar Morto<\/em> (1936)<\/td><\/tr><tr><td>&#8220;A saudade \u00e9 a prova de que vivemos algo \u00fanico.&#8221;<\/td><td>Book: <em>Tieta do Agreste<\/em> (1977)<\/td><\/tr><tr><td>&#8220;Quem ama n\u00e3o enxerga limites.&#8221;<\/td><td>Book: <em>Capit\u00e3es da Areia<\/em> (1937)<\/td><\/tr><tr><td>&#8220;O sert\u00e3o \u00e9 o cora\u00e7\u00e3o do Brasil.&#8221;<\/td><td>Book: <em>Seara Vermelha<\/em> (1946)<\/td><\/tr><tr><td>&#8220;Escrever \u00e9 gritar em sil\u00eancio.&#8221;<\/td><td>Entrevista ao Jornal do Brasil (1980)<\/td><\/tr><tr><td>&#8220;N\u00e3o se vive sem poesia.&#8221;<\/td><td>Book: <em>Gabriela, Cravo e Canela<\/em> (1958)<\/td><\/tr><tr><td>&#8220;A amizade \u00e9 um tesouro sem pre\u00e7o.&#8221;<\/td><td>Book: <em>Capit\u00e3es da Areia<\/em> (1937)<\/td><\/tr><tr><td>&#8220;A injusti\u00e7a \u00e9 a maior ferida de um povo.&#8221;<\/td><td>Book: <em>Tenda dos Milagres<\/em> (1969)<\/td><\/tr><tr><td>&#8220;A liberdade \u00e9 um direito inegoci\u00e1vel.&#8221;<\/td><td>Book: <em>Jubiab\u00e1<\/em> (1935)<\/td><\/tr><tr><td>&#8220;Quem sabe amar, sabe viver.&#8221;<\/td><td>Book: <em>Gabriela, Cravo e Canela<\/em> (1958)<\/td><\/tr><tr><td>&#8220;Os livros s\u00e3o janelas para o infinito.&#8221;<\/td><td>Entrevista para a Revista Veja (1979)<\/td><\/tr><tr><td>&#8220;Todo sonho \u00e9 uma promessa de vida.&#8221;<\/td><td>Book: <em>Dona Flor e Seus Dois Maridos<\/em> (1966)<\/td><\/tr><tr><td>&#8220;A Bahia \u00e9 um mundo em si mesma.&#8221;<\/td><td>Book: <em>Tenda dos Milagres<\/em> (1969)<\/td><\/tr><tr><td>&#8220;O futuro \u00e9 feito de coragem.&#8221;<\/td><td>Book: <em>Capit\u00e3es da Areia<\/em> (1937)<\/td><\/tr><tr><td>&#8220;A fome \u00e9 a m\u00e3e de todas as revoltas.&#8221;<\/td><td>Book: <em>Seara Vermelha<\/em> (1946)<\/td><\/tr><tr><td>&#8220;Quem conta hist\u00f3rias nunca morre.&#8221;<\/td><td>Book: <em>Tieta do Agreste<\/em> (1977)<\/td><\/tr><tr><td>&#8220;A vida \u00e9 cheia de segredos para os que sabem observar.&#8221;<\/td><td>Book: <em>Gabriela, Cravo e Canela<\/em> (1958)<\/td><\/tr><tr><td>&#8220;A Bahia \u00e9 uma festa eterna.&#8221;<\/td><td>Book: <em>Dona Flor e Seus Dois Maridos<\/em> (1966)<\/td><\/tr><tr><td>&#8220;O amor \u00e9 a \u00fanica coisa que vale a pena.&#8221;<\/td><td>Book: <em>Capit\u00e3es da Areia<\/em> (1937)<\/td><\/tr><tr><td>&#8220;Os jovens s\u00e3o a <a href=\"https:\/\/mensagensqueinspiram.com.br\/en\/um-estranho-em-meio-a-neblina\/\">hope<\/a> de um mundo melhor.&#8221;<\/td><td>Book: <em>O Menino Grapi\u00fana<\/em> (1982)<\/td><\/tr><tr><td>&#8220;As palavras t\u00eam o poder de mudar o mundo.&#8221;<\/td><td>Book: <em>Tenda dos Milagres<\/em> (1969)<\/td><\/tr><tr><td>&#8220;A coragem \u00e9 o primeiro passo para a liberdade.&#8221;<\/td><td>Book: <em>Gabriela, Cravo e Canela<\/em> (1958)<\/td><\/tr><tr><td>&#8220;A m\u00fasica \u00e9 a alma da Bahia.&#8221;<\/td><td>Book: <em>Tenda dos Milagres<\/em> (1969)<\/td><\/tr><tr><td>&#8220;O riso \u00e9 a melhor arma contra a tristeza.&#8221;<\/td><td>Book: <em>Dona Flor e Seus Dois Maridos<\/em> (1966)<\/td><\/tr><tr><td>&#8220;A hist\u00f3ria \u00e9 escrita pelos que ousam sonhar.&#8221;<\/td><td>Book: <em>Seara Vermelha<\/em> (1946)<\/td><\/tr><tr><td>&#8220;Cada pessoa \u00e9 uma hist\u00f3ria \u00fanica.&#8221;<\/td><td>Book: <em>Tieta do Agreste<\/em> (1977)<\/td><\/tr><tr><td>&#8220;A for\u00e7a do povo est\u00e1 em sua uni\u00e3o.&#8221;<\/td><td>Book: <em>Capit\u00e3es da Areia<\/em> (1937)<\/td><\/tr><tr><td>&#8220;Os sonhos s\u00e3o as sementes do amanh\u00e3.&#8221;<\/td><td>Book: <em>Dona Flor e Seus Dois Maridos<\/em> (1966)<\/td><\/tr><\/tbody><\/table><\/figure>\n\n\n\n<figure class=\"wp-block-image size-full\"><img loading=\"lazy\" decoding=\"async\" width=\"1024\" height=\"768\" src=\"https:\/\/mensagensqueinspiram.com.br\/wp-content\/uploads\/2025\/01\/jorge-amado-is-one-of-the-greatest-writers-in-brazilian-3.png\" alt=\"Quotes by Jorge Amado: Inspiration in Every Word\" class=\"wp-image-504\" srcset=\"https:\/\/mensagensqueinspiram.com.br\/wp-content\/uploads\/2025\/01\/jorge-amado-is-one-of-the-greatest-writers-in-brazilian-3.png 1024w, https:\/\/mensagensqueinspiram.com.br\/wp-content\/uploads\/2025\/01\/jorge-amado-is-one-of-the-greatest-writers-in-brazilian-3-300x225.png 300w, https:\/\/mensagensqueinspiram.com.br\/wp-content\/uploads\/2025\/01\/jorge-amado-is-one-of-the-greatest-writers-in-brazilian-3-768x576.png 768w\" sizes=\"auto, (max-width: 1024px) 100vw, 1024px\" \/><\/figure>\n\n\n\n<h3 class=\"wp-block-heading\"><span class=\"ez-toc-section\" id=\"Conclusao\"><\/span><strong>Conclusion<\/strong> <span class=\"ez-toc-section-end\"><\/span><\/h3>\n\n\n\n<p>As palavras de Jorge Amado ecoam uma compreens\u00e3o profunda da alma humana e da realidade brasileira. <\/p>\n\n\n\n<p>Ele n\u00e3o apenas escreveu livros; ele construiu pontes para que possamos entender melhor a vida e a sociedade. <\/p>\n\n\n\n<p>Que suas frases sejam um convite para explorar ainda mais seu universo liter\u00e1rio.<\/p>\n\n\n\n<p><strong>Call to action:<\/strong> Continue explorando mensagens inspiradoras em <a href=\"https:\/\/mensagensqueinspiram.com.br\/en\/\">Messages That Inspire<\/a> e mergulhe no legado de Jorge Amado. <\/p>\n\n\n\n<p>Para mais informa\u00e7\u00f5es sobre sua vida e obra, visite sua p\u00e1gina na <a href=\"https:\/\/pt.wikipedia.org\/wiki\/Jorge_Amado\" target=\"_blank\" rel=\"noreferrer noopener\">Wikipedia<\/a>.<\/p>\n\n\n\n<h3 class=\"wp-block-heading has-text-align-center has-theme-palette-9-color has-text-color has-background has-link-color wp-elements-3c05a0122255474ee7678d5095009f84\" style=\"background-color:#150042\"><span class=\"ez-toc-section\" id=\"FAQ\"><\/span>Frequently Asked Questions<span class=\"ez-toc-section-end\"><\/span><\/h3>\n\n\n<div id=\"rank-math-faq\" class=\"rank-math-block\">\n<div class=\"rank-math-list\">\n<div id=\"faq-question-1736597057226\" class=\"rank-math-list-item\">\n<h3 class=\"rank-math-question\"><span class=\"ez-toc-section\" id=\"Quem_foi_Jorge_Amado\"><\/span><strong>Quem foi Jorge Amado?<\/strong><span class=\"ez-toc-section-end\"><\/span><\/h3>\n<div class=\"rank-math-answer\">\n\n<p>Jorge Amado foi um dos mais importantes escritores brasileiros, conhecido por suas obras que retratam a cultura, o povo e os costumes do Brasil, especialmente da Bahia. Sua literatura combina humor, paix\u00f5es e cr\u00edticas sociais.<\/p>\n\n<\/div>\n<\/div>\n<div id=\"faq-question-1736597073015\" class=\"rank-math-list-item\">\n<h3 class=\"rank-math-question\"><span class=\"ez-toc-section\" id=\"Qual_foi_o_primeiro_livro_publicado_por_Jorge_Amado\"><\/span><strong>Qual foi o primeiro livro publicado por Jorge Amado?<\/strong><span class=\"ez-toc-section-end\"><\/span><\/h3>\n<div class=\"rank-math-answer\">\n\n<p>O primeiro livro publicado por Jorge Amado foi <em>O Pa\u00eds do Carnaval<\/em>, em 1931, quando ele tinha apenas 18 anos.<\/p>\n\n<\/div>\n<\/div>\n<div id=\"faq-question-1736597088559\" class=\"rank-math-list-item\">\n<h3 class=\"rank-math-question\"><span class=\"ez-toc-section\" id=\"Quais_sao_as_obras_mais_famosas_de_Jorge_Amado\"><\/span><strong>Quais s\u00e3o as obras mais famosas de Jorge Amado?<\/strong><span class=\"ez-toc-section-end\"><\/span><\/h3>\n<div class=\"rank-math-answer\">\n\n<p>Among his best-known works are <em>Gabriela, Cravo e Canela<\/em>, <em>Dona Flor e Seus Dois Maridos<\/em>, <em>Capit\u00e3es da Areia<\/em> e <em>Tieta do Agreste<\/em>.<\/p>\n\n<\/div>\n<\/div>\n<div id=\"faq-question-1736597101767\" class=\"rank-math-list-item\">\n<h3 class=\"rank-math-question\"><span class=\"ez-toc-section\" id=\"Jorge_Amado_ganhou_premios_literarios\"><\/span><strong>Jorge Amado ganhou pr\u00eamios liter\u00e1rios?<\/strong><span class=\"ez-toc-section-end\"><\/span><\/h3>\n<div class=\"rank-math-answer\">\n\n<p>Sim, Jorge Amado recebeu diversos pr\u00eamios ao longo de sua carreira, incluindo o Pr\u00eamio Cam\u00f5es, um dos mais importantes da l\u00edngua portuguesa, e foi membro da Academia Brasileira de Letras.<\/p>\n\n<\/div>\n<\/div>\n<div id=\"faq-question-1736597115160\" class=\"rank-math-list-item\">\n<h3 class=\"rank-math-question\"><span class=\"ez-toc-section\" id=\"Onde_Jorge_Amado_nasceu\"><\/span><strong>Onde Jorge Amado nasceu?<\/strong><span class=\"ez-toc-section-end\"><\/span><\/h3>\n<div class=\"rank-math-answer\">\n\n<p>Jorge Amado nasceu em 10 de agosto de 1912, na cidade de Itabuna, na Bahia, mas passou sua inf\u00e2ncia na fazenda do pai, em Ilh\u00e9us.<\/p>\n\n<\/div>\n<\/div>\n<div id=\"faq-question-1736597133713\" class=\"rank-math-list-item\">\n<h3 class=\"rank-math-question\"><span class=\"ez-toc-section\" id=\"Quais_temas_sao_recorrentes_nas_obras_de_Jorge_Amado\"><\/span><strong>Quais temas s\u00e3o recorrentes nas obras de Jorge Amado?<\/strong><span class=\"ez-toc-section-end\"><\/span><\/h3>\n<div class=\"rank-math-answer\">\n\n<p>Temas como desigualdade social, amor, religiosidade, cultura popular, pol\u00edtica e as belezas e contradi\u00e7\u00f5es da Bahia s\u00e3o constantes em sua obra.<\/p>\n\n<\/div>\n<\/div>\n<div id=\"faq-question-1736597146785\" class=\"rank-math-list-item\">\n<h3 class=\"rank-math-question\"><span class=\"ez-toc-section\" id=\"Jorge_Amado_foi_traduzido_para_outros_idiomas\"><\/span><strong>Jorge Amado foi traduzido para outros idiomas?<\/strong><span class=\"ez-toc-section-end\"><\/span><\/h3>\n<div class=\"rank-math-answer\">\n\n<p>Sim, suas obras foram traduzidas para mais de 49 idiomas, tornando-se um dos autores brasileiros mais lidos no mundo.<\/p>\n\n<\/div>\n<\/div>\n<div id=\"faq-question-1736597160554\" class=\"rank-math-list-item\">\n<h3 class=\"rank-math-question\"><span class=\"ez-toc-section\" id=\"Qual_e_o_legado_de_Jorge_Amado_para_a_literatura_brasileira\"><\/span><strong>Qual \u00e9 o legado de Jorge Amado para a literatura brasileira?<\/strong><span class=\"ez-toc-section-end\"><\/span><\/h3>\n<div class=\"rank-math-answer\">\n\n<p>Jorge Amado deixou um legado inestim\u00e1vel ao retratar a identidade brasileira em suas hist\u00f3rias. Sua obra continua sendo refer\u00eancia cultural, liter\u00e1ria e social, inspirando gera\u00e7\u00f5es de leitores e escritores.<\/p>\n\n<\/div>\n<\/div>\n<\/div>\n<\/div>","protected":false},"excerpt":{"rendered":"<p>Jorge Amado is one of the greatest writers in Brazilian literature, renowned for his ability to portray Brazil with passion, humor, and depth. His works are filled with vibrant characters and unforgettable quotes that transcend generations. If you are looking for inspiration or simply want to learn more about this icon, check out the powerful quotes we have compiled for you. Each...<\/p>","protected":false},"author":1,"featured_media":496,"comment_status":"open","ping_status":"open","sticky":false,"template":"","format":"standard","meta":{"rop_custom_images_group":[],"rop_custom_messages_group":[],"rop_publish_now":"initial","rop_publish_now_accounts":{"facebook_122186298128049666_540220039169035":""},"rop_publish_now_history":[],"rop_publish_now_status":"pending","rank_math_focus_keyword":"Frases de Jorge Amado,Jorge Amado","rank_math_description":"Descubra as melhores frases de Jorge Amado e deixe-se inspirar por sua paix\u00e3o e profundidade na literatura brasileira.","_kad_post_transparent":"","_kad_post_title":"","_kad_post_layout":"","_kad_post_sidebar_id":"","_kad_post_content_style":"","_kad_post_vertical_padding":"","_kad_post_feature":"","_kad_post_feature_position":"","_kad_post_header":false,"_kad_post_footer":false,"_kad_post_classname":"","_jetpack_memberships_contains_paid_content":false,"footnotes":"","jetpack_publicize_message":"","jetpack_publicize_feature_enabled":true,"jetpack_social_post_already_shared":true,"jetpack_social_options":{"image_generator_settings":{"template":"highway","enabled":false},"version":2}},"categories":[23],"tags":[155,20,156,154,33],"class_list":["post-486","post","type-post","status-publish","format-standard","has-post-thumbnail","hentry","category-grandes-autores","tag-frases-de-livros","tag-frases-inspiradoras","tag-jorge-amado","tag-literatura-brasileira","tag-mensagens-inspiradoras"],"jetpack_publicize_connections":[],"jetpack_featured_media_url":"https:\/\/mensagensqueinspiram.com.br\/wp-content\/uploads\/2025\/01\/833da56c-78fe-5af5-8d72-54c08455532e.jpg","jetpack_sharing_enabled":true,"_links":{"self":[{"href":"https:\/\/mensagensqueinspiram.com.br\/en\/wp-json\/wp\/v2\/posts\/486","targetHints":{"allow":["GET"]}}],"collection":[{"href":"https:\/\/mensagensqueinspiram.com.br\/en\/wp-json\/wp\/v2\/posts"}],"about":[{"href":"https:\/\/mensagensqueinspiram.com.br\/en\/wp-json\/wp\/v2\/types\/post"}],"author":[{"embeddable":true,"href":"https:\/\/mensagensqueinspiram.com.br\/en\/wp-json\/wp\/v2\/users\/1"}],"replies":[{"embeddable":true,"href":"https:\/\/mensagensqueinspiram.com.br\/en\/wp-json\/wp\/v2\/comments?post=486"}],"version-history":[{"count":3,"href":"https:\/\/mensagensqueinspiram.com.br\/en\/wp-json\/wp\/v2\/posts\/486\/revisions"}],"predecessor-version":[{"id":500,"href":"https:\/\/mensagensqueinspiram.com.br\/en\/wp-json\/wp\/v2\/posts\/486\/revisions\/500"}],"wp:featuredmedia":[{"embeddable":true,"href":"https:\/\/mensagensqueinspiram.com.br\/en\/wp-json\/wp\/v2\/media\/496"}],"wp:attachment":[{"href":"https:\/\/mensagensqueinspiram.com.br\/en\/wp-json\/wp\/v2\/media?parent=486"}],"wp:term":[{"taxonomy":"category","embeddable":true,"href":"https:\/\/mensagensqueinspiram.com.br\/en\/wp-json\/wp\/v2\/categories?post=486"},{"taxonomy":"post_tag","embeddable":true,"href":"https:\/\/mensagensqueinspiram.com.br\/en\/wp-json\/wp\/v2\/tags?post=486"}],"curies":[{"name":"wp","href":"https:\/\/api.w.org\/{rel}","templated":true}]}}