{"id":5177,"date":"2026-03-09T16:15:53","date_gmt":"2026-03-09T19:15:53","guid":{"rendered":"https:\/\/mensagensqueinspiram.com.br\/frases-de-reflexao-profunda-para-pensar\/"},"modified":"2026-03-10T08:08:30","modified_gmt":"2026-03-10T11:08:30","slug":"deep-reflection-phrases-to-think-about","status":"publish","type":"post","link":"https:\/\/mensagensqueinspiram.com.br\/en\/frases-de-reflexao-profunda-para-pensar\/","title":{"rendered":"Deep Reflection Quotes to Think About! Get Inspired Now"},"content":{"rendered":"<div id=\"ez-toc-container\" class=\"ez-toc-v2_0_82_2 counter-hierarchy ez-toc-counter ez-toc-custom ez-toc-container-direction\">\n<div class=\"ez-toc-title-container\">\n<p class=\"ez-toc-title\" style=\"cursor:inherit\">Index<\/p>\n<span class=\"ez-toc-title-toggle\"><a href=\"#\" class=\"ez-toc-pull-right ez-toc-btn ez-toc-btn-xs ez-toc-btn-default ez-toc-toggle\" aria-label=\"Toggle Table of Content\"><span class=\"ez-toc-js-icon-con\"><span class=\"\"><span class=\"eztoc-hide\" style=\"display:none;\">Toggle<\/span><span class=\"ez-toc-icon-toggle-span\"><svg style=\"fill: #150042;color:#150042\" xmlns=\"http:\/\/www.w3.org\/2000\/svg\" class=\"list-377408\" width=\"20px\" height=\"20px\" viewbox=\"0 0 24 24\" fill=\"none\"><path d=\"M6 6H4v2h2V6zm14 0H8v2h12V6zM4 11h2v2H4v-2zm16 0H8v2h12v-2zM4 16h2v2H4v-2zm16 0H8v2h12v-2z\" fill=\"currentColor\"><\/path><\/svg><svg style=\"fill: #150042;color:#150042\" class=\"arrow-unsorted-368013\" xmlns=\"http:\/\/www.w3.org\/2000\/svg\" width=\"10px\" height=\"10px\" viewbox=\"0 0 24 24\" version=\"1.2\" baseprofile=\"tiny\"><path d=\"M18.2 9.3l-6.2-6.3-6.2 6.3c-.2.2-.3.4-.3.7s.1.5.3.7c.2.2.4.3.7.3h11c.3 0 .5-.1.7-.3.2-.2.3-.5.3-.7s-.1-.5-.3-.7zM5.8 14.7l6.2 6.3 6.2-6.3c.2-.2.3-.5.3-.7s-.1-.5-.3-.7c-.2-.2-.4-.3-.7-.3h-11c-.3 0-.5.1-.7.3-.2.2-.3.5-.3.7s.1.5.3.7z\"\/><\/svg><\/span><\/span><\/span><\/a><\/span><\/div>\n<nav><ul class='ez-toc-list ez-toc-list-level-1 eztoc-toggle-hide-by-default' ><li class='ez-toc-page-1 ez-toc-heading-level-2'><a class=\"ez-toc-link ez-toc-heading-1\" href=\"https:\/\/mensagensqueinspiram.com.br\/en\/frases-de-reflexao-profunda-para-pensar\/#O_Poder_das_Frases_que_Nos_Fazem_Pensar\" >O Poder das Frases que Nos Fazem Pensar<\/a><\/li><li class='ez-toc-page-1 ez-toc-heading-level-2'><a class=\"ez-toc-link ez-toc-heading-2\" href=\"https:\/\/mensagensqueinspiram.com.br\/en\/frases-de-reflexao-profunda-para-pensar\/#Frases_de_Reflexao_Profunda_para_o_Dia_a_Dia\" >Frases de Reflex\u00e3o Profunda para o Dia a Dia<\/a><\/li><li class='ez-toc-page-1 ez-toc-heading-level-2'><a class=\"ez-toc-link ez-toc-heading-3\" href=\"https:\/\/mensagensqueinspiram.com.br\/en\/frases-de-reflexao-profunda-para-pensar\/#Grandes_Pensadores_e_Suas_Reflexoes_Atemporais\" >Grandes Pensadores e Suas Reflex\u00f5es Atemporais<\/a><\/li><li class='ez-toc-page-1 ez-toc-heading-level-2'><a class=\"ez-toc-link ez-toc-heading-4\" href=\"https:\/\/mensagensqueinspiram.com.br\/en\/frases-de-reflexao-profunda-para-pensar\/#Encontrando_a_Paz_Interior_com_Palavras_de_Sabedoria\" >Encontrando a Paz Interior com Palavras de Sabedoria<\/a><\/li><li class='ez-toc-page-1 ez-toc-heading-level-2'><a class=\"ez-toc-link ez-toc-heading-5\" href=\"https:\/\/mensagensqueinspiram.com.br\/en\/frases-de-reflexao-profunda-para-pensar\/#Frases_para_Superar_Desafios_e_Crescer\" >Frases para Superar Desafios e Crescer<\/a><\/li><li class='ez-toc-page-1 ez-toc-heading-level-2'><a class=\"ez-toc-link ez-toc-heading-6\" href=\"https:\/\/mensagensqueinspiram.com.br\/en\/frases-de-reflexao-profunda-para-pensar\/#Como_Integrar_a_Reflexao_em_Sua_Rotina\" >Como Integrar a Reflex\u00e3o em Sua Rotina<\/a><\/li><li class='ez-toc-page-1 ez-toc-heading-level-2'><a class=\"ez-toc-link ez-toc-heading-7\" href=\"https:\/\/mensagensqueinspiram.com.br\/en\/frases-de-reflexao-profunda-para-pensar\/#Seu_Convite_a_Reflexao_Diaria\" >Seu Convite \u00e0 Reflex\u00e3o Di\u00e1ria<\/a><\/li><li class='ez-toc-page-1 ez-toc-heading-level-2'><a class=\"ez-toc-link ez-toc-heading-8\" href=\"https:\/\/mensagensqueinspiram.com.br\/en\/frases-de-reflexao-profunda-para-pensar\/#FAQ_%E2%80%93_Duvidas_Comuns_Sobre_Frases_de_Reflexao_Profunda_para_Pensar\" >FAQ &#8211; D\u00favidas Comuns Sobre Frases de Reflex\u00e3o Profunda para Pensar<\/a><ul class='ez-toc-list-level-3' ><li class='ez-toc-heading-level-3'><a class=\"ez-toc-link ez-toc-heading-9\" href=\"https:\/\/mensagensqueinspiram.com.br\/en\/frases-de-reflexao-profunda-para-pensar\/#1_Como_posso_usar_as_frases_de_reflexao_profunda_para_pensar_no_meu_dia_a_dia\" >1. Como posso usar as frases de reflex\u00e3o profunda para pensar no meu dia a dia?<\/a><\/li><li class='ez-toc-page-1 ez-toc-heading-level-3'><a class=\"ez-toc-link ez-toc-heading-10\" href=\"https:\/\/mensagensqueinspiram.com.br\/en\/frases-de-reflexao-profunda-para-pensar\/#2_Por_que_ler_frases_de_reflexao_ajuda_no_meu_processo_de_autoconhecimento\" >2. Por que ler frases de reflex\u00e3o ajuda no meu processo de autoconhecimento?<\/a><\/li><li class='ez-toc-page-1 ez-toc-heading-level-3'><a class=\"ez-toc-link ez-toc-heading-11\" href=\"https:\/\/mensagensqueinspiram.com.br\/en\/frases-de-reflexao-profunda-para-pensar\/#3_Essas_frases_podem_realmente_ajudar_a_superar_momentos_dificeis\" >3. Essas frases podem realmente ajudar a superar momentos dif\u00edceis?<\/a><\/li><li class='ez-toc-page-1 ez-toc-heading-level-3'><a class=\"ez-toc-link ez-toc-heading-12\" href=\"https:\/\/mensagensqueinspiram.com.br\/en\/frases-de-reflexao-profunda-para-pensar\/#4_Onde_encontro_frases_de_reflexao_profunda_para_pensar_de_autores_famosos\" >4. Onde encontro frases de reflex\u00e3o profunda para pensar de autores famosos?<\/a><\/li><li class='ez-toc-page-1 ez-toc-heading-level-3'><a class=\"ez-toc-link ez-toc-heading-13\" href=\"https:\/\/mensagensqueinspiram.com.br\/en\/frases-de-reflexao-profunda-para-pensar\/#5_Posso_compartilhar_essas_mensagens_de_inspiracao_com_outras_pessoas\" >5. Posso compartilhar essas mensagens de inspira\u00e7\u00e3o com outras pessoas?<\/a><\/li><\/ul><\/li><\/ul><\/nav><\/div>\n\n<p>Voc\u00ea j\u00e1 parou para pensar na for\u00e7a que algumas palavras t\u00eam? Aquelas que nos fazem pausar, respirar fundo e enxergar a vida sob uma nova luz. Eu acredito que a verdadeira inspira\u00e7\u00e3o reside na capacidade de refletir, de ir al\u00e9m do \u00f3bvio e encontrar significados mais profundos em nosso cotidiano.<\/p>\n\n\n\n<p>\u00c9 por isso que preparei uma sele\u00e7\u00e3o especial de <strong>frases de reflex\u00e3o profunda para pensar<\/strong>, pensadas para tocar sua alma e provocar um despertar interior. Permita-se ser guiado por estas palavras e descubra novas perspectivas que podem iluminar seu caminho e trazer mais positividade para seus dias.<\/p>\n\n\n\n<h2 class=\"wp-block-heading\"><span class=\"ez-toc-section\" id=\"O_Poder_das_Frases_que_Nos_Fazem_Pensar\"><\/span>O Poder das Frases que Nos Fazem Pensar<span class=\"ez-toc-section-end\"><\/span><\/h2>\n\n\n\n<p>Eu sempre acreditei que as palavras possuem uma <strong>for\u00e7a invis\u00edvel<\/strong> capaz de moldar nossa realidade interna.<\/p>\n\n\n\n<p>Muitas vezes, estamos mergulhados em uma rotina autom\u00e1tica e esquecemos de <strong>olhar para dentro<\/strong>.<\/p>\n\n\n\n<p>Uma frase de reflex\u00e3o profunda para pensar funciona como um espelho que revela o que est\u00e1 escondido na alma.<\/p>\n\n\n\n<p>As you said <strong>Socrates<\/strong>: <em>&#8220;A vida n\u00e3o examinada n\u00e3o vale a pena ser vivida.&#8221;<\/em><\/p>\n\n\n\n<p>Essa busca pelo autoconhecimento \u00e9 o que nos diferencia e nos permite evoluir como seres humanos.<\/p>\n\n\n\n<p>Eu percebo que, ao ler uma mensagem impactante, algo em nosso c\u00e9rebro <strong>desperta para novas possibilidades<\/strong>.<\/p>\n\n\n\n<p>As palavras certas podem ser o gatilho necess\u00e1rio para uma <strong>change of perspective<\/strong> que esper\u00e1vamos h\u00e1 anos.<\/p>\n\n\n\n<p><strong>Plato<\/strong> nos ensinou que <em>&#8220;Onde n\u00e3o h\u00e1 igualdade, a amizade n\u00e3o perdura&#8221;<\/em>, nos fazendo refletir sobre nossas rela\u00e7\u00f5es.<\/p>\n\n\n\n<p>Eu sinto que a reflex\u00e3o \u00e9 uma pausa sagrada em um mundo que nos exige velocidade constante.<\/p>\n\n\n\n<p>\u00c9 o momento em que paramos de apenas existir e passamos a <strong>viver com prop\u00f3sito<\/strong>.<\/p>\n\n\n\n<p><strong>Sigmund Freud<\/strong> afirmou certa vez: <em>&#8220;A nossa felicidade no bem-estar depende da harmonia da nossa alma.&#8221;<\/em><\/p>\n\n\n\n<p>Essa harmonia s\u00f3 \u00e9 alcan\u00e7ada quando nos permitimos questionar nossas certezas e explorar nossos sentimentos.<\/p>\n\n\n\n<p>Eu vejo as frases de impacto como pequenas sementes de <a href=\"https:\/\/mensagensqueinspiram.com.br\/en\/a-sabedoria-de-gandhi\/\">wisdom<\/a> plantadas no solo da nossa mente.<\/p>\n\n\n\n<p>Com o tempo e a medita\u00e7\u00e3o correta, essas sementes florescem em forma de <strong>atitudes mais conscientes<\/strong>.<\/p>\n\n\n\n<p><strong>Carl Jung<\/strong> trouxe uma vis\u00e3o profunda ao dizer: <em>&#8220;Olhar para fora \u00e9 sonhar, olhar para dentro \u00e9 despertar.&#8221;<\/em><\/p>\n\n\n\n<p>Eu convido voc\u00ea a usar este espa\u00e7o para esse despertar, permitindo que cada letra toque seu cora\u00e7\u00e3o.<\/p>\n\n\n\n<p>A reflex\u00e3o n\u00e3o \u00e9 um exerc\u00edcio de tristeza, mas um <strong>ato de liberdade<\/strong> e amor-pr\u00f3prio.<\/p>\n\n\n\n<p>\u00c9 atrav\u00e9s dela que descobrimos quem realmente somos, al\u00e9m das expectativas alheias.<\/p>\n\n\n\n<h2 class=\"wp-block-heading\"><span class=\"ez-toc-section\" id=\"Frases_de_Reflexao_Profunda_para_o_Dia_a_Dia\"><\/span>Frases de Reflex\u00e3o Profunda para o Dia a Dia<span class=\"ez-toc-section-end\"><\/span><\/h2>\n\n\n\n<figure class=\"wp-block-image\"><img decoding=\"async\" src=\"https:\/\/mensagensqueinspiram.com.br\/wp-content\/uploads\/2026\/03\/frases-para-o-dia-a-dia.webp\" alt=\"Caderno com frases de reflex\u00e3o profunda para pensar, caneta e mesa de madeira.\" title=\"Frases para o Dia a Dia\"\/><figcaption class=\"wp-element-caption\">Pequenas frases, grandes reflex\u00f5es para cada dia.<\/figcaption><\/figure>\n\n\n\n<p>Eu gosto de pensar que cada dia \u00e9 uma p\u00e1gina em branco que merece uma <strong>reflex\u00e3o especial<\/strong>.<\/p>\n\n\n\n<p>\u00c0s vezes, uma frase curta \u00e9 o suficiente para mudar o tom de uma manh\u00e3 cinzenta.<\/p>\n\n\n\n<p><strong>Mahatma <a href=\"https:\/\/mensagensqueinspiram.com.br\/en\/gandhi-em-frases\/\">Gandhi<\/a><\/strong> nos deixou um lema eterno: <em>\u201cBe the change you wish to see in the world.\u201d<\/em><\/p>\n\n\n\n<p>Eu tento aplicar isso nas pequenas escolhas, desde um sorriso no elevador at\u00e9 a paci\u00eancia no tr\u00e2nsito.<\/p>\n\n\n\n<p>A vida cotidiana \u00e9 cheia de oportunidades para praticarmos a <strong>presen\u00e7a plena<\/strong> e a gratid\u00e3o.<\/p>\n\n\n\n<p><strong>Paulo Coelho<\/strong> escreveu: <em>&#8220;A possibilidade de realizar um sonho \u00e9 o que torna a vida interessante.&#8221;<\/em><\/p>\n\n\n\n<p>Eu concordo plenamente, pois s\u00e3o os nossos sonhos que d\u00e3o cor aos nossos dias comuns.<\/p>\n\n\n\n<p>Muitas vezes, a profundidade est\u00e1 na simplicidade das coisas que ignoramos por pressa.<\/p>\n\n\n\n<p><strong>Clarice Lispector<\/strong> dizia: <em>&#8220;At\u00e9 onde posso vou deixando o melhor de mim\u2026 se eu n\u00e3o for, quem ir\u00e1 por mim?&#8221;<\/em><\/p>\n\n\n\n<p>Essa frase me faz pensar sobre a <strong>responsabilidade<\/strong> que tenho sobre a minha pr\u00f3pria hist\u00f3ria.<\/p>\n\n\n\n<p>Eu selecionei algumas mensagens que podem servir de b\u00fassola para sua jornada di\u00e1ria:<\/p>\n\n\n\n<ul class=\"wp-block-list\">\n<li><em>&#8220;Tudo o que somos \u00e9 o resultado do que pensamos.&#8221;<\/em> \u2013 <strong>Buddha<\/strong><\/li>\n\n\n\n<li><em>\u201cLife is what happens while you are busy making other plans.\u201d<\/em> \u2013 <strong>John Lennon<\/strong><\/li>\n\n\n\n<li><em>&#8220;N\u00e3o espere por grandes momentos. Pegue os pequenos e torne-os grandes.&#8221;<\/em> \u2013 <strong>Author Unknown<\/strong><\/li>\n\n\n\n<li><em>&#8220;Onde n\u00e3o puderes amar, n\u00e3o te demores.&#8221;<\/em> \u2013 <strong>Frida Kahlo<\/strong><\/li>\n\n\n\n<li><em>\u201cSimplicity is the ultimate sophistication.\u201d<\/em> \u2013 <strong>Leonardo da Vinci<\/strong><\/li>\n<\/ul>\n\n\n\n<p>Eu sinto que essas palavras nos ajudam a manter os p\u00e9s no ch\u00e3o e a alma elevada.<\/p>\n\n\n\n<p>A reflex\u00e3o di\u00e1ria nos impede de sermos levados pela correnteza das obriga\u00e7\u00f5es vazias.<\/p>\n\n\n\n<p><strong>Guimar\u00e3es Rosa<\/strong> afirmou: <em>&#8220;O correr da vida embrulha tudo. A vida \u00e9 assim: esquenta e esfria, aperta e da\u00ed afrouxa.&#8221;<\/em><\/p>\n\n\n\n<p>Entender essa dualidade \u00e9 essencial para n\u00e3o perdermos o equil\u00edbrio nos dias dif\u00edceis.<\/p>\n\n\n\n<p><strong>Cec\u00edlia Meireles<\/strong> nos lembrou: <em>&#8220;A vida s\u00f3 \u00e9 poss\u00edvel reinventada.&#8221;<\/em><\/p>\n\n\n\n<p>Eu me reinvento a cada frase que leio e permito que ela transforme meu olhar sobre o pr\u00f3ximo.<\/p>\n\n\n\n<h2 class=\"wp-block-heading\"><span class=\"ez-toc-section\" id=\"Grandes_Pensadores_e_Suas_Reflexoes_Atemporais\"><\/span>Grandes Pensadores e Suas Reflex\u00f5es Atemporais<span class=\"ez-toc-section-end\"><\/span><\/h2>\n\n\n\n<p>A hist\u00f3ria da humanidade \u00e9 escrita por mentes que ousaram pensar al\u00e9m do seu tempo.<\/p>\n\n\n\n<p>Eu me sinto honrado em compartilhar pensamentos que sobreviveram aos s\u00e9culos e ainda fazem sentido.<\/p>\n\n\n\n<p><strong>Friedrich Nietzsche<\/strong> provocou: <em>&#8220;O que n\u00e3o nos mata, nos torna mais fortes.&#8221;<\/em><\/p>\n\n\n\n<p>Essa frase de reflex\u00e3o profunda para pensar \u00e9 um pilar para quem busca <strong>resilience<\/strong>.<\/p>\n\n\n\n<p>A filosofia nos oferece um mapa para navegar nas \u00e1guas turvas da exist\u00eancia humana.<\/p>\n\n\n\n<p><strong>Seneca<\/strong>, o grande estoico, dizia: <em>&#8220;N\u00e3o \u00e9 que temos pouco tempo, \u00e9 que perdemos muito.&#8221;<\/em><\/p>\n\n\n\n<p>Eu reflito sobre isso sempre que me sinto sobrecarregado por tarefas que n\u00e3o alimentam minha alma.<\/p>\n\n\n\n<p><strong>Marcus Aurelius<\/strong> ensinava: <em>&#8220;A felicidade de sua vida depende da qualidade de seus pensamentos.&#8221;<\/em><\/p>\n\n\n\n<p>Isso refor\u00e7a a ideia de que somos os arquitetos da nossa pr\u00f3pria paz ou do nosso caos.<\/p>\n\n\n\n<p><strong><a href=\"https:\/\/mensagensqueinspiram.com.br\/en\/aristoteles-e-a-sabedoria-que-transcende-o-tempo\/\">Aristotle<\/a><\/strong> acreditava que <em>&#8220;A excel\u00eancia n\u00e3o \u00e9 um ato, mas um h\u00e1bito&#8221;<\/em>, o que nos chama \u00e0 const\u00e2ncia.<\/p>\n\n\n\n<p>Eu vejo na sabedoria oriental um complemento perfeito para nossa busca por sentido.<\/p>\n\n\n\n<p><strong>Confucius<\/strong> afirmava: <em>\u201cIt doesn't matter how slowly you go, as long as you don't stop.\u201d<\/em><\/p>\n\n\n\n<p>Essa paci\u00eancia \u00e9 fundamental para quem deseja construir algo duradouro e verdadeiro.<\/p>\n\n\n\n<p><strong>Lao Tzu<\/strong> nos trouxe uma li\u00e7\u00e3o de humildade: <em>&#8220;Aquele que conhece os outros \u00e9 s\u00e1bio; aquele que conhece a si mesmo \u00e9 iluminado.&#8221;<\/em><\/p>\n\n\n\n<p>Eu busco essa ilumina\u00e7\u00e3o todos os dias, mergulhando nas p\u00e1ginas de grandes livros.<\/p>\n\n\n\n<p><strong>Rumi<\/strong>, o poeta m\u00edstico, escreveu: <em>&#8220;Ontem eu era inteligente, queria mudar o mundo. Hoje sou s\u00e1bio, estou mudando a mim mesmo.&#8221;<\/em><\/p>\n\n\n\n<p>Essa \u00e9, talvez, a maior de todas as reflex\u00f5es que podemos levar para o cora\u00e7\u00e3o.<\/p>\n\n\n\n<p><strong>Khalil Gibran<\/strong> nos ensinou sobre a dor: <em>&#8220;Sua dor \u00e9 a quebra da casca que encerra seu entendimento.&#8221;<\/em><\/p>\n\n\n\n<p>Eu entendo agora que cada desafio \u00e9 uma porta aberta para uma nova compreens\u00e3o da vida.<\/p>\n\n\n\n<p><strong>Oscar Wilde<\/strong> com sua ironia genial disse: <em>\u201cLiving is the rarest thing in the world. Most people just exist.\u201d<\/em><\/p>\n\n\n\n<p>Eu escrevo este blog justamente para que possamos, juntos, aprender a <strong>viver de verdade<\/strong>.<\/p>\n\n\n\n<h2 class=\"wp-block-heading\"><span class=\"ez-toc-section\" id=\"Encontrando_a_Paz_Interior_com_Palavras_de_Sabedoria\"><\/span>Encontrando a Paz Interior com Palavras de Sabedoria<span class=\"ez-toc-section-end\"><\/span><\/h2>\n\n\n\n<figure class=\"wp-block-image\"><img decoding=\"async\" src=\"https:\/\/mensagensqueinspiram.com.br\/wp-content\/uploads\/2026\/03\/paz-interior-e-sabedoria.webp\" alt=\"Medita\u00e7\u00e3o em natureza serena, simbolizando paz interior e sabedoria.\" title=\"Paz Interior e Sabedoria\"\/><figcaption class=\"wp-element-caption\">Pequenas frases, grandes reflex\u00f5es para cada dia.<\/figcaption><\/figure>\n\n\n\n<p>Eu acredito que a paz interior n\u00e3o \u00e9 a aus\u00eancia de problemas, mas a presen\u00e7a de serenidade.<\/p>\n\n\n\n<p>Encontrar esse estado de esp\u00edrito exige sil\u00eancio e uma curadoria cuidadosa do que deixamos entrar na mente.<\/p>\n\n\n\n<p><strong>Thich Nhat Hanh<\/strong> ensinava: <em>&#8220;A paz est\u00e1 presente aqui e agora, dentro de n\u00f3s e em tudo o que fazemos.&#8221;<\/em><\/p>\n\n\n\n<p>Eu tento buscar essa paz no ritmo da minha respira\u00e7\u00e3o e na leitura de textos que acalmam.<\/p>\n\n\n\n<p><strong>Eckhart Tolle<\/strong> afirma que <em>&#8220;O poder para criar um futuro melhor est\u00e1 no momento presente.&#8221;<\/em><\/p>\n\n\n\n<p>Quando paramos de sofrer pelo que passou ou pelo que vir\u00e1, a paz finalmente floresce.<\/p>\n\n\n\n<p><strong>Mother Teresa of Calcutta<\/strong> dizia com do\u00e7ura: <em>\u201cPeace begins with a smile.\u201d<\/em><\/p>\n\n\n\n<p>Eu percebo que a leveza externa \u00e9 sempre um reflexo de uma alma que se resolveu por dentro.<\/p>\n\n\n\n<p><strong>S\u00e3o Francisco de Assis<\/strong> nos deixou uma ora\u00e7\u00e3o que \u00e9 pura reflex\u00e3o sobre o equil\u00edbrio emocional.<\/p>\n\n\n\n<p><em>&#8220;Onde houver \u00f3dio, que eu leve o amor&#8221;<\/em>, \u00e9 um guia pr\u00e1tico para manter a paz nas rela\u00e7\u00f5es.<\/p>\n\n\n\n<p>Eu gosto de recorrer a autores brasileiros que tocam nossa sensibilidade de forma \u00fanica.<\/p>\n\n\n\n<p><strong>Augusto Cury<\/strong> nos lembra: <em>&#8220;Sem sonhos, a vida n\u00e3o tem brilho. Sem metas, os sonhos n\u00e3o t\u00eam alicerces.&#8221;<\/em><\/p>\n\n\n\n<p>Ter essa clareza nos traz uma paz mental incr\u00edvel, pois sabemos para onde estamos caminhando.<\/p>\n\n\n\n<p><strong>Chico Xavier<\/strong> foi um mestre da serenidade e dizia: <em>&#8220;Tudo passa&#8221;<\/em>, uma frase curta e avassaladora.<\/p>\n\n\n\n<p>Eu me conforto nessa verdade quando os dias parecem pesados demais para carregar.<\/p>\n\n\n\n<p><strong>Cora Coralina<\/strong> escreveu: <em>&#8220;O que vale na vida n\u00e3o \u00e9 o ponto de partida e sim a caminhada.&#8221;<\/em><\/p>\n\n\n\n<p>Abaixo, preparei uma tabela com conceitos que ajudam na busca por essa harmonia:<\/p>\n\n\n\n<figure class=\"wp-block-table\"><table class=\"has-fixed-layout\"><thead><tr><th class=\"has-text-align-left\" data-align=\"left\">Conceito<\/th><th class=\"has-text-align-left\" data-align=\"left\">Pr\u00e1tica Sugerida<\/th><th class=\"has-text-align-left\" data-align=\"left\">Benef\u00edcio Esperado<\/th><\/tr><\/thead><tbody><tr><td class=\"has-text-align-left\" data-align=\"left\"><strong>Acceptance<\/strong><\/td><td class=\"has-text-align-left\" data-align=\"left\">Reconhecer o que n\u00e3o se pode mudar<\/td><td class=\"has-text-align-left\" data-align=\"left\">Reducing anxiety<\/td><\/tr><tr><td class=\"has-text-align-left\" data-align=\"left\"><strong>Desapego<\/strong><\/td><td class=\"has-text-align-left\" data-align=\"left\">Soltar m\u00e1goas do passado<\/td><td class=\"has-text-align-left\" data-align=\"left\">Leveza emocional<\/td><\/tr><tr><td class=\"has-text-align-left\" data-align=\"left\"><strong>Presence<\/strong><\/td><td class=\"has-text-align-left\" data-align=\"left\">Focar no aqui e agora<\/td><td class=\"has-text-align-left\" data-align=\"left\">Mental clarity<\/td><\/tr><tr><td class=\"has-text-align-left\" data-align=\"left\"><strong>Gratitude<\/strong><\/td><td class=\"has-text-align-left\" data-align=\"left\">Listar tr\u00eas b\u00ean\u00e7\u00e3os di\u00e1rias<\/td><td class=\"has-text-align-left\" data-align=\"left\">Satisfa\u00e7\u00e3o interior<\/td><\/tr><\/tbody><\/table><\/figure>\n\n\n\n<p>Eu sinto que, ao integrarmos essas palavras, a vida se torna um rio mais calmo.<\/p>\n\n\n\n<p>A paz \u00e9 uma constru\u00e7\u00e3o di\u00e1ria feita de tijolos de sabedoria e cimento de paci\u00eancia.<\/p>\n\n\n\n<p><strong>Buddha<\/strong> resumiu bem: <em>\u201cThe mind is everything. What you think, you become.\u201d<\/em><\/p>\n\n\n\n<p>Eu escolho pensar em paz, para que minha vida seja o reflexo dessa escolha.<\/p>\n\n\n\n<h2 class=\"wp-block-heading\"><span class=\"ez-toc-section\" id=\"Frases_para_Superar_Desafios_e_Crescer\"><\/span>Frases para Superar Desafios e Crescer<span class=\"ez-toc-section-end\"><\/span><\/h2>\n\n\n\n<p>Eu sei que a vida, muitas vezes, nos apresenta obst\u00e1culos que parecem intranspon\u00edveis.<\/p>\n\n\n\n<p>Nesses momentos, a reflex\u00e3o profunda se torna nossa maior aliada para encontrar for\u00e7a.<\/p>\n\n\n\n<p><strong>Nelson Mandela<\/strong> \u00e9 um exemplo de supera\u00e7\u00e3o e disse: <em>&#8220;A coragem n\u00e3o \u00e9 a aus\u00eancia do medo, mas o triunfo sobre ele.&#8221;<\/em><\/p>\n\n\n\n<p>Eu guardo essa frase no peito sempre que sinto receio de dar um novo passo.<\/p>\n\n\n\n<p><strong>Winston Churchill<\/strong> refor\u00e7ava: <em>&#8220;O sucesso \u00e9 ir de fracasso em fracasso sem perder o entusiasmo.&#8221;<\/em><\/p>\n\n\n\n<p>Essa persist\u00eancia \u00e9 o que separa aqueles que desistem dos que alcan\u00e7am seus prop\u00f3sitos.<\/p>\n\n\n\n<p><strong>Martin Luther King Jr.<\/strong> nos inspirou com: <em>&#8220;Se voc\u00ea n\u00e3o pode voar, corra. Se n\u00e3o pode correr, ande.&#8221;<\/em><\/p>\n\n\n\n<p>O importante, como eu sempre digo, \u00e9 nunca deixar de se movimentar em dire\u00e7\u00e3o ao bem.<\/p>\n\n\n\n<p><strong>Maya Angelou<\/strong> escreveu lindamente: <em>&#8220;Voc\u00ea pode encontrar muitas derrotas, mas n\u00e3o deve ser derrotado.&#8221;<\/em><\/p>\n\n\n\n<p>Eu vejo cada queda como uma li\u00e7\u00e3o valiosa que nos prepara para voos mais altos.<\/p>\n\n\n\n<p><strong>Helen Keller<\/strong>, que superou barreiras incr\u00edveis, dizia: <em>\u201cOptimism is the faith that leads to fulfillment.\u201d<\/em><\/p>\n\n\n\n<p>Sem essa chama interna, \u00e9 imposs\u00edvel atravessar os t\u00faneis escuros da adversidade.<\/p>\n\n\n\n<p><strong>Eleanor Roosevelt<\/strong> nos desafiou: <em>&#8220;Voc\u00ea deve fazer as coisas que acha que n\u00e3o pode fazer.&#8221;<\/em><\/p>\n\n\n\n<p>Eu acredito que o crescimento pessoal acontece justamente fora da nossa zona de conforto.<\/p>\n\n\n\n<p><strong>Steve Jobs<\/strong> lembrava que <em>\u201cThe only way to do great work is to love what you do.\u201d<\/em><\/p>\n\n\n\n<p>Quando colocamos amor no que enfrentamos, o peso do desafio diminui consideravelmente.<\/p>\n\n\n\n<p><strong>Walt Disney<\/strong> afirmava: <em>&#8220;Se voc\u00ea pode sonhar, voc\u00ea pode fazer&#8221;<\/em>, incentivando nossa capacidade realizadora.<\/p>\n\n\n\n<p>Eu selecionei mais algumas p\u00e9rolas de sabedoria para fortalecer seu esp\u00edrito:<\/p>\n\n\n\n<ul class=\"wp-block-list\">\n<li><em>\u201cPersistence is the path to success.\u201d<\/em> \u2013 <strong>Charles Chaplin<\/strong><\/li>\n\n\n\n<li><em>&#8220;Tudo o que um sonho precisa para ser realizado \u00e9 algu\u00e9m que acredite nele.&#8221;<\/em> \u2013 <strong>Roberto Shinyashiki<\/strong><\/li>\n\n\n\n<li><em>&#8220;N\u00e3o somos o que sabemos, somos o que estamos dispostos a aprender.&#8221;<\/em> \u2013 <strong>Mary Catherine Bateson<\/strong><\/li>\n\n\n\n<li><em>&#8220;A intelig\u00eancia \u00e9 a habilidade de se adaptar \u00e0 mudan\u00e7a.&#8221;<\/em> \u2013 <strong>Stephen Hawking<\/strong><\/li>\n\n\n\n<li><em>&#8220;A vida \u00e9 10% o que acontece comigo e 90% como eu reajo a isso.&#8221;<\/em> \u2013 <strong>Charles Swindoll<\/strong><\/li>\n<\/ul>\n\n\n\n<p>Eu percebo que a nossa rea\u00e7\u00e3o \u00e9 o que define o tamanho do nosso crescimento.<\/p>\n\n\n\n<p>N\u00e3o podemos controlar o vento, mas eu aprendi que podemos ajustar as velas.<\/p>\n\n\n\n<p><strong>Peter Drucker<\/strong> dizia: <em>\u201cThe best way to predict the future is to create it.\u201d<\/em><\/p>\n\n\n\n<p>Eu convido voc\u00ea a criar um futuro de supera\u00e7\u00e3o, usando cada frase como um degrau.<\/p>\n\n\n\n<h2 class=\"wp-block-heading\"><span class=\"ez-toc-section\" id=\"Como_Integrar_a_Reflexao_em_Sua_Rotina\"><\/span>Como Integrar a Reflex\u00e3o em Sua Rotina<span class=\"ez-toc-section-end\"><\/span><\/h2>\n\n\n\n<p>Eu sei que a teoria \u00e9 linda, mas a pr\u00e1tica \u00e9 o que realmente transforma nossa vida.<\/p>\n\n\n\n<p>Integrar a reflex\u00e3o profunda no dia a dia n\u00e3o precisa ser algo complexo ou demorado.<\/p>\n\n\n\n<p>Uma dica que eu aplico \u00e9 a <strong>leitura di\u00e1ria<\/strong> de uma \u00fanica frase logo ao acordar.<\/p>\n\n\n\n<p>Deixe que essa mensagem ecoe na sua mente enquanto voc\u00ea toma seu caf\u00e9 ou se arruma.<\/p>\n\n\n\n<p><strong>Albert Einstein<\/strong> dizia: <em>\u201cImagination is more important than knowledge.\u201d<\/em><\/p>\n\n\n\n<p>Eu uso essa frase para me permitir sonhar e criar solu\u00e7\u00f5es criativas para meus problemas.<\/p>\n\n\n\n<p>Outra pr\u00e1tica poderosa \u00e9 a escrita em um <strong>di\u00e1rio de reflex\u00f5es<\/strong> or <em>journaling<\/em>.<\/p>\n\n\n\n<p>Anote uma frase que te tocou e escreva dois par\u00e1grafos sobre como ela se aplica \u00e0 sua vida.<\/p>\n\n\n\n<p><strong>Vidal Sassoon<\/strong> brincava: <em>\u201cThe only place where success comes before work is in the dictionary.\u201d<\/em><\/p>\n\n\n\n<p>Escrever exige esfor\u00e7o, mas o resultado em clareza mental \u00e9 simplesmente gratificante.<\/p>\n\n\n\n<p>Eu tamb\u00e9m recomendo momentos de <strong>guided meditation<\/strong> por palavras de sabedoria.<\/p>\n\n\n\n<p>Feche os olhos e repita uma afirma\u00e7\u00e3o que traga for\u00e7a, como se fosse um mantra pessoal.<\/p>\n\n\n\n<p><strong><a href=\"https:\/\/pt.wikipedia.org\/wiki\/Stephen_Hawking\" target=\"_blank\" rel=\"noreferrer noopener\">Stephen Hawking<\/a><\/strong> nos lembrou da import\u00e2ncia de manter a curiosidade viva sempre.<\/p>\n\n\n\n<p><em>&#8220;Lembre-se de olhar para as estrelas e n\u00e3o para os seus p\u00e9s&#8221;<\/em>, ele recomendava com sabedoria.<\/p>\n\n\n\n<p>Eu tento fazer isso todas as noites, agradecendo pelas li\u00e7\u00f5es que o dia me trouxe.<\/p>\n\n\n\n<p><strong>Eleanor Roosevelt<\/strong> tamb\u00e9m dizia: <em>&#8220;Grandes mentes discutem ideias; mentes pequenas discutem pessoas.&#8221;<\/em><\/p>\n\n\n\n<p>Eu escolho focar em ideias que me engrandecem e que podem ajudar meus leitores.<\/p>\n\n\n\n<p>Crie lembretes no celular com suas frases favoritas para que elas surjam em momentos inesperados.<\/p>\n\n\n\n<p>Essas pequenas interrup\u00e7\u00f5es positivas ajudam a quebrar o ciclo de pensamentos negativos.<\/p>\n\n\n\n<p><strong>Machado de Assis<\/strong> escreveu: <em>&#8220;A vida \u00e9 cheia de obriga\u00e7\u00f5es que a gente cumpre, nem que seja bufando.&#8221;<\/em><\/p>\n\n\n\n<p>Mas com uma boa reflex\u00e3o, at\u00e9 as obriga\u00e7\u00f5es mais chatas ganham um novo significado.<\/p>\n\n\n\n<p>Eu espero que essas dicas ajudem voc\u00ea a tornar a reflex\u00e3o um h\u00e1bito natural e prazeroso.<\/p>\n\n\n\n<p>Afinal, como disse <strong>Mario Quintana<\/strong>: <em>&#8220;A arte de viver \u00e9 simplesmente a arte de conviver\u2026 com o seu melhor.&#8221;<\/em><\/p>\n\n\n\n<p>Eu desejo que voc\u00ea encontre esse seu melhor em cada palavra que leu por aqui hoje.<\/p>\n\n\n\n<h2 class=\"wp-block-heading\"><span class=\"ez-toc-section\" id=\"Seu_Convite_a_Reflexao_Diaria\"><\/span>Seu Convite \u00e0 Reflex\u00e3o Di\u00e1ria<span class=\"ez-toc-section-end\"><\/span><\/h2>\n\n\n\n<p>Espero que estas <strong>frases de reflex\u00e3o profunda para pensar<\/strong> tenham acendido uma chama de inspira\u00e7\u00e3o em seu cora\u00e7\u00e3o. Eu sinto que cada palavra tem o poder de nos transformar, e meu desejo \u00e9 que voc\u00ea continue explorando a beleza da introspec\u00e7\u00e3o.<\/p>\n\n\n\n<p>Que tal compartilhar nos coment\u00e1rios qual frase mais tocou voc\u00ea hoje? Sua perspectiva pode inspirar muitas outras pessoas! E n\u00e3o se esque\u00e7a de compartilhar este artigo com quem tamb\u00e9m busca um momento de paz e sabedoria.<\/p>\n\n\n\n<h2 class=\"wp-block-heading has-text-align-center has-theme-palette-9-color has-theme-palette-3-background-color has-text-color has-background has-link-color wp-elements-d28e977e50b06168afe0d6dd64c0c27f\"><span class=\"ez-toc-section\" id=\"FAQ_%E2%80%93_Duvidas_Comuns_Sobre_Frases_de_Reflexao_Profunda_para_Pensar\"><\/span>FAQ &#8211; D\u00favidas Comuns Sobre Frases de Reflex\u00e3o Profunda para Pensar<span class=\"ez-toc-section-end\"><\/span><\/h2>\n\n\n\n<p>Preparei este espa\u00e7o para esclarecer as d\u00favidas mais frequentes e ajudar voc\u00ea a aproveitar ao m\u00e1ximo cada palavra de sabedoria que compartilho aqui.<\/p>\n\n\n<div id=\"rank-math-faq\" class=\"rank-math-block\">\n<div class=\"rank-math-list\">\n<div id=\"faq-question-1773140568736\" class=\"rank-math-list-item\">\n<h3 class=\"rank-math-question\"><span class=\"ez-toc-section\" id=\"1_Como_posso_usar_as_frases_de_reflexao_profunda_para_pensar_no_meu_dia_a_dia\"><\/span><strong>1. Como posso usar as frases de reflex\u00e3o profunda para pensar no meu dia a dia?<\/strong><span class=\"ez-toc-section-end\"><\/span><\/h3>\n<div class=\"rank-math-answer\">\n\n<p>Eu sugiro que voc\u00ea escolha uma frase por manh\u00e3 e a mantenha em um local vis\u00edvel, como o papel de parede do celular ou um post-it. Esse h\u00e1bito simples ajuda a ancorar seus pensamentos em algo <strong>positivo e transformador<\/strong> durante suas atividades cotidianas.<\/p>\n\n<\/div>\n<\/div>\n<div id=\"faq-question-1773140588677\" class=\"rank-math-list-item\">\n<h3 class=\"rank-math-question\"><span class=\"ez-toc-section\" id=\"2_Por_que_ler_frases_de_reflexao_ajuda_no_meu_processo_de_autoconhecimento\"><\/span><strong>2. Por que ler frases de reflex\u00e3o ajuda no meu processo de autoconhecimento?<\/strong><span class=\"ez-toc-section-end\"><\/span><\/h3>\n<div class=\"rank-math-answer\">\n\n<p>Essas palavras funcionam como espelhos que revelam sentimentos e verdades que, muitas vezes, temos dificuldade em expressar. Ao meditar sobre elas, eu sinto que abrimos portas internas para entender melhor nossos pr\u00f3prios <strong>desejos, medos e potenciais<\/strong>.<\/p>\n\n<\/div>\n<\/div>\n<div id=\"faq-question-1773140625199\" class=\"rank-math-list-item\">\n<h3 class=\"rank-math-question\"><span class=\"ez-toc-section\" id=\"3_Essas_frases_podem_realmente_ajudar_a_superar_momentos_dificeis\"><\/span><strong>3. Essas frases podem realmente ajudar a superar momentos dif\u00edceis?<\/strong><span class=\"ez-toc-section-end\"><\/span><\/h3>\n<div class=\"rank-math-answer\">\n\n<p>Com certeza, pois elas oferecem uma nova perspectiva e fortalecem nossa <strong>emotional resilience<\/strong>. Eu acredito que uma mensagem de coragem pode ser o abra\u00e7o que sua alma precisa para encontrar for\u00e7as e continuar caminhando com esperan\u00e7a.<\/p>\n\n<\/div>\n<\/div>\n<div id=\"faq-question-1773140646169\" class=\"rank-math-list-item\">\n<h3 class=\"rank-math-question\"><span class=\"ez-toc-section\" id=\"4_Onde_encontro_frases_de_reflexao_profunda_para_pensar_de_autores_famosos\"><\/span><strong>4. Onde encontro frases de reflex\u00e3o profunda para pensar de autores famosos?<\/strong><span class=\"ez-toc-section-end\"><\/span><\/h3>\n<div class=\"rank-math-answer\">\n\n<p>Aqui no blog, eu fa\u00e7o uma curadoria cuidadosa de pensamentos de grandes fil\u00f3sofos e escritores que atravessaram gera\u00e7\u00f5es. Convido voc\u00ea a explorar nossas sele\u00e7\u00f5es para encontrar a <strong>sabedoria atemporal<\/strong> que mais ressoa com o seu momento atual.<\/p>\n\n<\/div>\n<\/div>\n<div id=\"faq-question-1773140670341\" class=\"rank-math-list-item\">\n<h3 class=\"rank-math-question\"><span class=\"ez-toc-section\" id=\"5_Posso_compartilhar_essas_mensagens_de_inspiracao_com_outras_pessoas\"><\/span><strong>5. Posso compartilhar essas mensagens de inspira\u00e7\u00e3o com outras pessoas?<\/strong><span class=\"ez-toc-section-end\"><\/span><\/h3>\n<div class=\"rank-math-answer\">\n\n<p>Sim, eu encorajo muito o compartilhamento, pois a luz se multiplica quando \u00e9 dividida com o pr\u00f3ximo. Espalhar uma <strong>frase de reflex\u00e3o profunda para pensar<\/strong> pode ser o gesto simples que iluminar\u00e1 o dia de algu\u00e9m especial em sua vida.<\/p>\n\n<\/div>\n<\/div>\n<\/div>\n<\/div>","protected":false},"excerpt":{"rendered":"<p>Immerse yourself in deeply reflective phrases to think about and transform your day. Find inspiration and positivity that touch the soul. Click and be inspired!<\/p>","protected":false},"author":1,"featured_media":5175,"comment_status":"open","ping_status":"open","sticky":false,"template":"","format":"standard","meta":{"rop_custom_images_group":[],"rop_custom_messages_group":[],"rop_publish_now":"initial","rop_publish_now_accounts":{"facebook_122186298128049666_540220039169035":""},"rop_publish_now_history":[],"rop_publish_now_status":"pending","rank_math_focus_keyword":"frases de reflex\u00e3o profunda para pensar,reflex\u00e3o profunda para pensar,frases de reflex\u00e3o para pensar,Reflex\u00e3o,Pensar","rank_math_description":"","_kad_post_transparent":"","_kad_post_title":"","_kad_post_layout":"","_kad_post_sidebar_id":"","_kad_post_content_style":"","_kad_post_vertical_padding":"","_kad_post_feature":"","_kad_post_feature_position":"","_kad_post_header":false,"_kad_post_footer":false,"_kad_post_classname":"","_jetpack_memberships_contains_paid_content":false,"footnotes":"","jetpack_publicize_message":"","jetpack_publicize_feature_enabled":true,"jetpack_social_post_already_shared":true,"jetpack_social_options":{"image_generator_settings":{"template":"highway","default_image_id":0,"font":"","enabled":false},"version":2}},"categories":[5],"tags":[1210,541,555],"class_list":["post-5177","post","type-post","status-publish","format-standard","has-post-thumbnail","hentry","category-motivacao-diaria","tag-frases-para-pensar","tag-pensamentos-profundos","tag-reflexao-diaria"],"jetpack_publicize_connections":[],"jetpack_featured_media_url":"https:\/\/mensagensqueinspiram.com.br\/wp-content\/uploads\/2026\/03\/reflexao-profunda-inspire-se.webp","jetpack_sharing_enabled":true,"_links":{"self":[{"href":"https:\/\/mensagensqueinspiram.com.br\/en\/wp-json\/wp\/v2\/posts\/5177","targetHints":{"allow":["GET"]}}],"collection":[{"href":"https:\/\/mensagensqueinspiram.com.br\/en\/wp-json\/wp\/v2\/posts"}],"about":[{"href":"https:\/\/mensagensqueinspiram.com.br\/en\/wp-json\/wp\/v2\/types\/post"}],"author":[{"embeddable":true,"href":"https:\/\/mensagensqueinspiram.com.br\/en\/wp-json\/wp\/v2\/users\/1"}],"replies":[{"embeddable":true,"href":"https:\/\/mensagensqueinspiram.com.br\/en\/wp-json\/wp\/v2\/comments?post=5177"}],"version-history":[{"count":2,"href":"https:\/\/mensagensqueinspiram.com.br\/en\/wp-json\/wp\/v2\/posts\/5177\/revisions"}],"predecessor-version":[{"id":5180,"href":"https:\/\/mensagensqueinspiram.com.br\/en\/wp-json\/wp\/v2\/posts\/5177\/revisions\/5180"}],"wp:featuredmedia":[{"embeddable":true,"href":"https:\/\/mensagensqueinspiram.com.br\/en\/wp-json\/wp\/v2\/media\/5175"}],"wp:attachment":[{"href":"https:\/\/mensagensqueinspiram.com.br\/en\/wp-json\/wp\/v2\/media?parent=5177"}],"wp:term":[{"taxonomy":"category","embeddable":true,"href":"https:\/\/mensagensqueinspiram.com.br\/en\/wp-json\/wp\/v2\/categories?post=5177"},{"taxonomy":"post_tag","embeddable":true,"href":"https:\/\/mensagensqueinspiram.com.br\/en\/wp-json\/wp\/v2\/tags?post=5177"}],"curies":[{"name":"wp","href":"https:\/\/api.w.org\/{rel}","templated":true}]}}