{"id":140,"date":"2024-12-28T18:03:00","date_gmt":"2024-12-28T18:03:00","guid":{"rendered":"https:\/\/mensagensqueinspiram.com.br\/?p=140"},"modified":"2024-12-31T22:52:29","modified_gmt":"2025-01-01T01:52:29","slug":"el-manuscrito-perdido","status":"publish","type":"post","link":"https:\/\/mensagensqueinspiram.com.br\/es\/o-manuscrito-perdido\/","title":{"rendered":"El manuscrito perdido: El viaje de Helena hacia la virtud"},"content":{"rendered":"<div id=\"ez-toc-container\" class=\"ez-toc-v2_0_82_2 counter-hierarchy ez-toc-counter ez-toc-custom ez-toc-container-direction\">\n<div class=\"ez-toc-title-container\">\n<p class=\"ez-toc-title\" style=\"cursor:inherit\">\u00cdndice<\/p>\n<span class=\"ez-toc-title-toggle\"><a href=\"#\" class=\"ez-toc-pull-right ez-toc-btn ez-toc-btn-xs ez-toc-btn-default ez-toc-toggle\" aria-label=\"Cambiar la tabla de contenidos\"><span class=\"ez-toc-js-icon-con\"><span class=\"\"><span class=\"eztoc-hide\" style=\"display:none;\">Alternar<\/span><span class=\"ez-toc-icon-toggle-span\"><svg style=\"fill: #150042;color:#150042\" xmlns=\"http:\/\/www.w3.org\/2000\/svg\" class=\"list-377408\" width=\"20px\" height=\"20px\" viewbox=\"0 0 24 24\" fill=\"none\"><path d=\"M6 6H4v2h2V6zm14 0H8v2h12V6zM4 11h2v2H4v-2zm16 0H8v2h12v-2zM4 16h2v2H4v-2zm16 0H8v2h12v-2z\" fill=\"currentColor\"><\/path><\/svg><svg style=\"fill: #150042;color:#150042\" class=\"arrow-unsorted-368013\" xmlns=\"http:\/\/www.w3.org\/2000\/svg\" width=\"10px\" height=\"10px\" viewbox=\"0 0 24 24\" version=\"1.2\" baseprofile=\"tiny\"><path d=\"M18.2 9.3l-6.2-6.3-6.2 6.3c-.2.2-.3.4-.3.7s.1.5.3.7c.2.2.4.3.7.3h11c.3 0 .5-.1.7-.3.2-.2.3-.5.3-.7s-.1-.5-.3-.7zM5.8 14.7l6.2 6.3 6.2-6.3c.2-.2.3-.5.3-.7s-.1-.5-.3-.7c-.2-.2-.4-.3-.7-.3h-11c-.3 0-.5.1-.7.3-.2.2-.3.5-.3.7s.1.5.3.7z\"\/><\/svg><\/span><\/span><\/span><\/a><\/span><\/div>\n<nav><ul class='ez-toc-list ez-toc-list-level-1 eztoc-toggle-hide-by-default' ><li class='ez-toc-page-1 ez-toc-heading-level-3'><a class=\"ez-toc-link ez-toc-heading-1\" href=\"https:\/\/mensagensqueinspiram.com.br\/es\/o-manuscrito-perdido\/#A_Historia\" >La historia<\/a><\/li><li class='ez-toc-page-1 ez-toc-heading-level-3'><a class=\"ez-toc-link ez-toc-heading-2\" href=\"https:\/\/mensagensqueinspiram.com.br\/es\/o-manuscrito-perdido\/#Conclusao_O_Manuscrito_Perdido\" >Conclusi\u00f3n: El manuscrito perdido<\/a><\/li><li class='ez-toc-page-1 ez-toc-heading-level-3'><a class=\"ez-toc-link ez-toc-heading-3\" href=\"https:\/\/mensagensqueinspiram.com.br\/es\/o-manuscrito-perdido\/#FAQ\" >Preguntas frecuentes<\/a><\/li><li class='ez-toc-page-1 ez-toc-heading-level-3'><a class=\"ez-toc-link ez-toc-heading-4\" href=\"https:\/\/mensagensqueinspiram.com.br\/es\/o-manuscrito-perdido\/#O_que_motivou_Helena_a_embarcar_em_sua_jornada\" >\u00bfQu\u00e9 motiv\u00f3 a Helena a embarcarse en su viaje?<\/a><\/li><li class='ez-toc-page-1 ez-toc-heading-level-3'><a class=\"ez-toc-link ez-toc-heading-5\" href=\"https:\/\/mensagensqueinspiram.com.br\/es\/o-manuscrito-perdido\/#Como_Helena_lidou_com_a_resistencia_inicial_dos_habitantes_da_vila\" >\u00bfC\u00f3mo gestion\u00f3 Helena la resistencia inicial de los habitantes del pueblo?<\/a><\/li><li class='ez-toc-page-1 ez-toc-heading-level-3'><a class=\"ez-toc-link ez-toc-heading-6\" href=\"https:\/\/mensagensqueinspiram.com.br\/es\/o-manuscrito-perdido\/#Qual_foi_o_papel_de_Gregor_na_historia\" >\u00bfCu\u00e1l fue el papel de Gregor en la historia?<\/a><\/li><li class='ez-toc-page-1 ez-toc-heading-level-3'><a class=\"ez-toc-link ez-toc-heading-7\" href=\"https:\/\/mensagensqueinspiram.com.br\/es\/o-manuscrito-perdido\/#Como_os_ensinamentos_de_Aristoteles_foram_aplicados\" >\u00bfC\u00f3mo se aplicaron las ense\u00f1anzas de Arist\u00f3teles?<\/a><\/li><li class='ez-toc-page-1 ez-toc-heading-level-3'><a class=\"ez-toc-link ez-toc-heading-8\" href=\"https:\/\/mensagensqueinspiram.com.br\/es\/o-manuscrito-perdido\/#Que_desafios_Helena_enfrentou_em_sua_jornada\" >\u00bfQu\u00e9 retos tuvo que afrontar Helena en su viaje?<\/a><\/li><li class='ez-toc-page-1 ez-toc-heading-level-3'><a class=\"ez-toc-link ez-toc-heading-9\" href=\"https:\/\/mensagensqueinspiram.com.br\/es\/o-manuscrito-perdido\/#Como_a_vila_mudou_ao_longo_do_tempo\" >\u00bfC\u00f3mo ha cambiado el pueblo a lo largo del tiempo?<\/a><\/li><li class='ez-toc-page-1 ez-toc-heading-level-3'><a class=\"ez-toc-link ez-toc-heading-10\" href=\"https:\/\/mensagensqueinspiram.com.br\/es\/o-manuscrito-perdido\/#Helena_encontrou_felicidade_plena\" >\u00bfEncontr\u00f3 Helena la felicidad plena?<\/a><\/li><li class='ez-toc-page-1 ez-toc-heading-level-3'><a class=\"ez-toc-link ez-toc-heading-11\" href=\"https:\/\/mensagensqueinspiram.com.br\/es\/o-manuscrito-perdido\/#Qual_e_a_mensagem_principal_da_historia\" >\u00bfCu\u00e1l es el mensaje principal de la historia?<\/a><\/li><\/ul><\/nav><\/div>\n\n<p><strong>El manuscrito perdido<\/strong>: En un pintoresco pueblo rodeado de majestuosas monta\u00f1as y densos bosques viv\u00eda Helena, una joven que destacaba por su insaciable curiosidad. <\/p>\n\n\n\n<p>A pesar de haber crecido en un entorno en el que las tradiciones se aceptaban sin cuestionarlas, Helena sent\u00eda un anhelo por algo m\u00e1s profundo. <\/p>\n\n\n\n<p>Sab\u00eda que la vida ofrec\u00eda algo m\u00e1s que simples rutinas, pero le faltaba una gu\u00eda para descubrir el verdadero sentido de su existencia.<\/p>\n\n\n\n<p>Todo cambi\u00f3 cuando, mientras exploraba el \u00e1tico de la antigua casa de su abuelo, encontr\u00f3 un manuscrito envejecido escondido dentro de una caja de madera ornamentada. <\/p>\n\n\n\n<p>El manuscrito ten\u00eda un t\u00edtulo grabado en letras doradas: \u201c\u00c9tica a Nic\u00f3maco\u201d. Era un texto de <a href=\"https:\/\/mensagensqueinspiram.com.br\/es\/aristoteles-e-a-sabedoria-que-transcende-o-tempo\/\">Arist\u00f3teles<\/a>, un <a href=\"https:\/\/mensagensqueinspiram.com.br\/es\/aristoteles-e-a-sabedoria-que-transcende-o-tempo\/\">fil\u00f3sofo<\/a> que Helena nunca hab\u00eda o\u00eddo hablar. <\/p>\n\n\n\n<p>Movida por un extra\u00f1o sentimiento de destino, comenz\u00f3 a leer aquellas palabras enigm\u00e1ticas y profundamente transformadoras.<\/p>\n\n\n\n<h3 class=\"wp-block-heading\"><span class=\"ez-toc-section\" id=\"A_Historia\"><\/span>La historia<span class=\"ez-toc-section-end\"><\/span><\/h3>\n\n\n\n<p>En los d\u00edas siguientes, Helena se sumergi\u00f3 en el manuscrito. Las palabras de Arist\u00f3teles sobre la virtud, <a href=\"https:\/\/mensagensqueinspiram.com.br\/es\/a-felicidade-autentica\/\">felicidad<\/a> y el \u201ccamino del medio\u201d resonaban en su mente. <\/p>\n\n\n\n<p>Una frase en particular le lleg\u00f3 al coraz\u00f3n: \u201cLa felicidad es una actividad del alma conforme a la virtud\u201d.\u201d <\/p>\n\n\n\n<p>Helena decidi\u00f3 que aplicar\u00eda esos principios en su propia vida, pero sab\u00eda que su camino no ser\u00eda nada f\u00e1cil.<\/p>\n\n\n\n<p>En el pueblo, muchos habitantes estaban atrapados en viejos h\u00e1bitos y prejuicios. Helena comenz\u00f3 su misi\u00f3n ayudando a los m\u00e1s j\u00f3venes. <\/p>\n\n\n\n<p>Reuni\u00f3 a ni\u00f1os para ense\u00f1arles la importancia del respeto y el valor, anim\u00e1ndoles a enfrentarse a sus miedos. <\/p>\n\n\n\n<p>Con los adultos, organiz\u00f3 c\u00edrculos de conversaci\u00f3n, cuestionando suavemente sus propias creencias arraigadas. Pero no todos estaban abiertos a sus ideas.<\/p>\n\n\n\n<p>Uno de los oponentes m\u00e1s ac\u00e9rrimos era Gregor, un viejo granjero conocido por su temperamento dif\u00edcil y su escepticismo. <\/p>\n\n\n\n<figure class=\"wp-block-image size-full\"><img loading=\"lazy\" decoding=\"async\" width=\"1024\" height=\"768\" src=\"https:\/\/mensagensqueinspiram.com.br\/wp-content\/uploads\/2024\/12\/com-os-adultos-organizou-rodas-de-conversa-questionando-suavemente-suas-1.png\" alt=\"El manuscrito perdido: El viaje de Helena hacia la virtud\" class=\"wp-image-149\" srcset=\"https:\/\/mensagensqueinspiram.com.br\/wp-content\/uploads\/2024\/12\/com-os-adultos-organizou-rodas-de-conversa-questionando-suavemente-suas-1.png 1024w, https:\/\/mensagensqueinspiram.com.br\/wp-content\/uploads\/2024\/12\/com-os-adultos-organizou-rodas-de-conversa-questionando-suavemente-suas-1-300x225.png 300w, https:\/\/mensagensqueinspiram.com.br\/wp-content\/uploads\/2024\/12\/com-os-adultos-organizou-rodas-de-conversa-questionando-suavemente-suas-1-768x576.png 768w\" sizes=\"auto, (max-width: 1024px) 100vw, 1024px\" \/><\/figure>\n\n\n\n<p>\u201c\u00bfCrees que un libro viejo va a cambiar nuestro mundo?\u201d, se burl\u00f3 \u00e9l en una reuni\u00f3n. Helena, sin dejarse intimidar, respondi\u00f3 con calma: <\/p>\n\n\n\n<p>\u201cNo se trata de cambiar el mundo en un d\u00eda, sino de mejorar nuestras decisiones en cada momento\u201d.\u201d<\/p>\n\n\n\n<p>Una noche, mientras revisaba el manuscrito, Helena encontr\u00f3 un pasaje que parec\u00eda haber sido escrito directamente para ella: <\/p>\n\n\n\n<p>\u201cLa excelencia moral proviene del h\u00e1bito; somos lo que hacemos repetidamente\u201d. Decidida a incorporar esta idea, comenz\u00f3 a practicar peque\u00f1as virtudes a diario: <\/p>\n\n\n\n<p>Paciencia para tratar a los obstinados, generosidad para ayudar a los necesitados y templanza para equilibrar su tiempo entre el trabajo y el ocio.<\/p>\n\n\n\n<p>Con el tiempo, el pueblo comenz\u00f3 a cambiar. Los ni\u00f1os que hab\u00edan aprendido de Helena mostraron m\u00e1s solidaridad entre ellos. <\/p>\n\n\n\n<p>Los adultos, inspirados por su ejemplo, empezaron a cuestionar sus propias actitudes. Incluso Gregor, que al principio la despreciaba, acudi\u00f3 a ella una ma\u00f1ana para pedirle consejo.<\/p>\n\n\n\n<p> \u201cHelena, \u00bfc\u00f3mo encuentras fuerzas para seguir adelante cuando todo parece perdido?\u201d, le pregunt\u00f3 \u00e9l. Ella respondi\u00f3: \u201cLa respuesta est\u00e1 en el camino mismo. Cada peque\u00f1o paso en la direcci\u00f3n correcta es una victoria\u201d.\u201d<\/p>\n\n\n\n<p>Durante esta transformaci\u00f3n, Helena se dio cuenta de que la mayor lecci\u00f3n de Arist\u00f3teles era que la felicidad no es un destino, sino un viaje. <\/p>\n\n\n\n<p>Una buena vida es aquella que se vive con intenci\u00f3n, cultivando las virtudes que nos hacen plenamente humanos.<\/p>\n\n\n\n<h3 class=\"wp-block-heading\"><span class=\"ez-toc-section\" id=\"Conclusao_O_Manuscrito_Perdido\"><\/span>Conclusi\u00f3n: El manuscrito perdido<span class=\"ez-toc-section-end\"><\/span><\/h3>\n\n\n\n<p>A\u00f1os m\u00e1s tarde, Helena era venerada como una sabia en el pueblo. Pero ella siempre recordaba a los dem\u00e1s que su viaje estaba lejos de terminar. <\/p>\n\n\n\n<p>\u201cTodav\u00eda estoy aprendiendo\u201d, dec\u00eda con una sonrisa tranquila. Su historia pas\u00f3 a contarse como una leyenda local, un ejemplo de c\u00f3mo un manuscrito perdido y una mente curiosa pueden transformar no solo a una persona, sino a toda una comunidad.<\/p>\n\n\n\n<p>Helena dej\u00f3 un <a href=\"https:\/\/dicionario.priberam.org\/legado\" target=\"_blank\" rel=\"noreferrer noopener\">legado<\/a> que ha trascendido generaciones: la constataci\u00f3n de que la verdadera felicidad reside en vivir virtuosamente, en armon\u00eda con uno mismo y con los dem\u00e1s. <\/p>\n\n\n\n<p>Su vida era una prueba viviente de que el pensamiento profundo y la acci\u00f3n consciente pueden transformar el mundo que nos rodea.<\/p>\n\n\n\n<figure class=\"wp-block-image size-full\"><img loading=\"lazy\" decoding=\"async\" width=\"1024\" height=\"768\" src=\"https:\/\/mensagensqueinspiram.com.br\/wp-content\/uploads\/2024\/12\/sua-vida-era-uma-prova-viva-de-que-o-pensamento-2.png\" alt=\"\" class=\"wp-image-152\" srcset=\"https:\/\/mensagensqueinspiram.com.br\/wp-content\/uploads\/2024\/12\/sua-vida-era-uma-prova-viva-de-que-o-pensamento-2.png 1024w, https:\/\/mensagensqueinspiram.com.br\/wp-content\/uploads\/2024\/12\/sua-vida-era-uma-prova-viva-de-que-o-pensamento-2-300x225.png 300w, https:\/\/mensagensqueinspiram.com.br\/wp-content\/uploads\/2024\/12\/sua-vida-era-uma-prova-viva-de-que-o-pensamento-2-768x576.png 768w\" sizes=\"auto, (max-width: 1024px) 100vw, 1024px\" \/><\/figure>\n\n\n\n<h3 class=\"wp-block-heading has-text-align-center has-theme-palette-9-color has-text-color has-background has-link-color wp-elements-3c05a0122255474ee7678d5095009f84\" style=\"background-color:#150042\"><span class=\"ez-toc-section\" id=\"FAQ\"><\/span>Preguntas frecuentes<span class=\"ez-toc-section-end\"><\/span><\/h3>\n\n\n<div id=\"rank-math-faq\" class=\"rank-math-block\">\n<div class=\"rank-math-list\">\n<div id=\"faq-question-1735064619571\" class=\"rank-math-list-item\">\n<h3 class=\"rank-math-question\"><span class=\"ez-toc-section\" id=\"O_que_motivou_Helena_a_embarcar_em_sua_jornada\"><\/span><strong>\u00bfQu\u00e9 motiv\u00f3 a Helena a embarcarse en su viaje?<\/strong><span class=\"ez-toc-section-end\"><\/span><\/h3>\n<div class=\"rank-math-answer\">\n\n<p>El descubrimiento de un manuscrito de Arist\u00f3teles que la llev\u00f3 a buscar una vida m\u00e1s significativa.<\/p>\n\n<\/div>\n<\/div>\n<div id=\"faq-question-1735064663591\" class=\"rank-math-list-item\">\n<h3 class=\"rank-math-question\"><span class=\"ez-toc-section\" id=\"Como_Helena_lidou_com_a_resistencia_inicial_dos_habitantes_da_vila\"><\/span><strong>\u00bfC\u00f3mo gestion\u00f3 Helena la resistencia inicial de los habitantes del pueblo?<\/strong><span class=\"ez-toc-section-end\"><\/span><\/h3>\n<div class=\"rank-math-answer\">\n\n<p>Ella mantuvo la calma y se centr\u00f3 en sus propias acciones virtuosas, dejando que su ejemplo hablara por s\u00ed mismo.<\/p>\n\n<\/div>\n<\/div>\n<div id=\"faq-question-1735064677184\" class=\"rank-math-list-item\">\n<h3 class=\"rank-math-question\"><span class=\"ez-toc-section\" id=\"Qual_foi_o_papel_de_Gregor_na_historia\"><\/span>Q<strong>\u00bfCu\u00e1l fue el papel de Gregor en la historia?<\/strong><span class=\"ez-toc-section-end\"><\/span><\/h3>\n<div class=\"rank-math-answer\">\n\n<p>Gregor representaba el escepticismo del pueblo, pero acab\u00f3 inspir\u00e1ndose en la determinaci\u00f3n y el ejemplo de Helena.<\/p>\n\n<\/div>\n<\/div>\n<div id=\"faq-question-1735064700633\" class=\"rank-math-list-item\">\n<h3 class=\"rank-math-question\"><span class=\"ez-toc-section\" id=\"Como_os_ensinamentos_de_Aristoteles_foram_aplicados\"><\/span><strong>\u00bfC\u00f3mo se aplicaron las ense\u00f1anzas de Arist\u00f3teles?<\/strong><span class=\"ez-toc-section-end\"><\/span><\/h3>\n<div class=\"rank-math-answer\">\n\n<p>Helena aplic\u00f3 principios como el \u201ccamino del medio\u201d y la repetici\u00f3n de buenas pr\u00e1cticas para cultivar virtudes.<\/p>\n\n<\/div>\n<\/div>\n<div id=\"faq-question-1735064712041\" class=\"rank-math-list-item\">\n<h3 class=\"rank-math-question\"><span class=\"ez-toc-section\" id=\"Que_desafios_Helena_enfrentou_em_sua_jornada\"><\/span><strong>\u00bfQu\u00e9 retos tuvo que afrontar Helena en su viaje?<\/strong><span class=\"ez-toc-section-end\"><\/span><\/h3>\n<div class=\"rank-math-answer\">\n\n<p>Resistencia de las personas, dudas internas y la dificultad de mantener el equilibrio en situaciones adversas.<\/p>\n\n<\/div>\n<\/div>\n<div id=\"faq-question-1735064723985\" class=\"rank-math-list-item\">\n<h3 class=\"rank-math-question\"><span class=\"ez-toc-section\" id=\"Como_a_vila_mudou_ao_longo_do_tempo\"><\/span><strong>\u00bfC\u00f3mo ha cambiado el pueblo a lo largo del tiempo?<\/strong><span class=\"ez-toc-section-end\"><\/span><\/h3>\n<div class=\"rank-math-answer\">\n\n<p>Se ha convertido en un lugar m\u00e1s armonioso, donde los habitantes practican las virtudes y buscan una vida equilibrada.<\/p>\n\n<\/div>\n<\/div>\n<div id=\"faq-question-1735064737842\" class=\"rank-math-list-item\">\n<h3 class=\"rank-math-question\"><span class=\"ez-toc-section\" id=\"Helena_encontrou_felicidade_plena\"><\/span><strong>\u00bfEncontr\u00f3 Helena la felicidad plena?<\/strong><span class=\"ez-toc-section-end\"><\/span><\/h3>\n<div class=\"rank-math-answer\">\n\n<p>Se dio cuenta de que la felicidad plena est\u00e1 en el camino y en el esfuerzo constante por mejorar.<\/p>\n\n<\/div>\n<\/div>\n<div id=\"faq-question-1735064750051\" class=\"rank-math-list-item\">\n<h3 class=\"rank-math-question\"><span class=\"ez-toc-section\" id=\"Qual_e_a_mensagem_principal_da_historia\"><\/span><strong>\u00bfCu\u00e1l es el mensaje principal de la historia?<\/strong><span class=\"ez-toc-section-end\"><\/span><\/h3>\n<div class=\"rank-math-answer\">\n\n<p>Que el autoconocimiento, la pr\u00e1ctica de la virtud y la b\u00fasqueda del equilibrio son claves para una vida significativa.<\/p>\n\n<\/div>\n<\/div>\n<\/div>\n<\/div>","protected":false},"excerpt":{"rendered":"<p>El manuscrito perdido: En un pintoresco pueblo rodeado de majestuosas monta\u00f1as y densos bosques viv\u00eda Helena, una joven que destacaba por su insaciable curiosidad. A pesar de haber crecido en un entorno en el que las tradiciones se aceptaban sin cuestionarlas, Helena sent\u00eda un anhelo por algo m\u00e1s profundo. Sab\u00eda que la vida ofrec\u00eda m\u00e1s que...<\/p>","protected":false},"author":1,"featured_media":146,"comment_status":"open","ping_status":"open","sticky":false,"template":"","format":"standard","meta":{"rop_custom_images_group":[],"rop_custom_messages_group":[],"rop_publish_now":"initial","rop_publish_now_accounts":{"facebook_122186298128049666_540220039169035":""},"rop_publish_now_history":[],"rop_publish_now_status":"pending","rank_math_focus_keyword":"O Manuscrito Perdido,Manuscrito","rank_math_description":"","_kad_post_transparent":"","_kad_post_title":"","_kad_post_layout":"","_kad_post_sidebar_id":"","_kad_post_content_style":"","_kad_post_vertical_padding":"","_kad_post_feature":"","_kad_post_feature_position":"","_kad_post_header":false,"_kad_post_footer":false,"_kad_post_classname":"","_jetpack_memberships_contains_paid_content":false,"footnotes":"","jetpack_publicize_message":"","jetpack_publicize_feature_enabled":true,"jetpack_social_post_already_shared":true,"jetpack_social_options":{"image_generator_settings":{"template":"highway","default_image_id":0,"font":"","enabled":false},"version":2}},"categories":[28],"tags":[38,43,41,40,42],"class_list":["post-140","post","type-post","status-publish","format-standard","has-post-thumbnail","hentry","category-historias","tag-aristoteles","tag-caminho-do-meio","tag-filosofia-na-pratica","tag-historia-inspiradora","tag-virtude"],"jetpack_publicize_connections":[],"jetpack_featured_media_url":"https:\/\/mensagensqueinspiram.com.br\/wp-content\/uploads\/2024\/12\/flux-prompt-create-a-highly-detailed-high-resolution-image-of-a-1.png","jetpack_sharing_enabled":true,"_links":{"self":[{"href":"https:\/\/mensagensqueinspiram.com.br\/es\/wp-json\/wp\/v2\/posts\/140","targetHints":{"allow":["GET"]}}],"collection":[{"href":"https:\/\/mensagensqueinspiram.com.br\/es\/wp-json\/wp\/v2\/posts"}],"about":[{"href":"https:\/\/mensagensqueinspiram.com.br\/es\/wp-json\/wp\/v2\/types\/post"}],"author":[{"embeddable":true,"href":"https:\/\/mensagensqueinspiram.com.br\/es\/wp-json\/wp\/v2\/users\/1"}],"replies":[{"embeddable":true,"href":"https:\/\/mensagensqueinspiram.com.br\/es\/wp-json\/wp\/v2\/comments?post=140"}],"version-history":[{"count":3,"href":"https:\/\/mensagensqueinspiram.com.br\/es\/wp-json\/wp\/v2\/posts\/140\/revisions"}],"predecessor-version":[{"id":153,"href":"https:\/\/mensagensqueinspiram.com.br\/es\/wp-json\/wp\/v2\/posts\/140\/revisions\/153"}],"wp:featuredmedia":[{"embeddable":true,"href":"https:\/\/mensagensqueinspiram.com.br\/es\/wp-json\/wp\/v2\/media\/146"}],"wp:attachment":[{"href":"https:\/\/mensagensqueinspiram.com.br\/es\/wp-json\/wp\/v2\/media?parent=140"}],"wp:term":[{"taxonomy":"category","embeddable":true,"href":"https:\/\/mensagensqueinspiram.com.br\/es\/wp-json\/wp\/v2\/categories?post=140"},{"taxonomy":"post_tag","embeddable":true,"href":"https:\/\/mensagensqueinspiram.com.br\/es\/wp-json\/wp\/v2\/tags?post=140"}],"curies":[{"name":"wp","href":"https:\/\/api.w.org\/{rel}","templated":true}]}}