{"id":1436,"date":"2025-04-30T18:03:00","date_gmt":"2025-04-30T21:03:00","guid":{"rendered":"https:\/\/mensagensqueinspiram.com.br\/?p=1436"},"modified":"2025-04-25T17:35:08","modified_gmt":"2025-04-25T20:35:08","slug":"frases-de-homero","status":"publish","type":"post","link":"https:\/\/mensagensqueinspiram.com.br\/es\/frases-de-homero\/","title":{"rendered":"Frases de Homero: Sabidur\u00eda eterna del poeta que molde\u00f3 la civilizaci\u00f3n occidental"},"content":{"rendered":"<div id=\"ez-toc-container\" class=\"ez-toc-v2_0_82_2 counter-hierarchy ez-toc-counter ez-toc-custom ez-toc-container-direction\">\n<div class=\"ez-toc-title-container\">\n<p class=\"ez-toc-title\" style=\"cursor:inherit\">\u00cdndice<\/p>\n<span class=\"ez-toc-title-toggle\"><a href=\"#\" class=\"ez-toc-pull-right ez-toc-btn ez-toc-btn-xs ez-toc-btn-default ez-toc-toggle\" aria-label=\"Cambiar la tabla de contenidos\"><span class=\"ez-toc-js-icon-con\"><span class=\"\"><span class=\"eztoc-hide\" style=\"display:none;\">Alternar<\/span><span class=\"ez-toc-icon-toggle-span\"><svg style=\"fill: #150042;color:#150042\" xmlns=\"http:\/\/www.w3.org\/2000\/svg\" class=\"list-377408\" width=\"20px\" height=\"20px\" viewbox=\"0 0 24 24\" fill=\"none\"><path d=\"M6 6H4v2h2V6zm14 0H8v2h12V6zM4 11h2v2H4v-2zm16 0H8v2h12v-2zM4 16h2v2H4v-2zm16 0H8v2h12v-2z\" fill=\"currentColor\"><\/path><\/svg><svg style=\"fill: #150042;color:#150042\" class=\"arrow-unsorted-368013\" xmlns=\"http:\/\/www.w3.org\/2000\/svg\" width=\"10px\" height=\"10px\" viewbox=\"0 0 24 24\" version=\"1.2\" baseprofile=\"tiny\"><path d=\"M18.2 9.3l-6.2-6.3-6.2 6.3c-.2.2-.3.4-.3.7s.1.5.3.7c.2.2.4.3.7.3h11c.3 0 .5-.1.7-.3.2-.2.3-.5.3-.7s-.1-.5-.3-.7zM5.8 14.7l6.2 6.3 6.2-6.3c.2-.2.3-.5.3-.7s-.1-.5-.3-.7c-.2-.2-.4-.3-.7-.3h-11c-.3 0-.5.1-.7.3-.2.2-.3.5-.3.7s.1.5.3.7z\"\/><\/svg><\/span><\/span><\/span><\/a><\/span><\/div>\n<nav><ul class='ez-toc-list ez-toc-list-level-1 eztoc-toggle-hide-by-default' ><li class='ez-toc-page-1 ez-toc-heading-level-2'><a class=\"ez-toc-link ez-toc-heading-1\" href=\"https:\/\/mensagensqueinspiram.com.br\/es\/frases-de-homero\/#As_Frases_Imortais_de_Homero\" >As Frases Imortais de Homero<\/a><\/li><li class='ez-toc-page-1 ez-toc-heading-level-2'><a class=\"ez-toc-link ez-toc-heading-2\" href=\"https:\/\/mensagensqueinspiram.com.br\/es\/frases-de-homero\/#Conclusao\" >Conclusi\u00f3n<\/a><ul class='ez-toc-list-level-3' ><li class='ez-toc-heading-level-3'><a class=\"ez-toc-link ez-toc-heading-3\" href=\"https:\/\/mensagensqueinspiram.com.br\/es\/frases-de-homero\/#FAQ_sobre_Homero\" >FAQ sobre Homero<\/a><\/li><\/ul><\/li><\/ul><\/nav><\/div>\n\n<p><strong>Frases de Homero<\/strong>: <strong>Frases<\/strong> de <a href=\"https:\/\/mensagensqueinspiram.com.br\/es\/a-sabedoria-de-gandhi\/\">sabidur\u00eda<\/a> eterna continuam a ecoar atrav\u00e9s dos mil\u00eanios, especialmente aquelas do lend\u00e1rio Homero, o poeta grego que viveu aproximadamente no s\u00e9culo VIII a.C. na regi\u00e3o da J\u00f4nia, atual costa da Turquia. <\/p>\n\n\n\n<p>Embora envolto em <a href=\"https:\/\/mensagensqueinspiram.com.br\/es\/o-misterio-da-casa-de-caleb\/\">misterio<\/a> \u2013 alguns estudiosos at\u00e9 questionam se foi uma \u00fanica pessoa ou uma tradi\u00e7\u00e3o oral coletiva \u2013 Homero \u00e9 considerado o autor dos \u00e9picos &#8220;Il\u00edada&#8221; e &#8220;Odisseia&#8221;, obras fundamentais da literatura ocidental. <\/p>\n\n\n\n<p>Falecido em data incerta, possivelmente na ilha de Qu\u00edos, este poeta cego (segundo a tradi\u00e7\u00e3o) criou personagens e situa\u00e7\u00f5es que continuam a moldar nossa compreens\u00e3o da condi\u00e7\u00e3o humana.<\/p>\n\n\n\n<p>Voc\u00ea j\u00e1 se perguntou como palavras escritas h\u00e1 quase tr\u00eas mil anos ainda conseguem tocar profundamente nossa alma? Como \u00e9 poss\u00edvel que versos antigos pare\u00e7am falar diretamente aos desafios que enfrentamos hoje? Neste artigo, exploraremos as <strong>Frases de Homero<\/strong> que transcenderam tempo e espa\u00e7o para continuar inspirando gera\u00e7\u00f5es.<\/p>\n\n\n\n<h2 class=\"wp-block-heading\"><span class=\"ez-toc-section\" id=\"As_Frases_Imortais_de_Homero\"><\/span>As Frases Imortais de Homero<span class=\"ez-toc-section-end\"><\/span><\/h2>\n\n\n\n<p>Homero nos presenteou com in\u00fameras reflex\u00f5es sobre coragem, honra, amor, destino e a pr\u00f3pria ess\u00eancia da humanidade. Suas obras, principalmente a &#8220;Il\u00edada&#8221; e a &#8220;Odisseia&#8221;, compostas por volta do s\u00e9culo VIII a.C., s\u00e3o fontes inesgot\u00e1veis de sabedoria. Abaixo, reunimos mais de 60 de suas frases mais impactantes:<\/p>\n\n\n\n<figure class=\"wp-block-table\"><table class=\"has-fixed-layout\"><thead><tr><th>Numeraci\u00f3n<\/th><th>Frase<\/th><th>Obra<\/th><\/tr><\/thead><tbody><tr><td>1<\/td><td>&#8220;Os deuses n\u00e3o d\u00e3o todos os seus dons a todos os homens.&#8221;<\/td><td>Odisseia, Canto VIII<\/td><\/tr><tr><td>2<\/td><td>&#8220;Dos muitos males, qual \u00e9 o pior? A covardia.&#8221;<\/td><td>Il\u00edada, Canto II<\/td><\/tr><tr><td>3<\/td><td>&#8220;N\u00e3o h\u00e1 nada mais miser\u00e1vel que um homem, entre todos os seres que respiram e se movem sobre a terra.&#8221;<\/td><td>Il\u00edada, Canto XVII<\/td><\/tr><tr><td>4<\/td><td>&#8220;Leve \u00e9 o trabalho quando muitos compartilham o esfor\u00e7o.&#8221;<\/td><td>Il\u00edada, Canto XII<\/td><\/tr><tr><td>5<\/td><td>&#8220;At\u00e9 a for\u00e7a precisa da sabedoria para ser bem utilizada.&#8221;<\/td><td>Odisseia, Canto III<\/td><\/tr><tr><td>6<\/td><td>&#8220;O sono \u00e9 irm\u00e3o da morte.&#8221;<\/td><td>Il\u00edada, Canto XIV<\/td><\/tr><tr><td>7<\/td><td>&#8220;Frequentemente, os deuses n\u00e3o revelam toda sua inten\u00e7\u00e3o de imediato.&#8221;<\/td><td>Odisseia, Canto X<\/td><\/tr><tr><td>8<\/td><td>&#8220;Um conselho ruim \u00e9 mais fatal para quem o d\u00e1.&#8221;<\/td><td>Il\u00edada, Canto XVIII<\/td><\/tr><tr><td>9<\/td><td>&#8220;O vinho pode revelar o que est\u00e1 no cora\u00e7\u00e3o de um homem.&#8221;<\/td><td>Odisseia, Canto XIV<\/td><\/tr><tr><td>10<\/td><td>&#8220;Os homens sempre culpam os deuses por seus infort\u00fanios, enquanto s\u00e3o eles pr\u00f3prios que, por sua loucura, atraem desgra\u00e7as al\u00e9m de seu destino.&#8221;<\/td><td>Odisseia, Canto I<\/td><\/tr><tr><td>11<\/td><td>&#8220;Nada \u00e9 mais doce que a terra <a href=\"https:\/\/mensagensqueinspiram.com.br\/es\/a-magia-do-natal-com-frases-que-tocam-o-coracao\/\">natal<\/a> e os pais, mesmo quando se vive em casa opulenta, em terra estrangeira, longe dos seus.&#8221;<\/td><td>Odisseia, Canto IX<\/td><\/tr><tr><td>12<\/td><td>&#8220;Um m\u00e9dico vale por muitos outros homens.&#8221;<\/td><td>Il\u00edada, Canto XI<\/td><\/tr><tr><td>13<\/td><td>&#8220;Tamb\u00e9m os deuses se disfar\u00e7am de estrangeiros de terras distantes para observar a insol\u00eancia e a justi\u00e7a dos homens.&#8221;<\/td><td>Odisseia, Canto XVII<\/td><\/tr><tr><td>14<\/td><td>&#8220;Dois homens juntos t\u00eam mais for\u00e7a para planejar e agir.&#8221;<\/td><td>Il\u00edada, Canto X<\/td><\/tr><tr><td>15<\/td><td>&#8220;De Zeus v\u00eam todos os estrangeiros e mendigos, e pequena d\u00e1diva lhes \u00e9 cara.&#8221;<\/td><td>Odisseia, Canto VI<\/td><\/tr><tr><td>16<\/td><td>&#8220;Nada alimenta t\u00e3o bem a bravura dos homens quanto ver seu l\u00edder na linha de frente.&#8221;<\/td><td>Il\u00edada, Canto XIX<\/td><\/tr><tr><td>17<\/td><td>&#8220;A mente dos homens na terra \u00e9 conforme o dia que lhes traz o pai dos homens e dos deuses.&#8221;<\/td><td>Odisseia, Canto XVIII<\/td><\/tr><tr><td>18<\/td><td>&#8220;Como as gera\u00e7\u00f5es das folhas, assim s\u00e3o as dos homens.&#8221;<\/td><td>Il\u00edada, Canto VI<\/td><\/tr><tr><td>19<\/td><td>&#8220;At\u00e9 um tolo aprende com a experi\u00eancia.&#8221;<\/td><td>Il\u00edada, Canto XVII<\/td><\/tr><tr><td>20<\/td><td>&#8220;Os homens cansam-se mais facilmente do prazer do que do trabalho.&#8221;<\/td><td>Il\u00edada, Canto XIII<\/td><\/tr><tr><td>21<\/td><td>&#8220;A amizade n\u00e3o deve ir al\u00e9m do que \u00e9 justo.&#8221;<\/td><td>Odisseia, Canto XV<\/td><\/tr><tr><td>22<\/td><td>&#8220;Os deuses n\u00e3o d\u00e3o todas as gra\u00e7as aos homens: nem beleza, nem intelig\u00eancia, nem eloqu\u00eancia.&#8221;<\/td><td>Odisseia, Canto VIII<\/td><\/tr><tr><td>23<\/td><td>&#8220;Nenhum mortal pode culpar os imortais.&#8221;<\/td><td>Odisseia, Canto I<\/td><\/tr><tr><td>24<\/td><td>&#8220;O homem \u00e9 a criatura mais triste que respira e rasteja sobre a terra.&#8221;<\/td><td>Il\u00edada, Canto XVII<\/td><\/tr><tr><td>25<\/td><td>&#8220;\u00c9 melhor ser rei em \u00cdtaca do que imortal em terra estranha.&#8221;<\/td><td>Odisseia, Canto V<\/td><\/tr><tr><td>26<\/td><td>&#8220;O cora\u00e7\u00e3o pode sofrer muito, mas h\u00e1 um limite para a dor humana.&#8221;<\/td><td>Odisseia, Canto IV<\/td><\/tr><tr><td>27<\/td><td>&#8220;A excel\u00eancia \u00e9 um dom divino.&#8221;<\/td><td>Il\u00edada, Canto III<\/td><\/tr><tr><td>28<\/td><td>&#8220;At\u00e9 os tolos aprendem com a experi\u00eancia.&#8221;<\/td><td>Il\u00edada, Canto XX<\/td><\/tr><tr><td>29<\/td><td>&#8220;Nenhum homem me mandar\u00e1 para o Hades antes da hora marcada.&#8221;<\/td><td>Il\u00edada, Canto VI<\/td><\/tr><tr><td>30<\/td><td>&#8220;Os homens precisam de descanso ap\u00f3s o trabalho.&#8221;<\/td><td>Odisseia, Canto XIV<\/td><\/tr><tr><td>31<\/td><td>&#8220;\u00c9 melhor viver pobre, sob a luz do sol, do que reinar sobre todos os mortos nas sombras.&#8221;<\/td><td>Odisseia, Canto XI<\/td><\/tr><tr><td>32<\/td><td>&#8220;Os deuses n\u00e3o d\u00e3o aos mortais tudo de uma vez.&#8221;<\/td><td>Il\u00edada, Canto IV<\/td><\/tr><tr><td>33<\/td><td>&#8220;Que tipo de palavra escapou da barreira dos seus dentes?&#8221;<\/td><td>Il\u00edada, Canto IV<\/td><\/tr><tr><td>34<\/td><td>&#8220;De todos os seres que respiram e se arrastam na terra, nada \u00e9 mais fraco que o homem.&#8221;<\/td><td>Odisseia, Canto XVIII<\/td><\/tr><tr><td>35<\/td><td>&#8220;At\u00e9 um estrangeiro merece justi\u00e7a.&#8221;<\/td><td>Odisseia, Canto XIV<\/td><\/tr><tr><td>36<\/td><td>&#8220;Os homens t\u00eam cora\u00e7\u00e3o que pode suportar, quando a necessidade os obriga.&#8221;<\/td><td>Il\u00edada, Canto XXIV<\/td><\/tr><tr><td>37<\/td><td>&#8220;Os deuses amarram os p\u00e9s dos que fazem mal.&#8221;<\/td><td>Il\u00edada, Canto XIX<\/td><\/tr><tr><td>38<\/td><td>&#8220;\u00c9 um prazer ouvir um bardo como este, com voz semelhante \u00e0 dos deuses.&#8221;<\/td><td>Odisseia, Canto IX<\/td><\/tr><tr><td>39<\/td><td>&#8220;Vergonhoso seria ficar muito tempo aqui sem resultado.&#8221;<\/td><td>Il\u00edada, Canto II<\/td><\/tr><tr><td>40<\/td><td>&#8220;Melhor \u00e9 viver na pobreza, mas \u00e0 luz do sol, do que na opul\u00eancia, mas nas trevas.&#8221;<\/td><td>Odisseia, Canto XI<\/td><\/tr><tr><td>41<\/td><td>&#8220;O homem valente tem mais chances de salva\u00e7\u00e3o que o covarde.&#8221;<\/td><td>Il\u00edada, Canto XXI<\/td><\/tr><tr><td>42<\/td><td>&#8220;At\u00e9 um tolo reconhece a verdade quando a v\u00ea.&#8221;<\/td><td>Odisseia, Canto VII<\/td><\/tr><tr><td>43<\/td><td>&#8220;Aquele que foge n\u00e3o ganha gl\u00f3ria, nem for\u00e7a.&#8221;<\/td><td>Il\u00edada, Canto V<\/td><\/tr><tr><td>44<\/td><td>&#8220;Os deuses n\u00e3o revelam tudo para os mortais desde o in\u00edcio.&#8221;<\/td><td>Odisseia, Canto III<\/td><\/tr><tr><td>45<\/td><td>&#8220;A gl\u00f3ria do homem vem dos p\u00e9s e das m\u00e3os.&#8221;<\/td><td>Odisseia, Canto VIII<\/td><\/tr><tr><td>46<\/td><td>&#8220;N\u00e3o \u00e9 bom ficar lamentando sem fim.&#8221;<\/td><td>Il\u00edada, Canto XXIV<\/td><\/tr><tr><td>47<\/td><td>&#8220;Os pr\u00f3prios deuses podem dobrar-se diante das preces.&#8221;<\/td><td>Il\u00edada, Canto IX<\/td><\/tr><tr><td>48<\/td><td>&#8220;O sono, por mais doce que seja, pode se tornar prejudicial em excesso.&#8221;<\/td><td>Odisseia, Canto XV<\/td><\/tr><tr><td>49<\/td><td>&#8220;Ningu\u00e9m jamais venceu Zeus.&#8221;<\/td><td>Il\u00edada, Canto XII<\/td><\/tr><tr><td>50<\/td><td>&#8220;A persuas\u00e3o vale mais que a for\u00e7a.&#8221;<\/td><td>Il\u00edada, Canto I<\/td><\/tr><tr><td>51<\/td><td>&#8220;Os deuses n\u00e3o honram igualmente todos os homens.&#8221;<\/td><td>Il\u00edada, Canto XIII<\/td><\/tr><tr><td>52<\/td><td>&#8220;\u00c9 bom respeitar o h\u00f3spede enquanto est\u00e1 conosco e honr\u00e1-lo quando parte.&#8221;<\/td><td>Odisseia, Canto XV<\/td><\/tr><tr><td>53<\/td><td>&#8220;A necessidade \u00e9 uma mestra severa.&#8221;<\/td><td>Il\u00edada, Canto VI<\/td><\/tr><tr><td>54<\/td><td>&#8220;Tanto o covarde quanto o bravo encontram a morte.&#8221;<\/td><td>Il\u00edada, Canto VI<\/td><\/tr><tr><td>55<\/td><td>&#8220;Vergonhoso \u00e9 permanecer muito tempo e voltar de m\u00e3os vazias.&#8221;<\/td><td>Il\u00edada, Canto II<\/td><\/tr><tr><td>56<\/td><td>&#8220;Um conselho s\u00e1bio \u00e9 sempre bem-vindo.&#8221;<\/td><td>Il\u00edada, Canto IX<\/td><\/tr><tr><td>57<\/td><td>&#8220;O destino de todos os homens \u00e9 morrer.&#8221;<\/td><td>Odisseia, Canto III<\/td><\/tr><tr><td>58<\/td><td>&#8220;Os homens sempre precisam uns dos outros.&#8221;<\/td><td>Il\u00edada, Canto X<\/td><\/tr><tr><td>59<\/td><td>&#8220;\u00c9 melhor morrer de uma vez do que sofrer toda a vida.&#8221;<\/td><td>Odisseia, Canto V<\/td><\/tr><tr><td>60<\/td><td>&#8220;Um h\u00f3spede deve respeitar seu anfitri\u00e3o e partir quando solicitado.&#8221;<\/td><td>Odisseia, Canto XVII<\/td><\/tr><tr><td>61<\/td><td>&#8220;O homem deve lutar pelo que acredita.&#8221;<\/td><td>Il\u00edada, Canto XII<\/td><\/tr><tr><td>62<\/td><td>&#8220;Quando dois caminham juntos, um v\u00ea antes do outro.&#8221;<\/td><td>Il\u00edada, Canto X<\/td><\/tr><\/tbody><\/table><\/figure>\n\n\n\n<blockquote class=\"wp-block-quote is-layout-flow wp-block-quote-is-layout-flow\">\n<p>&#8220;Leve \u00e9 o trabalho quando muitos compartilham o esfor\u00e7o.&#8221; Esta frase de Homero na Il\u00edada resume o esp\u00edrito de coopera\u00e7\u00e3o que permeia toda sua obra, lembrando-nos que as maiores conquistas humanas v\u00eam da uni\u00e3o.<\/p>\n<\/blockquote>\n\n\n\n<blockquote class=\"wp-block-quote is-layout-flow wp-block-quote-is-layout-flow\">\n<p>&#8220;Como as gera\u00e7\u00f5es das folhas, assim s\u00e3o as dos homens.&#8221; Com esta met\u00e1fora poderosa da Il\u00edada, Homero nos lembra da natureza c\u00edclica e ef\u00eamera da vida humana, ensinando-nos humildade perante o tempo.<\/p>\n<\/blockquote>\n\n\n\n<h2 class=\"wp-block-heading\"><span class=\"ez-toc-section\" id=\"Conclusao\"><\/span>Conclusi\u00f3n<span class=\"ez-toc-section-end\"><\/span><\/h2>\n\n\n\n<p>Las <strong>frases de Homero<\/strong> continuam a ressoar atrav\u00e9s dos mil\u00eanios porque tocam verdades fundamentais da experi\u00eancia humana. <\/p>\n\n\n\n<p>Suas reflex\u00f5es sobre coragem, honra, amor e destino transcendem barreiras culturais e temporais, oferecendo sabedoria para enfrentarmos os desafios da vida moderna.<\/p>\n\n\n\n<p>Estas palavras antigas nos lembram que, apesar de todas as mudan\u00e7as tecnol\u00f3gicas e sociais, a ess\u00eancia da condi\u00e7\u00e3o humana permanece a mesma. <\/p>\n\n\n\n<p>Continuamos a enfrentar dilemas morais, buscamos sentido em nossas vidas e lutamos para superar adversidades \u2013 exatamente como os her\u00f3is de Homero.<\/p>\n\n\n\n<p>Deseja continuar explorando mensagens inspiradoras de grandes pensadores da humanidade? Visite nosso blog <a href=\"https:\/\/mensagensqueinspiram.com.br\/es\/\">Mensajes inspiradores<\/a> para mais conte\u00fado que elevar\u00e1 seu esp\u00edrito e expandir\u00e1 sua mente. <\/p>\n\n\n\n<p>Para aprofundar seus conhecimentos sobre Homero e sua obra, recomendamos visitar a <a href=\"https:\/\/pt.wikipedia.org\/wiki\/Homero\" target=\"_blank\" rel=\"noreferrer noopener\">p\u00e1gina da Wikipedia sobre Homero<\/a>, que oferece informa\u00e7\u00f5es detalhadas sobre sua vida e legado.<\/p>\n\n\n\n<figure class=\"wp-block-image size-full\"><img loading=\"lazy\" decoding=\"async\" width=\"1024\" height=\"768\" src=\"https:\/\/mensagensqueinspiram.com.br\/wp-content\/uploads\/2025\/04\/homero-na-iliada.png\" alt=\"Frases de Homero: Sabidur\u00eda eterna del poeta que molde\u00f3 la civilizaci\u00f3n occidental\" class=\"wp-image-1443\" srcset=\"https:\/\/mensagensqueinspiram.com.br\/wp-content\/uploads\/2025\/04\/homero-na-iliada.png 1024w, https:\/\/mensagensqueinspiram.com.br\/wp-content\/uploads\/2025\/04\/homero-na-iliada-300x225.png 300w, https:\/\/mensagensqueinspiram.com.br\/wp-content\/uploads\/2025\/04\/homero-na-iliada-768x576.png 768w, https:\/\/mensagensqueinspiram.com.br\/wp-content\/uploads\/2025\/04\/homero-na-iliada-640x480.png 640w\" sizes=\"auto, (max-width: 1024px) 100vw, 1024px\" \/><\/figure>\n\n\n\n<h3 class=\"wp-block-heading has-text-align-center has-theme-palette-9-color has-text-color has-background has-link-color wp-elements-9191ff89026a1bd660a057c89ca75891\" style=\"background-color:#150042\"><span class=\"ez-toc-section\" id=\"FAQ_sobre_Homero\"><\/span>FAQ sobre Homero<span class=\"ez-toc-section-end\"><\/span><\/h3>\n\n\n\n<figure class=\"wp-block-table\"><table class=\"has-fixed-layout\"><thead><tr><th>Pregunta<\/th><th>Respuesta<\/th><\/tr><\/thead><tbody><tr><td>Homero realmente existiu?<\/td><td>H\u00e1 debate acad\u00eamico sobre isso. Alguns estudiosos acreditam que Homero foi uma pessoa real, enquanto outros sugerem que o nome representa uma tradi\u00e7\u00e3o oral coletiva de bardos que contavam estas hist\u00f3rias.<\/td><\/tr><tr><td>Quando viveu Homero?<\/td><td>Estima-se que Homero tenha vivido por volta do s\u00e9culo VIII a.C., no per\u00edodo conhecido como Gr\u00e9cia Arcaica.<\/td><\/tr><tr><td>Homero era realmente cego?<\/td><td>A tradi\u00e7\u00e3o o descreve como cego, mas n\u00e3o h\u00e1 evid\u00eancias hist\u00f3ricas conclusivas sobre isso. Esta caracter\u00edstica pode ser simb\u00f3lica, representando a vis\u00e3o interior do poeta.<\/td><\/tr><tr><td>Quais s\u00e3o as principais obras de Homero?<\/td><td>As duas principais obras atribu\u00eddas a Homero s\u00e3o a &#8220;Il\u00edada&#8221; e a &#8220;Odisseia&#8221;, consideradas fundamentos da literatura ocidental.<\/td><\/tr><tr><td>Sobre o que trata a Il\u00edada?<\/td><td>A Il\u00edada narra eventos do \u00faltimo ano da Guerra de Troia, focando principalmente na ira do guerreiro Aquiles e suas consequ\u00eancias.<\/td><\/tr><tr><td>Do que trata a Odisseia?<\/td><td>A Odisseia conta a jornada de retorno do her\u00f3i Ulisses (Odisseu) para sua terra natal, \u00cdtaca, ap\u00f3s a Guerra de Troia, uma viagem que durou dez anos.<\/td><\/tr><tr><td>Homero escreveu suas obras ou eram transmitidas oralmente?<\/td><td>Inicialmente, acredita-se que as hist\u00f3rias foram transmitidas oralmente por gera\u00e7\u00f5es antes de serem registradas por escrito, possivelmente no s\u00e9culo VIII a.C.<\/td><\/tr><tr><td>Qual a import\u00e2ncia de Homero para a cultura ocidental?<\/td><td>Homero \u00e9 considerado o fundador da tradi\u00e7\u00e3o liter\u00e1ria ocidental. Suas obras influenciaram profundamente a religi\u00e3o, a arte, a filosofia e a literatura grega e, consequentemente, toda a cultura ocidental.<\/td><\/tr><\/tbody><\/table><\/figure>","protected":false},"excerpt":{"rendered":"<p>Frases de Homero: Las frases de sabidur\u00eda eterna siguen resonando a lo largo de los milenios, especialmente las del legendario Homero, el poeta griego que vivi\u00f3 aproximadamente en el siglo VIII a. C. en la regi\u00f3n de Jonia, actual costa de Turqu\u00eda. Aunque envuelto en misterio \u2014algunos estudiosos incluso cuestionan si fue una sola persona o una tradici\u00f3n oral colectiva...<\/p>","protected":false},"author":1,"featured_media":1440,"comment_status":"open","ping_status":"open","sticky":false,"template":"","format":"standard","meta":{"rop_custom_images_group":[],"rop_custom_messages_group":[],"rop_publish_now":"initial","rop_publish_now_accounts":{"facebook_122186298128049666_540220039169035":""},"rop_publish_now_history":[],"rop_publish_now_status":"pending","rank_math_focus_keyword":"Frases de Homero,Homero","rank_math_description":"Descubra as mais belas Frases de Homero, o poeta que moldou o pensamento ocidental, e encontre sabedoria eterna para inspirar sua jornada pessoal.","_kad_post_transparent":"","_kad_post_title":"","_kad_post_layout":"","_kad_post_sidebar_id":"","_kad_post_content_style":"","_kad_post_vertical_padding":"","_kad_post_feature":"","_kad_post_feature_position":"","_kad_post_header":false,"_kad_post_footer":false,"_kad_post_classname":"","_jetpack_memberships_contains_paid_content":false,"footnotes":"","jetpack_publicize_message":"","jetpack_publicize_feature_enabled":true,"jetpack_social_post_already_shared":true,"jetpack_social_options":{"image_generator_settings":{"template":"highway","enabled":false},"version":2}},"categories":[23],"tags":[20,498,500,499,501],"class_list":["post-1436","post","type-post","status-publish","format-standard","has-post-thumbnail","hentry","category-grandes-autores","tag-frases-inspiradoras","tag-homero","tag-iliada","tag-literatura-grega","tag-odisseia"],"jetpack_publicize_connections":[],"jetpack_featured_media_url":"https:\/\/mensagensqueinspiram.com.br\/wp-content\/uploads\/2025\/04\/create-a-highly-detailed-and-evocative-featured-image-for-a-2.png","jetpack_sharing_enabled":true,"_links":{"self":[{"href":"https:\/\/mensagensqueinspiram.com.br\/es\/wp-json\/wp\/v2\/posts\/1436","targetHints":{"allow":["GET"]}}],"collection":[{"href":"https:\/\/mensagensqueinspiram.com.br\/es\/wp-json\/wp\/v2\/posts"}],"about":[{"href":"https:\/\/mensagensqueinspiram.com.br\/es\/wp-json\/wp\/v2\/types\/post"}],"author":[{"embeddable":true,"href":"https:\/\/mensagensqueinspiram.com.br\/es\/wp-json\/wp\/v2\/users\/1"}],"replies":[{"embeddable":true,"href":"https:\/\/mensagensqueinspiram.com.br\/es\/wp-json\/wp\/v2\/comments?post=1436"}],"version-history":[{"count":1,"href":"https:\/\/mensagensqueinspiram.com.br\/es\/wp-json\/wp\/v2\/posts\/1436\/revisions"}],"predecessor-version":[{"id":1444,"href":"https:\/\/mensagensqueinspiram.com.br\/es\/wp-json\/wp\/v2\/posts\/1436\/revisions\/1444"}],"wp:featuredmedia":[{"embeddable":true,"href":"https:\/\/mensagensqueinspiram.com.br\/es\/wp-json\/wp\/v2\/media\/1440"}],"wp:attachment":[{"href":"https:\/\/mensagensqueinspiram.com.br\/es\/wp-json\/wp\/v2\/media?parent=1436"}],"wp:term":[{"taxonomy":"category","embeddable":true,"href":"https:\/\/mensagensqueinspiram.com.br\/es\/wp-json\/wp\/v2\/categories?post=1436"},{"taxonomy":"post_tag","embeddable":true,"href":"https:\/\/mensagensqueinspiram.com.br\/es\/wp-json\/wp\/v2\/tags?post=1436"}],"curies":[{"name":"wp","href":"https:\/\/api.w.org\/{rel}","templated":true}]}}