{"id":4973,"date":"2026-01-16T18:03:00","date_gmt":"2026-01-16T21:03:00","guid":{"rendered":"https:\/\/mensagensqueinspiram.com.br\/?p=4973"},"modified":"2026-01-09T13:18:25","modified_gmt":"2026-01-09T16:18:25","slug":"boa-noite-com-prece-de-agradecimento","status":"publish","type":"post","link":"https:\/\/mensagensqueinspiram.com.br\/es\/boa-noite-com-prece-de-agradecimento\/","title":{"rendered":"Buenas noches con una oraci\u00f3n de agradecimiento: el secreto del sue\u00f1o profundo"},"content":{"rendered":"<div id=\"ez-toc-container\" class=\"ez-toc-v2_0_82_2 counter-hierarchy ez-toc-counter ez-toc-custom ez-toc-container-direction\">\n<div class=\"ez-toc-title-container\">\n<p class=\"ez-toc-title\" style=\"cursor:inherit\">\u00cdndice<\/p>\n<span class=\"ez-toc-title-toggle\"><a href=\"#\" class=\"ez-toc-pull-right ez-toc-btn ez-toc-btn-xs ez-toc-btn-default ez-toc-toggle\" aria-label=\"Cambiar la tabla de contenidos\"><span class=\"ez-toc-js-icon-con\"><span class=\"\"><span class=\"eztoc-hide\" style=\"display:none;\">Alternar<\/span><span class=\"ez-toc-icon-toggle-span\"><svg style=\"fill: #150042;color:#150042\" xmlns=\"http:\/\/www.w3.org\/2000\/svg\" class=\"list-377408\" width=\"20px\" height=\"20px\" viewbox=\"0 0 24 24\" fill=\"none\"><path d=\"M6 6H4v2h2V6zm14 0H8v2h12V6zM4 11h2v2H4v-2zm16 0H8v2h12v-2zM4 16h2v2H4v-2zm16 0H8v2h12v-2z\" fill=\"currentColor\"><\/path><\/svg><svg style=\"fill: #150042;color:#150042\" class=\"arrow-unsorted-368013\" xmlns=\"http:\/\/www.w3.org\/2000\/svg\" width=\"10px\" height=\"10px\" viewbox=\"0 0 24 24\" version=\"1.2\" baseprofile=\"tiny\"><path d=\"M18.2 9.3l-6.2-6.3-6.2 6.3c-.2.2-.3.4-.3.7s.1.5.3.7c.2.2.4.3.7.3h11c.3 0 .5-.1.7-.3.2-.2.3-.5.3-.7s-.1-.5-.3-.7zM5.8 14.7l6.2 6.3 6.2-6.3c.2-.2.3-.5.3-.7s-.1-.5-.3-.7c-.2-.2-.4-.3-.7-.3h-11c-.3 0-.5.1-.7.3-.2.2-.3.5-.3.7s.1.5.3.7z\"\/><\/svg><\/span><\/span><\/span><\/a><\/span><\/div>\n<nav><ul class='ez-toc-list ez-toc-list-level-1 eztoc-toggle-hide-by-default' ><li class='ez-toc-page-1 ez-toc-heading-level-2'><a class=\"ez-toc-link ez-toc-heading-1\" href=\"https:\/\/mensagensqueinspiram.com.br\/es\/boa-noite-com-prece-de-agradecimento\/#Por_que_praticar_a_boa_noite_com_prece_de_agradecimento\" >Por que praticar a boa noite com prece de agradecimento?<\/a><\/li><li class='ez-toc-page-1 ez-toc-heading-level-2'><a class=\"ez-toc-link ez-toc-heading-2\" href=\"https:\/\/mensagensqueinspiram.com.br\/es\/boa-noite-com-prece-de-agradecimento\/#Beneficios_da_boa_noite_com_prece_de_agradecimento\" >Benef\u00edcios da boa noite com prece de agradecimento<\/a><\/li><li class='ez-toc-page-1 ez-toc-heading-level-2'><a class=\"ez-toc-link ez-toc-heading-3\" href=\"https:\/\/mensagensqueinspiram.com.br\/es\/boa-noite-com-prece-de-agradecimento\/#Como_estruturar_sua_boa_noite_com_prece_de_agradecimento\" >Como estruturar sua boa noite com prece de agradecimento<\/a><\/li><li class='ez-toc-page-1 ez-toc-heading-level-2'><a class=\"ez-toc-link ez-toc-heading-4\" href=\"https:\/\/mensagensqueinspiram.com.br\/es\/boa-noite-com-prece-de-agradecimento\/#Mensagens_famosas_para_boa_noite_com_prece_de_agradecimento\" >Mensagens famosas para boa noite com prece de agradecimento<\/a><\/li><li class='ez-toc-page-1 ez-toc-heading-level-2'><a class=\"ez-toc-link ez-toc-heading-5\" href=\"https:\/\/mensagensqueinspiram.com.br\/es\/boa-noite-com-prece-de-agradecimento\/#O_poder_da_boa_noite_com_prece_de_agradecimento_na_alma\" >O poder da boa noite com prece de agradecimento na alma<\/a><\/li><li class='ez-toc-page-1 ez-toc-heading-level-2'><a class=\"ez-toc-link ez-toc-heading-6\" href=\"https:\/\/mensagensqueinspiram.com.br\/es\/boa-noite-com-prece-de-agradecimento\/#Reflexoes_contemporaneas_para_boa_noite_com_prece_de_agradecimento\" >Reflex\u00f5es contempor\u00e2neas para boa noite com prece de agradecimento<\/a><\/li><li class='ez-toc-page-1 ez-toc-heading-level-2'><a class=\"ez-toc-link ez-toc-heading-7\" href=\"https:\/\/mensagensqueinspiram.com.br\/es\/boa-noite-com-prece-de-agradecimento\/#Glossario_de_termos_de_espiritualidade\" >Gloss\u00e1rio de termos de espiritualidade<\/a><\/li><li class='ez-toc-page-1 ez-toc-heading-level-2'><a class=\"ez-toc-link ez-toc-heading-8\" href=\"https:\/\/mensagensqueinspiram.com.br\/es\/boa-noite-com-prece-de-agradecimento\/#Principais_Conclusoes_sobre_a_Pratica_Noturna\" >Principais Conclus\u00f5es sobre a Pr\u00e1tica Noturna<\/a><\/li><li class='ez-toc-page-1 ez-toc-heading-level-2'><a class=\"ez-toc-link ez-toc-heading-9\" href=\"https:\/\/mensagensqueinspiram.com.br\/es\/boa-noite-com-prece-de-agradecimento\/#Conclusao_sobre_a_boa_noite_com_prece_de_agradecimento\" >Conclus\u00e3o sobre a boa noite com prece de agradecimento<\/a><\/li><li class='ez-toc-page-1 ez-toc-heading-level-2'><a class=\"ez-toc-link ez-toc-heading-10\" href=\"https:\/\/mensagensqueinspiram.com.br\/es\/boa-noite-com-prece-de-agradecimento\/#Perguntas_Frequentes_FAQ\" >Preguntas frecuentes (FAQ)<\/a><ul class='ez-toc-list-level-3' ><li class='ez-toc-heading-level-3'><a class=\"ez-toc-link ez-toc-heading-11\" href=\"https:\/\/mensagensqueinspiram.com.br\/es\/boa-noite-com-prece-de-agradecimento\/#1_Como_comecar_uma_boa_noite_com_prece_de_agradecimento_se_nao_tenho_o_habito\" >1. Como come\u00e7ar uma boa noite com prece de agradecimento se n\u00e3o tenho o h\u00e1bito?<\/a><\/li><li class='ez-toc-page-1 ez-toc-heading-level-3'><a class=\"ez-toc-link ez-toc-heading-12\" href=\"https:\/\/mensagensqueinspiram.com.br\/es\/boa-noite-com-prece-de-agradecimento\/#2_A_prece_de_agradecimento_precisa_ser_religiosa\" >2. A prece de agradecimento precisa ser religiosa?<\/a><\/li><li class='ez-toc-page-1 ez-toc-heading-level-3'><a class=\"ez-toc-link ez-toc-heading-13\" href=\"https:\/\/mensagensqueinspiram.com.br\/es\/boa-noite-com-prece-de-agradecimento\/#3_Qual_o_melhor_horario_para_fazer_a_prece\" >3. Qual o melhor hor\u00e1rio para fazer a prece?<\/a><\/li><li class='ez-toc-page-1 ez-toc-heading-level-3'><a class=\"ez-toc-link ez-toc-heading-14\" href=\"https:\/\/mensagensqueinspiram.com.br\/es\/boa-noite-com-prece-de-agradecimento\/#4_Posso_fazer_a_prece_em_voz_alta\" >4. Posso fazer a prece em voz alta?<\/a><\/li><li class='ez-toc-page-1 ez-toc-heading-level-3'><a class=\"ez-toc-link ez-toc-heading-15\" href=\"https:\/\/mensagensqueinspiram.com.br\/es\/boa-noite-com-prece-de-agradecimento\/#5_Onde_encontro_mais_mensagens_para_minha_boa_noite_com_prece_de_agradecimento\" >5. Onde encontro mais mensagens para minha boa noite com prece de agradecimento?<\/a><\/li><\/ul><\/li><\/ul><\/nav><\/div>\n\n<p>Voc\u00ea j\u00e1 sentiu que o peso do dia impede o seu descanso pleno? Certamente, muitos enfrentam esse dilema diariamente ao deitar a cabe\u00e7a no travesseiro. Contudo, existe uma pr\u00e1tica milenar que pode mudar tudo: a <strong>boa noite com prece de agradecimento<\/strong>. Al\u00e9m disso, estudos indicam que a gratid\u00e3o acalma o sistema nervoso de forma imediata.<\/p>\n\n\n\n<p>Por conseguinte, cultivar pensamentos positivos antes de dormir n\u00e3o \u00e9 apenas um h\u00e1bito espiritual, mas uma necessidade biol\u00f3gica. Dessa forma, voc\u00ea prepara sua mente para um estado de repara\u00e7\u00e3o profunda. <\/p>\n\n\n\n<p>Afinal, o cora\u00e7\u00e3o grato encontra repouso onde outros encontram apenas preocupa\u00e7\u00e3o. Portanto, acompanhe este guia completo sobre como elevar sua vibra\u00e7\u00e3o noturna.<\/p>\n\n\n\n<blockquote class=\"wp-block-quote is-layout-flow wp-block-quote-is-layout-flow\">\n<p>&#8220;A gratid\u00e3o \u00e9 a mem\u00f3ria do cora\u00e7\u00e3o.&#8221; \u2014 Jean-Baptiste Massillon<\/p>\n<\/blockquote>\n\n\n\n<h2 class=\"wp-block-heading\"><span class=\"ez-toc-section\" id=\"Por_que_praticar_a_boa_noite_com_prece_de_agradecimento\"><\/span>Por que praticar a boa noite com prece de agradecimento?<span class=\"ez-toc-section-end\"><\/span><\/h2>\n\n\n\n<p>Em primeiro lugar, a ci\u00eancia moderna, atrav\u00e9s da psicologia positiva, valida o que as tradi\u00e7\u00f5es espirituais ensinam h\u00e1 s\u00e9culos. De fato, ao focar no que foi bom, voc\u00ea reprograma seu subconsciente para a abund\u00e2ncia. <\/p>\n\n\n\n<p>Por outro lado, focar nos problemas gera cortisol, o horm\u00f4nio do estresse, que prejudica o sono. Certamente, a <strong>boa noite com prece de agradecimento<\/strong> \u00e9 o melhor ant\u00eddoto.<\/p>\n\n\n\n<blockquote class=\"wp-block-quote is-layout-flow wp-block-quote-is-layout-flow\">\n<p>&#8220;Agradecer \u00e9 a arte de atrair coisas boas.&#8221; \u2014 Autor Desconhecido<\/p>\n<\/blockquote>\n\n\n\n<p>Ademais, ao realizar essa pr\u00e1tica, voc\u00ea estabelece uma conex\u00e3o direta com o divino ou com sua pr\u00f3pria paz interior. Consequentemente, as tens\u00f5es musculares diminuem e a respira\u00e7\u00e3o torna-se mais fluida. <\/p>\n\n\n\n<p>Por isso, dedicar apenas cinco minutos para agradecer pode ser mais eficaz do que horas de descanso inquieto. Com o intuito de ajudar, listamos diversas inspira\u00e7\u00f5es abaixo.<\/p>\n\n\n\n<blockquote class=\"wp-block-quote is-layout-flow wp-block-quote-is-layout-flow\">\n<p>&#8220;O segredo da felicidade \u00e9 viver um dia de cada vez e agradecer por ele.&#8221; \u2014 <a href=\"https:\/\/pt.wikipedia.org\/wiki\/Mahatma_Gandhi\" target=\"_blank\" rel=\"noreferrer noopener\">Mahatma Gandhi<\/a><\/p>\n<\/blockquote>\n\n\n\n<h2 class=\"wp-block-heading\"><span class=\"ez-toc-section\" id=\"Beneficios_da_boa_noite_com_prece_de_agradecimento\"><\/span>Benef\u00edcios da boa noite com prece de agradecimento<span class=\"ez-toc-section-end\"><\/span><\/h2>\n\n\n\n<p>Frequentemente, as pessoas ignoram o impacto de uma mente serena na sa\u00fade f\u00edsica. Entretanto, a <strong>boa noite com prece de agradecimento<\/strong> reduz a press\u00e3o arterial e fortalece o sistema imunol\u00f3gico. Al\u00e9m disso, melhora significativamente a qualidade do sono REM. <\/p>\n\n\n\n<p>Dessa maneira, voc\u00ea acorda com mais disposi\u00e7\u00e3o e clareza mental para enfrentar os novos desafios.<\/p>\n\n\n\n<blockquote class=\"wp-block-quote is-layout-flow wp-block-quote-is-layout-flow\">\n<p>&#8220;N\u00e3o s\u00e3o as pessoas felizes que s\u00e3o gratas, s\u00e3o as pessoas gratas que s\u00e3o felizes.&#8221; \u2014 Francis Bacon<\/p>\n<\/blockquote>\n\n\n\n<figure class=\"wp-block-table\"><table class=\"has-fixed-layout\"><thead><tr><th class=\"has-text-align-left\" data-align=\"left\">Beneficio<\/th><th class=\"has-text-align-left\" data-align=\"left\">Descripci\u00f3n<\/th><th class=\"has-text-align-left\" data-align=\"left\">Impacto no Sono<\/th><\/tr><\/thead><tbody><tr><td class=\"has-text-align-left\" data-align=\"left\">Reducci\u00f3n del estr\u00e9s<\/td><td class=\"has-text-align-left\" data-align=\"left\">Diminui o cortisol no organismo<\/td><td class=\"has-text-align-left\" data-align=\"left\">Sono mais r\u00e1pido<\/td><\/tr><tr><td class=\"has-text-align-left\" data-align=\"left\">Paz interior<\/td><td class=\"has-text-align-left\" data-align=\"left\">Alinha as emo\u00e7\u00f5es e a espiritualidade<\/td><td class=\"has-text-align-left\" data-align=\"left\">Descanso profundo<\/td><\/tr><tr><td class=\"has-text-align-left\" data-align=\"left\">Claridad mental<\/td><td class=\"has-text-align-left\" data-align=\"left\">Organiza os pensamentos do dia<\/td><td class=\"has-text-align-left\" data-align=\"left\">Sonhos tranquilos<\/td><\/tr><tr><td class=\"has-text-align-left\" data-align=\"left\">Renovaci\u00f3n<\/td><td class=\"has-text-align-left\" data-align=\"left\">Prepara o corpo para o amanh\u00e3<\/td><td class=\"has-text-align-left\" data-align=\"left\">Acordar disposto<\/td><\/tr><\/tbody><\/table><\/figure>\n\n\n\n<figure class=\"wp-block-image size-large\"><img loading=\"lazy\" decoding=\"async\" width=\"1024\" height=\"585\" src=\"https:\/\/mensagensqueinspiram.com.br\/wp-content\/uploads\/2026\/01\/image-8-1024x585.webp\" alt=\"Boa Noite com Prece de Agradecimento\" class=\"wp-image-4974\" srcset=\"https:\/\/mensagensqueinspiram.com.br\/wp-content\/uploads\/2026\/01\/image-8-1024x585.webp 1024w, https:\/\/mensagensqueinspiram.com.br\/wp-content\/uploads\/2026\/01\/image-8-300x171.webp 300w, https:\/\/mensagensqueinspiram.com.br\/wp-content\/uploads\/2026\/01\/image-8-768x439.webp 768w, https:\/\/mensagensqueinspiram.com.br\/wp-content\/uploads\/2026\/01\/image-8-18x10.webp 18w, https:\/\/mensagensqueinspiram.com.br\/wp-content\/uploads\/2026\/01\/image-8-640x366.webp 640w, https:\/\/mensagensqueinspiram.com.br\/wp-content\/uploads\/2026\/01\/image-8.webp 1344w\" sizes=\"auto, (max-width: 1024px) 100vw, 1024px\" \/><\/figure>\n\n\n\n<blockquote class=\"wp-block-quote is-layout-flow wp-block-quote-is-layout-flow\">\n<p>&#8220;Dormir em paz \u00e9 o maior luxo que a vida pode nos oferecer.&#8221; \u2014 Autor Desconhecido<\/p>\n<\/blockquote>\n\n\n\n<h2 class=\"wp-block-heading\"><span class=\"ez-toc-section\" id=\"Como_estruturar_sua_boa_noite_com_prece_de_agradecimento\"><\/span>Como estruturar sua boa noite com prece de agradecimento<span class=\"ez-toc-section-end\"><\/span><\/h2>\n\n\n\n<p>Para que sua pr\u00e1tica seja eficaz, \u00e9 recomend\u00e1vel seguir alguns passos simples. Primeiramente, encontre uma posi\u00e7\u00e3o confort\u00e1vel e feche os olhos suavemente. Em seguida, respire profundamente tr\u00eas vezes, soltando o ar devagar. <\/p>\n\n\n\n<p>Ent\u00e3o, comece a repassar mentalmente tr\u00eas momentos do seu dia pelos quais voc\u00ea se sente grato, por menores que sejam.<\/p>\n\n\n\n<ol class=\"wp-block-list\">\n<li>Sente-se ou deite-se em um local silencioso e sem luz forte.<\/li>\n\n\n\n<li>Respire fundo para oxigenar o c\u00e9rebro e relaxar o corpo.<\/li>\n\n\n\n<li>Mentalize o rosto de algu\u00e9m que te fez sorrir hoje.<\/li>\n\n\n\n<li>Agrade\u00e7a pelo alimento que nutriu seu corpo durante o dia.<\/li>\n\n\n\n<li>Reconhe\u00e7a um aprendizado, mesmo que tenha vindo de uma dificuldade.<\/li>\n\n\n\n<li>Visualize uma luz branca envolvendo seu quarto e sua cama.<\/li>\n\n\n\n<li>Pe\u00e7a prote\u00e7\u00e3o para seus entes queridos e para o mundo todo.<\/li>\n\n\n\n<li>Entregue suas preocupa\u00e7\u00f5es futuras nas m\u00e3os do universo ou de Deus.<\/li>\n\n\n\n<li>Declare palavras de paz e confian\u00e7a para o dia de amanh\u00e3.<\/li>\n\n\n\n<li>Permita que o sono chegue naturalmente enquanto mant\u00e9m o sorriso interno.<\/li>\n<\/ol>\n\n\n\n<blockquote class=\"wp-block-quote is-layout-flow wp-block-quote-is-layout-flow\">\n<p>&#8220;A ora\u00e7\u00e3o \u00e9 o encontro da alma com o seu Criador.&#8221; \u2014 Santo Agostinho<\/p>\n<\/blockquote>\n\n\n\n<h2 class=\"wp-block-heading\"><span class=\"ez-toc-section\" id=\"Mensagens_famosas_para_boa_noite_com_prece_de_agradecimento\"><\/span>Mensagens famosas para boa noite com prece de agradecimento<span class=\"ez-toc-section-end\"><\/span><\/h2>\n\n\n\n<p>Certamente, as palavras de grandes pensadores podem guiar nossa reflex\u00e3o noturna. Por exemplo, mensagens que falam sobre a entrega e a confian\u00e7a s\u00e3o ideais para este momento. Al\u00e9m disso, elas nos lembram que n\u00e3o estamos sozinhos em nossa jornada. Assim, a <strong>boa noite com prece de agradecimento<\/strong> torna-se um ritual de poder e cura emocional.<\/p>\n\n\n\n<blockquote class=\"wp-block-quote is-layout-flow wp-block-quote-is-layout-flow\">\n<p>&#8220;Senhor, obrigado por mais este dia que se encerra com Tua paz.&#8221; \u2014 Autor Desconhecido<\/p>\n<\/blockquote>\n\n\n\n<blockquote class=\"wp-block-quote is-layout-flow wp-block-quote-is-layout-flow\">\n<p>&#8220;Agrade\u00e7o pelo que tive, pelo que tenho e pelo que vir\u00e1.&#8221; \u2014 Autor Desconhecido<\/p>\n<\/blockquote>\n\n\n\n<blockquote class=\"wp-block-quote is-layout-flow wp-block-quote-is-layout-flow\">\n<p>&#8220;Que o cansa\u00e7o do dia se transforme em for\u00e7a para o amanh\u00e3.&#8221; \u2014 Autor Desconhecido<\/p>\n<\/blockquote>\n\n\n\n<blockquote class=\"wp-block-quote is-layout-flow wp-block-quote-is-layout-flow\">\n<p>&#8220;A paz come\u00e7a com um agradecimento sincero ao deitar.&#8221; \u2014 Autor Desconhecido<\/p>\n<\/blockquote>\n\n\n\n<blockquote class=\"wp-block-quote is-layout-flow wp-block-quote-is-layout-flow\">\n<p>&#8220;Deus, cuida do meu sono e dos meus sonhos nesta noite.&#8221; \u2014 Autor Desconhecido<\/p>\n<\/blockquote>\n\n\n\n<blockquote class=\"wp-block-quote is-layout-flow wp-block-quote-is-layout-flow\">\n<p>&#8220;Gratid\u00e3o \u00e9 quando a alma diz obrigado por simplesmente existir.&#8221; \u2014 Autor Desconhecido<\/p>\n<\/blockquote>\n\n\n\n<blockquote class=\"wp-block-quote is-layout-flow wp-block-quote-is-layout-flow\">\n<p>&#8220;Que a luz da prece ilumine a escurid\u00e3o do meu quarto agora.&#8221; \u2014 Autor Desconhecido<\/p>\n<\/blockquote>\n\n\n\n<blockquote class=\"wp-block-quote is-layout-flow wp-block-quote-is-layout-flow\">\n<p>&#8220;Obrigado, universo, por conspirar a favor do meu descanso eterno.&#8221; \u2014 Autor Desconhecido<\/p>\n<\/blockquote>\n\n\n\n<blockquote class=\"wp-block-quote is-layout-flow wp-block-quote-is-layout-flow\">\n<p>&#8220;Nada \u00e9 t\u00e3o forte quanto a prece de quem agradece com f\u00e9.&#8221; \u2014 Autor Desconhecido<\/p>\n<\/blockquote>\n\n\n\n<blockquote class=\"wp-block-quote is-layout-flow wp-block-quote-is-layout-flow\">\n<p>&#8220;Ao fechar os olhos, sinto a presen\u00e7a divina em cada batida.&#8221; \u2014 Autor Desconhecido<\/p>\n<\/blockquote>\n\n\n\n<h2 class=\"wp-block-heading\"><span class=\"ez-toc-section\" id=\"O_poder_da_boa_noite_com_prece_de_agradecimento_na_alma\"><\/span>O poder da boa noite com prece de agradecimento na alma<span class=\"ez-toc-section-end\"><\/span><\/h2>\n\n\n\n<p>De fato, a alma necessita de alimento tanto quanto o corpo f\u00edsico. Portanto, a <strong>boa noite com prece de agradecimento<\/strong> funciona como um nutriente espiritual indispens\u00e1vel. Al\u00e9m disso, ela limpa as energias negativas acumuladas em ambientes ou conversas dif\u00edceis. <\/p>\n\n\n\n<p>Dessa forma, voc\u00ea se protege energeticamente enquanto dorme, criando um escudo de luz ao seu redor.<\/p>\n\n\n\n<blockquote class=\"wp-block-quote is-layout-flow wp-block-quote-is-layout-flow\">\n<p>&#8220;A gratid\u00e3o \u00e9 o \u00fanico tesouro que se multiplica ao dividir.&#8221; \u2014 Prov\u00e9rbio Chin\u00eas<\/p>\n<\/blockquote>\n\n\n\n<p>Consequentemente, pessoas que praticam a gratid\u00e3o noturna relatam menos pesadelos e uma sensa\u00e7\u00e3o de seguran\u00e7a maior. <\/p>\n\n\n\n<p>Por outro lado, a falta de uma prece pode deixar a mente vagando por cen\u00e1rios de ansiedade. Por isso, escolha sempre o caminho da luz e da entrega. Afinal, voc\u00ea merece um descanso digno de quem cumpriu sua miss\u00e3o di\u00e1ria com amor.<\/p>\n\n\n\n<blockquote class=\"wp-block-quote is-layout-flow wp-block-quote-is-layout-flow\">\n<p>&#8220;Onde h\u00e1 gratid\u00e3o, h\u00e1 sempre um milagre prestes a acontecer.&#8221; \u2014 Autor Desconhecido<\/p>\n<\/blockquote>\n\n\n\n<blockquote class=\"wp-block-quote is-layout-flow wp-block-quote-is-layout-flow\">\n<p>&#8220;A prece \u00e9 a chave da manh\u00e3 e o ferrolho da noite.&#8221; \u2014 Mahatma <a href=\"https:\/\/mensagensqueinspiram.com.br\/es\/gandhi-em-frases\/\">Gandhi<\/a><\/p>\n<\/blockquote>\n\n\n\n<blockquote class=\"wp-block-quote is-layout-flow wp-block-quote-is-layout-flow\">\n<p>&#8220;Dormir com o cora\u00e7\u00e3o leve \u00e9 a melhor terapia que existe.&#8221; \u2014 Autor Desconhecido<\/p>\n<\/blockquote>\n\n\n\n<blockquote class=\"wp-block-quote is-layout-flow wp-block-quote-is-layout-flow\">\n<p>&#8220;Agradecer \u00e9 transbordar a bondade que recebemos do mundo.&#8221; \u2014 Autor Desconhecido<\/p>\n<\/blockquote>\n\n\n\n<blockquote class=\"wp-block-quote is-layout-flow wp-block-quote-is-layout-flow\">\n<p>&#8220;Que minha ora\u00e7\u00e3o chegue aos c\u00e9us como um perfume suave.&#8221; \u2014 Autor Desconhecido<\/p>\n<\/blockquote>\n\n\n\n<blockquote class=\"wp-block-quote is-layout-flow wp-block-quote-is-layout-flow\">\n<p>&#8220;Obrigado pela vida, pelos amigos e por cada batida do cora\u00e7\u00e3o.&#8221; \u2014 Autor Desconhecido<\/p>\n<\/blockquote>\n\n\n\n<blockquote class=\"wp-block-quote is-layout-flow wp-block-quote-is-layout-flow\">\n<p>&#8220;A noite \u00e9 o tempo de descansar e confiar no plano divino.&#8221; \u2014 Autor Desconhecido<\/p>\n<\/blockquote>\n\n\n\n<blockquote class=\"wp-block-quote is-layout-flow wp-block-quote-is-layout-flow\">\n<p>&#8220;Minha prece de hoje \u00e9 sil\u00eancio, amor e pura gratid\u00e3o.&#8221; \u2014 Autor Desconhecido<\/p>\n<\/blockquote>\n\n\n\n<blockquote class=\"wp-block-quote is-layout-flow wp-block-quote-is-layout-flow\">\n<p>&#8220;Que os anjos acampem ao redor da minha cama nesta noite.&#8221; \u2014 Autor Desconhecido<\/p>\n<\/blockquote>\n\n\n\n<blockquote class=\"wp-block-quote is-layout-flow wp-block-quote-is-layout-flow\">\n<p>&#8220;Gratid\u00e3o transforma o que temos em suficiente e muito mais.&#8221; \u2014 Melody Beattie<\/p>\n<\/blockquote>\n\n\n\n<h2 class=\"wp-block-heading\"><span class=\"ez-toc-section\" id=\"Reflexoes_contemporaneas_para_boa_noite_com_prece_de_agradecimento\"><\/span>Reflex\u00f5es contempor\u00e2neas para boa noite com prece de agradecimento<span class=\"ez-toc-section-end\"><\/span><\/h2>\n\n\n\n<p>Nos dias atuais, onde a pressa domina, parar para uma <strong>boa noite com prece de agradecimento<\/strong> \u00e9 um ato de rebeldia positiva. <\/p>\n\n\n\n<p>Certamente, desconectar-se das telas e conectar-se com o sagrado \u00e9 vital. Al\u00e9m disso, essa pr\u00e1tica ajuda a combater a solid\u00e3o moderna, trazendo conforto ao cora\u00e7\u00e3o. Portanto, fa\u00e7a desse momento o seu ref\u00fagio particular contra o caos externo.<\/p>\n\n\n\n<blockquote class=\"wp-block-quote is-layout-flow wp-block-quote-is-layout-flow\">\n<p>&#8220;Se a \u00fanica ora\u00e7\u00e3o que voc\u00ea disser for obrigado, ser\u00e1 o suficiente.&#8221; \u2014 Eckhart Tolle<\/p>\n<\/blockquote>\n\n\n\n<blockquote class=\"wp-block-quote is-layout-flow wp-block-quote-is-layout-flow\">\n<p>&#8220;O descanso \u00e9 a recompensa de quem semeou o bem durante o dia.&#8221; \u2014 Autor Desconhecido<\/p>\n<\/blockquote>\n\n\n\n<blockquote class=\"wp-block-quote is-layout-flow wp-block-quote-is-layout-flow\">\n<p>&#8220;Agrade\u00e7o pelas portas que se abriram e pelas que se fecharam.&#8221; \u2014 Autor Desconhecido<\/p>\n<\/blockquote>\n\n\n\n<blockquote class=\"wp-block-quote is-layout-flow wp-block-quote-is-layout-flow\">\n<p>&#8220;O amor de Deus nos envolve como um cobertor quente no frio.&#8221; \u2014 Autor Desconhecido<\/p>\n<\/blockquote>\n\n\n\n<blockquote class=\"wp-block-quote is-layout-flow wp-block-quote-is-layout-flow\">\n<p>&#8220;Que minha alma descanse no colo da miseric\u00f3rdia infinita hoje.&#8221; \u2014 Autor Desconhecido<\/p>\n<\/blockquote>\n\n\n\n<blockquote class=\"wp-block-quote is-layout-flow wp-block-quote-is-layout-flow\">\n<p>&#8220;Gratid\u00e3o \u00e9 a linguagem que o universo entende perfeitamente.&#8221; \u2014 Autor Desconhecido<\/p>\n<\/blockquote>\n\n\n\n<blockquote class=\"wp-block-quote is-layout-flow wp-block-quote-is-layout-flow\">\n<p>&#8220;Obrigado pelas pequenas alegrias que passaram despercebidas hoje.&#8221; \u2014 Autor Desconhecido<\/p>\n<\/blockquote>\n\n\n\n<blockquote class=\"wp-block-quote is-layout-flow wp-block-quote-is-layout-flow\">\n<p>&#8220;Que o amanh\u00e3 seja reflexo da gratid\u00e3o que sinto neste instante.&#8221; \u2014 Autor Desconhecido<\/p>\n<\/blockquote>\n\n\n\n<blockquote class=\"wp-block-quote is-layout-flow wp-block-quote-is-layout-flow\">\n<p>&#8220;A prece noturna \u00e9 o abra\u00e7o que a alma recebe do Criador.&#8221; \u2014 Autor Desconhecido<\/p>\n<\/blockquote>\n\n\n\n<blockquote class=\"wp-block-quote is-layout-flow wp-block-quote-is-layout-flow\">\n<p>&#8220;Dormir grato \u00e9 acordar pronto para vencer novos desafios.&#8221; \u2014 Autor Desconhecido<\/p>\n<\/blockquote>\n\n\n\n<h2 class=\"wp-block-heading\"><span class=\"ez-toc-section\" id=\"Glossario_de_termos_de_espiritualidade\"><\/span>Gloss\u00e1rio de termos de espiritualidade<span class=\"ez-toc-section-end\"><\/span><\/h2>\n\n\n\n<ol class=\"wp-block-list\">\n<li><strong>Prece<\/strong>: Di\u00e1logo interior ou exterior com uma divindade ou com o eu superior.<\/li>\n\n\n\n<li><strong>Gratitud<\/strong>: Estado de reconhecimento e valoriza\u00e7\u00e3o pelas experi\u00eancias vividas.<\/li>\n\n\n\n<li><strong>Meditaci\u00f3n<\/strong>: Pr\u00e1tica de focar a mente para alcan\u00e7ar clareza emocional e calma.<\/li>\n\n\n\n<li><strong>Subconsciente<\/strong>: Parte da mente que armazena cren\u00e7as e padr\u00f5es autom\u00e1ticos.<\/li>\n\n\n\n<li><strong>Vibra\u00e7\u00e3o<\/strong>: Frequ\u00eancia energ\u00e9tica emitida pelos pensamentos e sentimentos.<\/li>\n<\/ol>\n\n\n\n<blockquote class=\"wp-block-quote is-layout-flow wp-block-quote-is-layout-flow\">\n<p>\u201cLa gratitud abre la puerta al poder, a la <a href=\"https:\/\/mensagensqueinspiram.com.br\/es\/a-sabedoria-de-gandhi\/\">sabidur\u00eda<\/a> e a criatividade.&#8221; \u2014 Deepak Chopra<\/p>\n<\/blockquote>\n\n\n\n<blockquote class=\"wp-block-quote is-layout-flow wp-block-quote-is-layout-flow\">\n<p>&#8220;Obrigado por me permitir ver a beleza nas coisas simples da vida.&#8221; \u2014 Autor Desconhecido<\/p>\n<\/blockquote>\n\n\n\n<blockquote class=\"wp-block-quote is-layout-flow wp-block-quote-is-layout-flow\">\n<p>&#8220;Minha gratid\u00e3o \u00e9 maior que qualquer problema que enfrentei hoje.&#8221; \u2014 Autor Desconhecido<\/p>\n<\/blockquote>\n\n\n\n<blockquote class=\"wp-block-quote is-layout-flow wp-block-quote-is-layout-flow\">\n<p>&#8220;Que a paz que excede todo entendimento guarde meu cora\u00e7\u00e3o.&#8221; \u2014 B\u00edblia Sagrada<\/p>\n<\/blockquote>\n\n\n\n<blockquote class=\"wp-block-quote is-layout-flow wp-block-quote-is-layout-flow\">\n<p>&#8220;Agradecer \u00e9 reconhecer que a vida \u00e9 um presente constante.&#8221; \u2014 Autor Desconhecido<\/p>\n<\/blockquote>\n\n\n\n<blockquote class=\"wp-block-quote is-layout-flow wp-block-quote-is-layout-flow\">\n<p>&#8220;Dorme em paz quem sabe que Deus est\u00e1 no controle de tudo.&#8221; \u2014 Autor Desconhecido<\/p>\n<\/blockquote>\n\n\n\n<blockquote class=\"wp-block-quote is-layout-flow wp-block-quote-is-layout-flow\">\n<p>&#8220;A prece de agradecimento \u00e9 o combust\u00edvel para a alma cansada.&#8221; \u2014 Autor Desconhecido<\/p>\n<\/blockquote>\n\n\n\n<blockquote class=\"wp-block-quote is-layout-flow wp-block-quote-is-layout-flow\">\n<p>&#8220;Obrigado por cada respira\u00e7\u00e3o e por cada oportunidade de evoluir.&#8221; \u2014 Autor Desconhecido<\/p>\n<\/blockquote>\n\n\n\n<blockquote class=\"wp-block-quote is-layout-flow wp-block-quote-is-layout-flow\">\n<p>&#8220;A noite traz o repouso e a prece traz a <a href=\"https:\/\/mensagensqueinspiram.com.br\/es\/um-estranho-em-meio-a-neblina\/\">esperanza<\/a> renovada.&#8221; \u2014 Autor Desconhecido<\/p>\n<\/blockquote>\n\n\n\n<blockquote class=\"wp-block-quote is-layout-flow wp-block-quote-is-layout-flow\">\n<p>&#8220;Gratid\u00e3o \u00e9 o sol que ilumina os dias nublados da nossa mente.&#8221; \u2014 Autor Desconhecido<\/p>\n<\/blockquote>\n\n\n\n<figure class=\"wp-block-image size-large\"><img loading=\"lazy\" decoding=\"async\" width=\"1024\" height=\"585\" src=\"https:\/\/mensagensqueinspiram.com.br\/wp-content\/uploads\/2026\/01\/image-9-1024x585.webp\" alt=\"O Segredo do Sono Profundo\" class=\"wp-image-4975\" srcset=\"https:\/\/mensagensqueinspiram.com.br\/wp-content\/uploads\/2026\/01\/image-9-1024x585.webp 1024w, https:\/\/mensagensqueinspiram.com.br\/wp-content\/uploads\/2026\/01\/image-9-300x171.webp 300w, https:\/\/mensagensqueinspiram.com.br\/wp-content\/uploads\/2026\/01\/image-9-768x439.webp 768w, https:\/\/mensagensqueinspiram.com.br\/wp-content\/uploads\/2026\/01\/image-9-18x10.webp 18w, https:\/\/mensagensqueinspiram.com.br\/wp-content\/uploads\/2026\/01\/image-9-640x366.webp 640w, https:\/\/mensagensqueinspiram.com.br\/wp-content\/uploads\/2026\/01\/image-9.webp 1344w\" sizes=\"auto, (max-width: 1024px) 100vw, 1024px\" \/><\/figure>\n\n\n\n<h2 class=\"wp-block-heading\"><span class=\"ez-toc-section\" id=\"Principais_Conclusoes_sobre_a_Pratica_Noturna\"><\/span>Principais Conclus\u00f5es sobre a Pr\u00e1tica Noturna<span class=\"ez-toc-section-end\"><\/span><\/h2>\n\n\n\n<p>A pr\u00e1tica da gratid\u00e3o ao deitar transforma radicalmente a percep\u00e7\u00e3o da realidade. Al\u00e9m disso, ela cria um ciclo virtuoso de positividade que se estende para o dia seguinte. Por conseguinte, voc\u00ea se torna uma pessoa mais resiliente e equilibrada emocionalmente. Portanto, nunca subestime o poder de um simples obrigado antes de fechar os olhos.<\/p>\n\n\n\n<p>Recomendamos que voc\u00ea visite o site <a href=\"https:\/\/mensagensqueinspiram.com.br\/es\/\">Mensajes que inspiran<\/a> para encontrar mais textos edificantes. Certamente, l\u00e1 voc\u00ea encontrar\u00e1 a palavra certa para cada momento da sua vida. <\/p>\n\n\n\n<p>Al\u00e9m disso, compartilhar essas mensagens com amigos pode espalhar luz para quem mais precisa. Afinal, a gratid\u00e3o compartilhada \u00e9 uma semente de amor que floresce em todo lugar.<\/p>\n\n\n\n<h2 class=\"wp-block-heading\"><span class=\"ez-toc-section\" id=\"Conclusao_sobre_a_boa_noite_com_prece_de_agradecimento\"><\/span>Conclus\u00e3o sobre a boa noite com prece de agradecimento<span class=\"ez-toc-section-end\"><\/span><\/h2>\n\n\n\n<p>En resumen, la <strong>boa noite com prece de agradecimento<\/strong> \u00e9 uma ferramenta acess\u00edvel e poderosa para o bem-estar. De fato, ela une ci\u00eancia e f\u00e9 em um gesto de humildade e reconhecimento. <\/p>\n\n\n\n<p>Al\u00e9m disso, permite que o sono cumpra sua fun\u00e7\u00e3o vital de restaura\u00e7\u00e3o f\u00edsica e espiritual. Por isso, fa\u00e7a desta pr\u00e1tica sua prioridade todas as noites a partir de agora.<\/p>\n\n\n\n<p>Certamente, os resultados aparecer\u00e3o rapidamente na sua sa\u00fade e no seu humor di\u00e1rio. Consequentemente, voc\u00ea sentir\u00e1 uma leveza que antes parecia inalcan\u00e7\u00e1vel no meio da rotina. Portanto, entregue-se ao descanso com confian\u00e7a e gratid\u00e3o no cora\u00e7\u00e3o. <\/p>\n\n\n\n<p>Desejamos a voc\u00ea uma noite aben\u00e7oada e um despertar repleto de novas possibilidades e alegrias.<\/p>\n\n\n\n<h2 class=\"wp-block-heading has-text-align-center has-theme-palette-9-color has-theme-palette-1-background-color has-text-color has-background has-link-color wp-elements-e9b96a1b66bcca552fa1de2d37c041a9\"><span class=\"ez-toc-section\" id=\"Perguntas_Frequentes_FAQ\"><\/span>Preguntas frecuentes (FAQ)<span class=\"ez-toc-section-end\"><\/span><\/h2>\n\n\n<div id=\"rank-math-faq\" class=\"rank-math-block\">\n<div class=\"rank-math-list\">\n<div id=\"faq-question-1767975630103\" class=\"rank-math-list-item\">\n<h3 class=\"rank-math-question\"><span class=\"ez-toc-section\" id=\"1_Como_comecar_uma_boa_noite_com_prece_de_agradecimento_se_nao_tenho_o_habito\"><\/span><strong>1. Como come\u00e7ar uma boa noite com prece de agradecimento se n\u00e3o tenho o h\u00e1bito?<\/strong> <span class=\"ez-toc-section-end\"><\/span><\/h3>\n<div class=\"rank-math-answer\">\n\n<p>Comece agradecendo por tr\u00eas coisas simples que aconteceram no seu dia, como um caf\u00e9 gostoso ou um elogio recebido, focando na sensa\u00e7\u00e3o de bem-estar.<\/p>\n\n<\/div>\n<\/div>\n<div id=\"faq-question-1767975657506\" class=\"rank-math-list-item\">\n<h3 class=\"rank-math-question\"><span class=\"ez-toc-section\" id=\"2_A_prece_de_agradecimento_precisa_ser_religiosa\"><\/span><strong>2. A prece de agradecimento precisa ser religiosa?<\/strong> <span class=\"ez-toc-section-end\"><\/span><\/h3>\n<div class=\"rank-math-answer\">\n\n<p>N\u00e3o necessariamente, pois a prece pode ser uma conversa com o universo, com a natureza ou simplesmente um exerc\u00edcio de reconhecimento interno de gratid\u00e3o.<\/p>\n\n<\/div>\n<\/div>\n<div id=\"faq-question-1767975666803\" class=\"rank-math-list-item\">\n<h3 class=\"rank-math-question\"><span class=\"ez-toc-section\" id=\"3_Qual_o_melhor_horario_para_fazer_a_prece\"><\/span><strong>3. Qual o melhor hor\u00e1rio para fazer a prece?<\/strong> <span class=\"ez-toc-section-end\"><\/span><\/h3>\n<div class=\"rank-math-answer\">\n\n<p>O momento ideal \u00e9 logo ap\u00f3s se deitar e desligar o celular, permitindo que as \u00faltimas palavras da sua mente sejam de agradecimento e paz.<\/p>\n\n<\/div>\n<\/div>\n<div id=\"faq-question-1767975675666\" class=\"rank-math-list-item\">\n<h3 class=\"rank-math-question\"><span class=\"ez-toc-section\" id=\"4_Posso_fazer_a_prece_em_voz_alta\"><\/span><strong>4. Posso fazer a prece em voz alta?<\/strong> <span class=\"ez-toc-section-end\"><\/span><\/h3>\n<div class=\"rank-math-answer\">\n\n<p>Sim, voc\u00ea pode falar em voz alta ou apenas mentalizar, o importante \u00e9 a inten\u00e7\u00e3o e o sentimento de gratid\u00e3o que voc\u00ea coloca nas palavras.<\/p>\n\n<\/div>\n<\/div>\n<div id=\"faq-question-1767975691894\" class=\"rank-math-list-item\">\n<h3 class=\"rank-math-question\"><span class=\"ez-toc-section\" id=\"5_Onde_encontro_mais_mensagens_para_minha_boa_noite_com_prece_de_agradecimento\"><\/span><strong>5. Onde encontro mais mensagens para minha boa noite com prece de agradecimento?<\/strong> <span class=\"ez-toc-section-end\"><\/span><\/h3>\n<div class=\"rank-math-answer\">\n\n<p>Voc\u00ea pode acessar o portal <a href=\"https:\/\/mensagensqueinspiram.com.br\/es\/\">Mensajes que inspiran<\/a> para conferir uma vasta cole\u00e7\u00e3o de frases e ora\u00e7\u00f5es para todas as ocasi\u00f5es.<\/p>\n\n<\/div>\n<\/div>\n<\/div>\n<\/div>","protected":false},"excerpt":{"rendered":"<p>Encuentra la paz con una hermosa oraci\u00f3n de gratitud de buenas noches. Transforma tu sue\u00f1o y siente gratitud ahora. \u00a1Echa un vistazo a nuestros mensajes exclusivos!<\/p>","protected":false},"author":1,"featured_media":4976,"comment_status":"open","ping_status":"open","sticky":false,"template":"","format":"standard","meta":{"rop_custom_images_group":[],"rop_custom_messages_group":[],"rop_publish_now":"no","rop_publish_now_accounts":{"facebook_122186298128049666_540220039169035":""},"rop_publish_now_history":[{"account":"facebook_122186298128049666_540220039169035","service":"facebook","timestamp":1768597455,"status":"success"}],"rop_publish_now_status":"done","rank_math_focus_keyword":"Boa Noite com Prece de Agradecimento,Boa Noite,prece","rank_math_description":"Encontre paz com uma linda boa noite com prece de agradecimento. Transforme seu sono e sinta gratid\u00e3o agora. Confira nossas mensagens exclusivas!","_kad_post_transparent":"","_kad_post_title":"","_kad_post_layout":"","_kad_post_sidebar_id":"","_kad_post_content_style":"","_kad_post_vertical_padding":"","_kad_post_feature":"","_kad_post_feature_position":"","_kad_post_header":false,"_kad_post_footer":false,"_kad_post_classname":"","_jetpack_memberships_contains_paid_content":false,"footnotes":"","jetpack_publicize_message":"Encontre paz com uma linda boa noite com prece de agradecimento. Transforme seu sono e sinta gratid\u00e3o agora. Confira nossas mensagens exclusivas!","jetpack_publicize_feature_enabled":true,"jetpack_social_post_already_shared":true,"jetpack_social_options":{"image_generator_settings":{"template":"highway","default_image_id":0,"font":"","enabled":false},"version":2}},"categories":[331],"tags":[767,122,135,333,1136,1135],"class_list":["post-4973","post","type-post","status-publish","format-standard","has-post-thumbnail","hentry","category-boa-noite","tag-boa-noite","tag-espiritualidade","tag-gratidao","tag-mensagens-de-paz","tag-oracao-noturna","tag-prece-de-agradecimento"],"jetpack_publicize_connections":[],"jetpack_featured_media_url":"https:\/\/mensagensqueinspiram.com.br\/wp-content\/uploads\/2026\/01\/5_convertido-4.png","jetpack_sharing_enabled":true,"_links":{"self":[{"href":"https:\/\/mensagensqueinspiram.com.br\/es\/wp-json\/wp\/v2\/posts\/4973","targetHints":{"allow":["GET"]}}],"collection":[{"href":"https:\/\/mensagensqueinspiram.com.br\/es\/wp-json\/wp\/v2\/posts"}],"about":[{"href":"https:\/\/mensagensqueinspiram.com.br\/es\/wp-json\/wp\/v2\/types\/post"}],"author":[{"embeddable":true,"href":"https:\/\/mensagensqueinspiram.com.br\/es\/wp-json\/wp\/v2\/users\/1"}],"replies":[{"embeddable":true,"href":"https:\/\/mensagensqueinspiram.com.br\/es\/wp-json\/wp\/v2\/comments?post=4973"}],"version-history":[{"count":1,"href":"https:\/\/mensagensqueinspiram.com.br\/es\/wp-json\/wp\/v2\/posts\/4973\/revisions"}],"predecessor-version":[{"id":4977,"href":"https:\/\/mensagensqueinspiram.com.br\/es\/wp-json\/wp\/v2\/posts\/4973\/revisions\/4977"}],"wp:featuredmedia":[{"embeddable":true,"href":"https:\/\/mensagensqueinspiram.com.br\/es\/wp-json\/wp\/v2\/media\/4976"}],"wp:attachment":[{"href":"https:\/\/mensagensqueinspiram.com.br\/es\/wp-json\/wp\/v2\/media?parent=4973"}],"wp:term":[{"taxonomy":"category","embeddable":true,"href":"https:\/\/mensagensqueinspiram.com.br\/es\/wp-json\/wp\/v2\/categories?post=4973"},{"taxonomy":"post_tag","embeddable":true,"href":"https:\/\/mensagensqueinspiram.com.br\/es\/wp-json\/wp\/v2\/tags?post=4973"}],"curies":[{"name":"wp","href":"https:\/\/api.w.org\/{rel}","templated":true}]}}