{"id":5190,"date":"2026-03-15T16:15:14","date_gmt":"2026-03-15T19:15:14","guid":{"rendered":"https:\/\/mensagensqueinspiram.com.br\/frases-de-musicas-nacionais-para-legendas\/"},"modified":"2026-03-15T17:12:25","modified_gmt":"2026-03-15T20:12:25","slug":"frases-musicales-nacionales-para-subtitulos","status":"publish","type":"post","link":"https:\/\/mensagensqueinspiram.com.br\/es\/frases-de-musicas-nacionais-para-legendas\/","title":{"rendered":"Frases de canciones nacionales para subt\u00edtulos Insp\u00edrate ahora"},"content":{"rendered":"<div id=\"ez-toc-container\" class=\"ez-toc-v2_0_82_2 counter-hierarchy ez-toc-counter ez-toc-custom ez-toc-container-direction\">\n<div class=\"ez-toc-title-container\">\n<p class=\"ez-toc-title\" style=\"cursor:inherit\">\u00cdndice<\/p>\n<span class=\"ez-toc-title-toggle\"><a href=\"#\" class=\"ez-toc-pull-right ez-toc-btn ez-toc-btn-xs ez-toc-btn-default ez-toc-toggle\" aria-label=\"Cambiar la tabla de contenidos\"><span class=\"ez-toc-js-icon-con\"><span class=\"\"><span class=\"eztoc-hide\" style=\"display:none;\">Alternar<\/span><span class=\"ez-toc-icon-toggle-span\"><svg style=\"fill: #150042;color:#150042\" xmlns=\"http:\/\/www.w3.org\/2000\/svg\" class=\"list-377408\" width=\"20px\" height=\"20px\" viewbox=\"0 0 24 24\" fill=\"none\"><path d=\"M6 6H4v2h2V6zm14 0H8v2h12V6zM4 11h2v2H4v-2zm16 0H8v2h12v-2zM4 16h2v2H4v-2zm16 0H8v2h12v-2z\" fill=\"currentColor\"><\/path><\/svg><svg style=\"fill: #150042;color:#150042\" class=\"arrow-unsorted-368013\" xmlns=\"http:\/\/www.w3.org\/2000\/svg\" width=\"10px\" height=\"10px\" viewbox=\"0 0 24 24\" version=\"1.2\" baseprofile=\"tiny\"><path d=\"M18.2 9.3l-6.2-6.3-6.2 6.3c-.2.2-.3.4-.3.7s.1.5.3.7c.2.2.4.3.7.3h11c.3 0 .5-.1.7-.3.2-.2.3-.5.3-.7s-.1-.5-.3-.7zM5.8 14.7l6.2 6.3 6.2-6.3c.2-.2.3-.5.3-.7s-.1-.5-.3-.7c-.2-.2-.4-.3-.7-.3h-11c-.3 0-.5.1-.7.3-.2.2-.3.5-.3.7s.1.5.3.7z\"\/><\/svg><\/span><\/span><\/span><\/a><\/span><\/div>\n<nav><ul class='ez-toc-list ez-toc-list-level-1 eztoc-toggle-hide-by-default' ><li class='ez-toc-page-1 ez-toc-heading-level-2'><a class=\"ez-toc-link ez-toc-heading-1\" href=\"https:\/\/mensagensqueinspiram.com.br\/es\/frases-de-musicas-nacionais-para-legendas\/#A_melodia_da_alma_em_suas_legendas\" >La melod\u00eda del alma en tus pies de foto<\/a><\/li><li class='ez-toc-page-1 ez-toc-heading-level-2'><a class=\"ez-toc-link ez-toc-heading-2\" href=\"https:\/\/mensagensqueinspiram.com.br\/es\/frases-de-musicas-nacionais-para-legendas\/#Frases_de_musicas_nacionais_para_legendas_que_emocionam\" >Frases de canciones nacionales para subt\u00edtulos emotivos<\/a><\/li><li class='ez-toc-page-1 ez-toc-heading-level-2'><a class=\"ez-toc-link ez-toc-heading-3\" href=\"https:\/\/mensagensqueinspiram.com.br\/es\/frases-de-musicas-nacionais-para-legendas\/#Letras_iconicas_para_cada_momento_da_vida\" >Letras ic\u00f3nicas para cada momento de la vida<\/a><\/li><li class='ez-toc-page-1 ez-toc-heading-level-2'><a class=\"ez-toc-link ez-toc-heading-4\" href=\"https:\/\/mensagensqueinspiram.com.br\/es\/frases-de-musicas-nacionais-para-legendas\/#Como_escolher_a_frase_perfeita_para_sua_foto\" >C\u00f3mo elegir la frase perfecta para tu foto<\/a><\/li><li class='ez-toc-page-1 ez-toc-heading-level-2'><a class=\"ez-toc-link ez-toc-heading-5\" href=\"https:\/\/mensagensqueinspiram.com.br\/es\/frases-de-musicas-nacionais-para-legendas\/#Sua_voz_sua_melodia_inspire-se_e_compartilhe\" >Tu voz, tu melod\u00eda: \u00a1insp\u00edrate y comp\u00e1rtela!<\/a><\/li><li class='ez-toc-page-1 ez-toc-heading-level-2'><a class=\"ez-toc-link ez-toc-heading-6\" href=\"https:\/\/mensagensqueinspiram.com.br\/es\/frases-de-musicas-nacionais-para-legendas\/#FAQ_%E2%80%93_Duvidas_Comuns_Sobre_frases_de_musicas_nacionais_para_legendas\" >FAQ - Preguntas frecuentes sobre las frases musicales nacionales para subt\u00edtulos<\/a><ul class='ez-toc-list-level-3' ><li class='ez-toc-heading-level-3'><a class=\"ez-toc-link ez-toc-heading-7\" href=\"https:\/\/mensagensqueinspiram.com.br\/es\/frases-de-musicas-nacionais-para-legendas\/#1_Como_as_frases_de_musicas_nacionais_para_legendas_podem_transformar_minhas_redes_sociais\" >1. \u00bfC\u00f3mo pueden las frases de m\u00fasica nacional para subt\u00edtulos transformar mis redes sociales?<\/a><\/li><li class='ez-toc-page-1 ez-toc-heading-level-3'><a class=\"ez-toc-link ez-toc-heading-8\" href=\"https:\/\/mensagensqueinspiram.com.br\/es\/frases-de-musicas-nacionais-para-legendas\/#2_Como_escolher_a_melhor_letra_para_uma_foto_especifica\" >2. \u00bfC\u00f3mo elijo el mejor tipo de letra para una foto concreta?<\/a><\/li><li class='ez-toc-page-1 ez-toc-heading-level-3'><a class=\"ez-toc-link ez-toc-heading-9\" href=\"https:\/\/mensagensqueinspiram.com.br\/es\/frases-de-musicas-nacionais-para-legendas\/#3_Posso_usar_frases_de_qualquer_genero_musical_brasileiro\" >3. \u00bfPuedo utilizar frases de cualquier g\u00e9nero musical brasile\u00f1o?<\/a><\/li><li class='ez-toc-page-1 ez-toc-heading-level-3'><a class=\"ez-toc-link ez-toc-heading-10\" href=\"https:\/\/mensagensqueinspiram.com.br\/es\/frases-de-musicas-nacionais-para-legendas\/#4_Usar_frases_de_musicas_nacionais_para_legendas_realmente_aumenta_o_engajamento\" >4. \u00bfEl uso de frases de canciones nacionales para los subt\u00edtulos aumenta realmente la participaci\u00f3n?<\/a><\/li><\/ul><\/li><\/ul><\/nav><\/div>\n\n<p>\u00bfQui\u00e9n no se ha sentido arrullado por una canci\u00f3n brasile\u00f1a, sintiendo cada palabra resonar en su alma? La m\u00fasica brasile\u00f1a es un tesoro de sentimientos, historias y emociones. <strong>poes\u00eda que merece ser compartida<\/strong>. \u00bfY qu\u00e9 le parece utilizar esta riqueza para dar un toque especial a sus fotos y momentos?<\/p>\n\n\n\n<p>S\u00e9 que encontrar la frase perfecta puede ser todo un reto, pero estoy aqu\u00ed para ayudarte a convertir tus pies de foto en aut\u00e9nticas declaraciones. Prep\u00e1rate para sumergirte en un universo de <strong><a href=\"https:\/\/mensagensqueinspiram.com.br\/es\/a-dose-diaria-de-inspiracao\/\">inspiraci\u00f3n<\/a> musical<\/strong> \u00a1y expresa lo m\u00e1s bello que hay en ti!<\/p>\n\n\n\n<h2 class=\"wp-block-heading\"><span class=\"ez-toc-section\" id=\"A_melodia_da_alma_em_suas_legendas\"><\/span>La melod\u00eda del alma en tus pies de foto<span class=\"ez-toc-section-end\"><\/span><\/h2>\n\n\n\n<p>Siempre he cre\u00eddo que <strong>M\u00fasica brasile\u00f1a<\/strong> tiene un color \u00fanico, capaz de traducir sentimientos a los que no siempre llegan las palabras corrientes.<\/p>\n\n\n\n<p>Cuando elegimos <strong>frases musicales nacionales para subt\u00edtulos<\/strong>, No s\u00f3lo estamos decorando un puesto, estamos compartiendo un trozo de nuestra alma.<\/p>\n\n\n\n<p>Nuestra m\u00fasica es un mar de poes\u00eda, donde cada ola trae una reflexi\u00f3n sobre el amor, el dolor, la <a href=\"https:\/\/mensagensqueinspiram.com.br\/es\/um-estranho-em-meio-a-neblina\/\">esperanza<\/a> y la pura alegr\u00eda de vivir.<\/p>\n\n\n\n<p>Como usted dijo <strong>Vinicius de Moraes<\/strong>\u201cLa vida es el arte del encuentro, aunque haya tanto desacuerdo en la vida\u201d.<\/p>\n\n\n\n<p>Esta profunda conexi\u00f3n es lo que hace que nuestro MPB, nuestro rock y nuestra samba sean tan perfectos para eternizar momentos en fotos.<\/p>\n\n\n\n<p>Creo que al utilizar una letra nacional, estamos valorando nuestra cultura y creando un puente hacia el futuro. <strong>identidad y afecto<\/strong> con quienes nos leen.<\/p>\n\n\n\n<p><strong><a href=\"https:\/\/pt.wikipedia.org\/wiki\/Tom_Jobim\" target=\"_blank\" rel=\"noreferrer noopener\">Tom Jobim<\/a><\/strong> ya nos ense\u00f1\u00f3: \u201cEl amor es fundamental, es imposible ser feliz solo\u201d, y esta verdad resuena en cada clic que publicamos.<\/p>\n\n\n\n<p>La m\u00fasica brasile\u00f1a tiene el poder de transformar una simple imagen en una narraci\u00f3n emocional, llena de capas y significados ocultos.<\/p>\n\n\n\n<p>\u201cLa m\u00fasica es el tipo de arte que m\u00e1s se acerca a las l\u00e1grimas y a los recuerdos\u201d, dijo <strong>Oscar Wilde<\/strong>, Y en nuestro idioma esto es a\u00fan m\u00e1s intenso.<\/p>\n\n\n\n<p>Cada verso que seleccionamos act\u00faa como un espejo de lo que estamos sintiendo en ese preciso momento, sirviendo de <strong>abrazo en forma de pie de foto<\/strong>.<\/p>\n\n\n\n<p>Me doy cuenta de que mis seguidores se sienten mucho m\u00e1s conmovidos cuando leen algo que ya forma parte de la banda sonora de sus propias vidas.<\/p>\n\n\n\n<p><strong>Caetano Veloso<\/strong> escribi\u00f3: \u201cLa gente est\u00e1 hecha para brillar, no para morirse de hambre\u201d, record\u00e1ndonos que nuestras redes pueden ser espacios de luz e inspiraci\u00f3n constante.<\/p>\n\n\n\n<p>La universalidad de nuestros compositores hace que una frase escrita hace d\u00e9cadas pueda seguir teniendo todo el sentido para un joven de hoy.<\/p>\n\n\n\n<p>\u201cLa vida es lo que hacemos de ella. Los viajes son los viajeros. Lo que vemos no es lo que vemos, sino lo que somos\u201d, dijo <strong>Fernando Pessoa<\/strong>.<\/p>\n\n\n\n<p>Y eso es exactamente lo que ocurre cuando eliges el tema adecuado para tu foto: muestras al mundo qui\u00e9n eres realmente por dentro.<\/p>\n\n\n\n<h2 class=\"wp-block-heading\"><span class=\"ez-toc-section\" id=\"Frases_de_musicas_nacionais_para_legendas_que_emocionam\"><\/span>Frases de canciones nacionales para subt\u00edtulos emotivos<span class=\"ez-toc-section-end\"><\/span><\/h2>\n\n\n\n<figure class=\"wp-block-image\"><img decoding=\"async\" src=\"https:\/\/mensagensqueinspiram.com.br\/wp-content\/uploads\/2026\/03\/frases-de-musicas-nacionais-emocionantes.webp\" alt=\"Escribir a mano en un cuaderno frases de canciones nacionales para los subt\u00edtulos\" title=\"Frases emotivas de la canci\u00f3n nacional\"\/><figcaption class=\"wp-element-caption\">Palabras que llegan al alma.<\/figcaption><\/figure>\n\n\n\n<p>He preparado una selecci\u00f3n especial con <strong>frases musicales nacionales para subt\u00edtulos<\/strong> que elevar\u00e1 el nivel de sus publicaciones y llegar\u00e1 al coraz\u00f3n.<\/p>\n\n\n\n<p>La emoci\u00f3n es el leitmotiv de nuestra historia, y estas letras son herramientas poderosas para expresar lo que rebosa en nuestros corazones.<\/p>\n\n\n\n<p>\u201cVivir y no avergonzarse de ser feliz\u201d, cantaba el eterno <strong>Gonzaguinha<\/strong>, una frase que resume la esencia de la libertad en un solo mensaje.<\/p>\n\n\n\n<p>Para esos d\u00edas de profunda reflexi\u00f3n, <strong>Renato Russo<\/strong> nos dio: \u201cHay que querer a la gente como si no hubiera un ma\u00f1ana\u201d.<\/p>\n\n\n\n<p>Si la idea es transmitir paz, <strong>Gilberto Gil<\/strong> trae la soluci\u00f3n: \u201cVoy a caminar con fe, porque la fe nunca falla\u201d.<\/p>\n\n\n\n<p>\u201cEl mejor lugar del mundo es aqu\u00ed y ahora\u201d, dice la letra de <strong>Gilberto Gil<\/strong>, perfecto para fotos de viajes o momentos de autoconciencia.<\/p>\n\n\n\n<p>Ahora hablemos de resiliencia, <strong>Ra\u00fal Seixas<\/strong> nos inspira: \u201cTen fe en Dios, ten fe en la vida. Int\u00e9ntalo de nuevo\u201d.<\/p>\n\n\n\n<p>Me encanta llevar <strong>Rita Lee<\/strong> cuando quiero algo aut\u00e9ntico: \u201cUn buen d\u00eda decid\u00ed cambiar y hacer todo lo que quer\u00eda hacer\u201d.<\/p>\n\n\n\n<p>\u201cNada de lo que fue volver\u00e1 a ser como antes\u201d, por <strong>Lulu Santos<\/strong>, es ideal para marcar nuevos comienzos y cerrar ciclos.<\/p>\n\n\n\n<p>Para momentos de pura dulzura, <strong>Nando Reis<\/strong> es imbatible: \u201cMi amor es tuyo, pero mi vida no es s\u00f3lo tuya\u201d.<\/p>\n\n\n\n<p><strong>Cazuza<\/strong> siempre aportaba la intensidad necesaria: \u201cEl tiempo nunca se detiene\u201d, una frase breve, directa y sumamente impactante para cualquier pie de foto.<\/p>\n\n\n\n<p>\u201cLa vida es corta y el mundo es grande\u201d, escribi\u00f3 el autor <strong>Paulo Coelho<\/strong>, Y esta b\u00fasqueda de aventuras va perfectamente con el ritmo brasile\u00f1o.<\/p>\n\n\n\n<p>Para quienes buscan espiritualidad, <strong>Elis Regina<\/strong> Core\u00f3: \u201cVivir es mejor que so\u00f1ar\u201d, record\u00e1ndonos que la realidad puede ser m\u00e1gica si sabemos mirarla.<\/p>\n\n\n\n<p><strong>Chico Buarque<\/strong> nos ense\u00f1a la belleza de los detalles: \u201cMa\u00f1ana ser\u00e1 un nuevo d\u00eda\u201d, una promesa de esperanza que todos necesitamos leer.<\/p>\n\n\n\n<p>\u201cSoy lo que soy\u201d, cantaba <strong>C\u00e1ssia Eller<\/strong>, Celebra la individualidad con una fuerza que pocas frases pueden transmitir con tanta claridad.<\/p>\n\n\n\n<p>Para las fotos sonrientes, nada mejor que <strong>Tim Maia<\/strong>\u201cNo quiero dinero, quiero amor\u201d, centr\u00e1ndose en lo que realmente importa en esta existencia.<\/p>\n\n\n\n<p>Siento que estas letras no son s\u00f3lo textos, son legados culturales que tomamos prestados para contar nuestra propia historia digital.<\/p>\n\n\n\n<p>\u201cLa m\u00fasica ofrece a las almas una oportunidad para la felicidad\u201d, dijo <strong><a href=\"https:\/\/mensagensqueinspiram.com.br\/es\/aristoteles-e-a-sabedoria-que-transcende-o-tempo\/\">Arist\u00f3teles<\/a><\/strong>, Estoy totalmente de acuerdo cuando veo el impacto de estos subt\u00edtulos.<\/p>\n\n\n\n<h2 class=\"wp-block-heading\"><span class=\"ez-toc-section\" id=\"Letras_iconicas_para_cada_momento_da_vida\"><\/span>Letras ic\u00f3nicas para cada momento de la vida<span class=\"ez-toc-section-end\"><\/span><\/h2>\n\n\n\n<p>No todos los d\u00edas son iguales, y por eso necesitamos <strong>frases musicales nacionales para subt\u00edtulos<\/strong> que se adaptan a cada estado de \u00e1nimo y situaci\u00f3n.<\/p>\n\n\n\n<p>He dividido algunos de mis favoritos en categor\u00edas para facilitarte la elecci\u00f3n y garantizar que el mensaje sea siempre el adecuado.<\/p>\n\n\n\n<p><strong>Por amor y romance:<\/strong><\/p>\n\n\n\n<ol class=\"wp-block-list\">\n<li>\u201cEres el hombre de mi vida\u201d, de <strong>Marisa Monte<\/strong>.<\/li>\n\n\n\n<li>\u201cY en medio de tanta gente te encontr\u00e9\u201d, de <strong>Marisa Monte<\/strong>.<\/li>\n\n\n\n<li>\u201cNuestro amor no estaba destinado a ser comprendido, s\u00f3lo vivido\u201d, por <strong>Djavan<\/strong>.<\/li>\n\n\n\n<li>\u201cTe quiero y voy a gritarlo para que todo el mundo lo oiga\u201d, de <strong>F\u00e1bio Jr<\/strong>.<\/li>\n\n\n\n<li>\u201cEl amor es un fuego que arde sin ser visto\u201d, de <strong>Luis de Cam\u00f5es<\/strong> (eternizado en las voces de tantos m\u00fasicos brasile\u00f1os).<\/li>\n\n\n\n<li>\u201cTodo el amor que hay en esta vida\u201d, por <strong>Cazuza<\/strong>.<\/li>\n\n\n\n<li>\u201cEres la escalera de mi ascenso\u201d, de <strong>Luan Santana<\/strong>.<\/li>\n\n\n\n<li>\u201cNo necesitamos mucho para ser felices\u201d, por <strong>Melim<\/strong>.<\/li>\n\n\n\n<li>\u201cQuiero compartir la buena vida contigo\u201d, de <strong>Rubel<\/strong>.<\/li>\n\n\n\n<li>\u201cDondequiera que vaya, te llevar\u00e9 conmigo para siempre\u201d, por <strong>Los paralamas del \u00e9xito<\/strong>.<\/li>\n<\/ol>\n\n\n\n<p><strong>Por la Superaci\u00f3n y la Fuerza:<\/strong><\/p>\n\n\n\n<ol start=\"11\" class=\"wp-block-list\">\n<li>\u201cLev\u00e1ntate, sac\u00fadete el polvo y vuelve a ponerte en pie\u201d, de <strong>Paulo Vanzolini<\/strong>.<\/li>\n\n\n\n<li>\u201cRecogemos lo que sembramos\u201d, por <strong>Emicida<\/strong>.<\/li>\n\n\n\n<li>\u201cNo dejes morir la samba\u201d, de <strong>Alcione<\/strong> (un himno de resistencia cultural y personal).<\/li>\n\n\n\n<li>\u201cLo que no me mata me hace m\u00e1s fuerte\u201d, de <strong>Friedrich Nietzsche<\/strong> (citado a menudo en las letras del rap nacional).<\/li>\n\n\n\n<li>\u201cFe en el padre que el enemigo cae\u201d, un dicho popular que se encuentra en muchas de las letras de <strong>Pagoda<\/strong>.<\/li>\n\n\n\n<li>\u201cD\u00edas de lucha, d\u00edas de gloria\u201d, por <strong>Chor\u00e3o (Charlie Brown Jr)<\/strong>.<\/li>\n\n\n\n<li>\u201cLa vida es un reto\u201d, por <strong>Mano Brown (Racionais MC's)<\/strong>.<\/li>\n\n\n\n<li>\u201cEl sol volver\u00e1 a brillar\u201d, de <strong>Nelson Cavaquinho<\/strong>.<\/li>\n\n\n\n<li>\u201cTodo lo que tenemos es ahora\u201d, de <strong>Emicida<\/strong>.<\/li>\n\n\n\n<li>\u201cNo me rendir\u00e9 sin luchar\u201d, de <strong>Marcelo Falc\u00e3o (O Rappa)<\/strong>.<\/li>\n<\/ol>\n\n\n\n<p><strong>Por la amistad y la alegr\u00eda:<\/strong><\/p>\n\n\n\n<ol start=\"21\" class=\"wp-block-list\">\n<li>\u201cUn amigo es algo que hay que guardar bajo llave\u201d, por <strong>Milton Nascimento<\/strong>.<\/li>\n\n\n\n<li>\u201cLa amistad no puede ser destruida ni siquiera por la fuerza del tiempo\u201d, por <strong>Patio trasero<\/strong>.<\/li>\n\n\n\n<li>\u201cEstamos muy bien juntos\u201d, por <strong>Exaltasamba<\/strong>.<\/li>\n\n\n\n<li>\u201cVivir y ser libre, saber valorar las cosas sencillas\u201d, de <strong>Charlie Brown Jr<\/strong>.<\/li>\n\n\n\n<li>\u201cLa felicidad es un fin de semana\u201d, de <strong>Jorge Ben Jor<\/strong>.<\/li>\n\n\n\n<li>\u201cSonr\u00ede, te estoy filmando\u201d, de <strong>El travieso<\/strong> (perfecto para fotos relajadas).<\/li>\n\n\n\n<li>\u201cLo esencial es invisible a los ojos\u201d, por <strong>Antoine de Saint-Exup\u00e9ry<\/strong> (el tema central de muchas canciones de MPB).<\/li>\n\n\n\n<li>\u201cLa alegr\u00eda es la mejor venganza\u201d, una cita de <strong>BaianaSystem<\/strong>.<\/li>\n\n\n\n<li>\u201cVivamos todo lo que hay que vivir\u201d, por <strong>Lulu Santos<\/strong>.<\/li>\n\n\n\n<li>\u201cLo que es bueno lo repetimos\u201d, una frase habitual en las letras de <strong>Ivete Sangalo<\/strong>.<\/li>\n<\/ol>\n\n\n\n<p><strong>Para la a\u00f1oranza y la reflexi\u00f3n:<\/strong><\/p>\n\n\n\n<ol start=\"31\" class=\"wp-block-list\">\n<li>\u201cLa nostalgia es el precio que se paga por vivir momentos inolvidables\u201d, de <strong>Autor desconocido<\/strong>.<\/li>\n\n\n\n<li>\u201cS\u00e9 que voy a amarte toda mi vida\u201d, de <strong>Vinicius de Moraes<\/strong>.<\/li>\n\n\n\n<li>\u201cLa nostalgia es la prueba de que el pasado vali\u00f3 la pena\u201d, por <strong>Belchior<\/strong>.<\/li>\n\n\n\n<li>\u201cDonde no pasa el tiempo, nos encontramos\u201d, de <strong>Zeca Baleiro<\/strong>.<\/li>\n\n\n\n<li>\u201cRecordar es vivir\u201d, una marchinha de <strong>Carnaval<\/strong> que abarca generaciones.<\/li>\n\n\n\n<li>\u201cNada ocurre por casualidad\u201d, una frase de <strong>Chico Xavier<\/strong> presente en la l\u00edrica espiritual.<\/li>\n\n\n\n<li>\u201cEl silencio es la m\u00fasica del alma\u201d, de <strong>Luan Santana<\/strong>.<\/li>\n\n\n\n<li>\u201cLa vida no se detiene, la vida es un soplo\u201d, por <strong>Oscar Niemeyer<\/strong> (a menudo utilizado en homenajes musicales).<\/li>\n\n\n\n<li>\u201cTodo pasa, todo pasar\u00e1\u201d, de <strong>Nelson Ned<\/strong>.<\/li>\n\n\n\n<li>\u201cNo soy de aqu\u00ed, no tengo nada\u201d, por <strong>Alceu Valen\u00e7a<\/strong>.<\/li>\n<\/ol>\n\n\n\n<p>Creo que esta variedad garantiza que siempre tenga la palabra adecuada para el sentimiento exacto que quiere transmitir.<\/p>\n\n\n\n<p>\u201cLa m\u00fasica expresa lo que no se puede decir y lo que es imposible callar\u201d, dijo <strong>Victor Hugo<\/strong>, y estas letras hacen precisamente eso.<\/p>\n\n\n\n<h2 class=\"wp-block-heading\"><span class=\"ez-toc-section\" id=\"Como_escolher_a_frase_perfeita_para_sua_foto\"><\/span>C\u00f3mo elegir la frase perfecta para tu foto<span class=\"ez-toc-section-end\"><\/span><\/h2>\n\n\n\n<figure class=\"wp-block-image\"><img decoding=\"async\" src=\"https:\/\/mensagensqueinspiram.com.br\/wp-content\/uploads\/2026\/03\/escolhendo-a-legenda-perfeita.webp\" alt=\"Una persona elige discos de vinilo para encontrar la frase perfecta\" title=\"Elegir el subt\u00edtulo perfecto\"\/><figcaption class=\"wp-element-caption\">Palabras que llegan al alma.<\/figcaption><\/figure>\n\n\n\n<p>Elegir <strong>frases musicales nacionales para subt\u00edtulos<\/strong> es un ejercicio de sensibilidad que exige mirar m\u00e1s all\u00e1 de la superficie de la imagen.<\/p>\n\n\n\n<p>Siempre empiezo analizando la <strong>fotoenerg\u00eda<\/strong>\u00bfEs soleada y alegre o m\u00e1s introspectiva y po\u00e9tica?<\/p>\n\n\n\n<p>Si la foto es de una puesta de sol, busque letras que hablen de renovaci\u00f3n o de la belleza del final de un ciclo, como las de <strong>Tiago Iorc<\/strong>.<\/p>\n\n\n\n<p>\u201cLa m\u00fasica limpia el alma del polvo de la vida cotidiana\u201d, dijo <strong>Berthold Auerbach<\/strong>, Y sus subt\u00edtulos deber\u00edan tener el mismo efecto refrescante.<\/p>\n\n\n\n<p>Para ayudarte en esta misi\u00f3n, he elaborado una pr\u00e1ctica tabla que relaciona el tipo de foto con el ambiente musical ideal.<\/p>\n\n\n\n<figure class=\"wp-block-table\"><table class=\"has-fixed-layout\"><thead><tr><th class=\"has-text-align-left\" data-align=\"left\">Tipo de foto<\/th><th class=\"has-text-align-left\" data-align=\"left\">M\u00fasica<\/th><th class=\"has-text-align-left\" data-align=\"left\">Ejemplo de artista<\/th><\/tr><\/thead><tbody><tr><td class=\"has-text-align-left\" data-align=\"left\">Selfie sonriente<\/td><td class=\"has-text-align-left\" data-align=\"left\">Energ\u00eda positiva<\/td><td class=\"has-text-align-left\" data-align=\"left\">Jorge Ben Jor \/ Ivete Sangalo<\/td><\/tr><tr><td class=\"has-text-align-left\" data-align=\"left\">Paisaje\/Naturaleza<\/td><td class=\"has-text-align-left\" data-align=\"left\">Libertad y paz<\/td><td class=\"has-text-align-left\" data-align=\"left\">Alceu Valen\u00e7a \/ Armandinho<\/td><\/tr><tr><td class=\"has-text-align-left\" data-align=\"left\">Con amigos<\/td><td class=\"has-text-align-left\" data-align=\"left\">Celebraci\u00f3n y unidad<\/td><td class=\"has-text-align-left\" data-align=\"left\">Exaltasamba \/ Jota Quest<\/td><\/tr><tr><td class=\"has-text-align-left\" data-align=\"left\">Pareja\/Rom\u00e1ntico<\/td><td class=\"has-text-align-left\" data-align=\"left\">Dulzura y entrega<\/td><td class=\"has-text-align-left\" data-align=\"left\">Nando Reis \/ Marisa Monte<\/td><\/tr><tr><td class=\"has-text-align-left\" data-align=\"left\">Formaci\u00f3n<\/td><td class=\"has-text-align-left\" data-align=\"left\">Concentraci\u00f3n y resistencia<\/td><td class=\"has-text-align-left\" data-align=\"left\">Racionais MC's \/ Projota<\/td><\/tr><\/tbody><\/table><\/figure>\n\n\n\n<p>Recuerde que el pie de foto debe complementar la imagen, no competir con ella por la atenci\u00f3n.<\/p>\n\n\n\n<p>\u201cSin m\u00fasica, la vida ser\u00eda un error\u201d, dijo <strong>Friedrich Nietzsche<\/strong>, Sin un buen pie de foto, \u00e9sta pierde la mitad de su poder comunicativo.<\/p>\n\n\n\n<p>Me gusta probar la frase ley\u00e9ndola en voz alta mientras miro la imagen para ver si el ritmo de la escritura coincide con el visual.<\/p>\n\n\n\n<p>Ten en cuenta tambi\u00e9n tu audiencia: si tus seguidores son m\u00e1s j\u00f3venes, las letras de <strong>John<\/strong> o <strong>Ludmilla<\/strong> puede generar una conexi\u00f3n m\u00e1s inmediata.<\/p>\n\n\n\n<p>Para un p\u00fablico que aprecie los cl\u00e1sicos, recurra a <strong>Sombrero de copa<\/strong> o <strong>Adoniran Barbosa<\/strong> aporta un maravilloso aire de sofisticaci\u00f3n y nostalgia.<\/p>\n\n\n\n<p>\u201cLa m\u00fasica es el lenguaje universal de la humanidad\u201d, dijo <strong>Henry Wadsworth Longfellow<\/strong>, Y nuestra m\u00fasica brasile\u00f1a es nuestro dialecto m\u00e1s dulce.<\/p>\n\n\n\n<p>No tenga miedo de utilizar s\u00f3lo un verso corto; a veces la sencillez de una frase de <strong>Djavan<\/strong> dice m\u00e1s que un p\u00e1rrafo entero.<\/p>\n\n\n\n<p>El secreto reside en dejar que tu coraz\u00f3n gu\u00ede tu elecci\u00f3n, permitiendo que la melod\u00eda que escuchas en tu interior se convierta en texto en el exterior.<\/p>\n\n\n\n<p>Espero que estos consejos y frases te ayuden a convertir tu perfil en un aut\u00e9ntico mural de inspiraci\u00f3n y arte brasile\u00f1o.<\/p>\n\n\n\n<p>\u201cLa vida es una canci\u00f3n, c\u00e1ntala\u201d, dijo el sabio, y yo te invito a que escribas esa canci\u00f3n en cada post que hagas.<\/p>\n\n\n\n<h2 class=\"wp-block-heading\"><span class=\"ez-toc-section\" id=\"Sua_voz_sua_melodia_inspire-se_e_compartilhe\"><\/span>Tu voz, tu melod\u00eda: \u00a1insp\u00edrate y comp\u00e1rtela!<span class=\"ez-toc-section-end\"><\/span><\/h2>\n\n\n\n<p>Espero que este viaje a trav\u00e9s de <strong>frases de canciones nacionales<\/strong> ha encendido en ti la llama de la inspiraci\u00f3n. Que cada letra se convierta en un eco de tu alma y que tus pies de foto transmitan la belleza y la profundidad que s\u00f3lo tiene nuestra m\u00fasica.<\/p>\n\n\n\n<p>Ahora, dime: \u00bfqu\u00e9 canci\u00f3n nacional te ha emocionado m\u00e1s hoy? Comp\u00e1rtela en los comentarios y difundamos juntos esta melod\u00eda de positividad.<\/p>\n\n\n\n<h2 class=\"wp-block-heading has-text-align-center has-theme-palette-9-color has-theme-palette-3-background-color has-text-color has-background has-link-color wp-elements-c1311792223b09a153b01c83f343c110\"><span class=\"ez-toc-section\" id=\"FAQ_%E2%80%93_Duvidas_Comuns_Sobre_frases_de_musicas_nacionais_para_legendas\"><\/span>FAQ - Preguntas frecuentes sobre las frases musicales nacionales para subt\u00edtulos<span class=\"ez-toc-section-end\"><\/span><\/h2>\n\n\n\n<p>He preparado este peque\u00f1o espacio para despejar tus dudas y ayudarte a encontrar la melod\u00eda perfecta para tus fotos favoritas.<\/p>\n\n\n<div id=\"rank-math-faq\" class=\"rank-math-block\">\n<div class=\"rank-math-list\">\n<div id=\"faq-question-1773605310697\" class=\"rank-math-list-item\">\n<h3 class=\"rank-math-question\"><span class=\"ez-toc-section\" id=\"1_Como_as_frases_de_musicas_nacionais_para_legendas_podem_transformar_minhas_redes_sociais\"><\/span><strong>1. \u00bfC\u00f3mo pueden las frases de m\u00fasica nacional para subt\u00edtulos transformar mis redes sociales?<\/strong><span class=\"ez-toc-section-end\"><\/span><\/h3>\n<div class=\"rank-math-answer\">\n\n<p>Aportan una capa adicional de <strong>sentimiento y autenticidad<\/strong>, conectando tu imagen con letras que forman parte de nuestra rica cultura brasile\u00f1a. Al elegir una frase que llega al alma, creo que creas un v\u00ednculo inmediato y profundo con quienes leen tu post.<\/p>\n\n<\/div>\n<\/div>\n<div id=\"faq-question-1773605321707\" class=\"rank-math-list-item\">\n<h3 class=\"rank-math-question\"><span class=\"ez-toc-section\" id=\"2_Como_escolher_a_melhor_letra_para_uma_foto_especifica\"><\/span><strong>2. \u00bfC\u00f3mo elijo el mejor tipo de letra para una foto concreta?<\/strong><span class=\"ez-toc-section-end\"><\/span><\/h3>\n<div class=\"rank-math-answer\">\n\n<p>Siempre recomiendo consultar el <strong>emoci\u00f3n de la imagen<\/strong> y el mensaje exacto que quieres transmitir en ese momento. Busca una armon\u00eda fluida entre lo que la foto dice visualmente y lo que la letra expresa con palabras, asegur\u00e1ndote de que ambas hablan el mismo idioma.<\/p>\n\n<\/div>\n<\/div>\n<div id=\"faq-question-1773605334385\" class=\"rank-math-list-item\">\n<h3 class=\"rank-math-question\"><span class=\"ez-toc-section\" id=\"3_Posso_usar_frases_de_qualquer_genero_musical_brasileiro\"><\/span><strong>3. \u00bfPuedo utilizar frases de cualquier g\u00e9nero musical brasile\u00f1o?<\/strong><span class=\"ez-toc-section-end\"><\/span><\/h3>\n<div class=\"rank-math-answer\">\n\n<p>Por supuesto, porque la belleza de nuestra m\u00fasica reside precisamente en su inmensa diversidad. Si\u00e9ntase libre de moverse entre <strong>samba, rock o MPB<\/strong>, Si la frase que eliges resuena con tu verdad y tu estado de \u00e1nimo actual.<\/p>\n\n<\/div>\n<\/div>\n<div id=\"faq-question-1773605343910\" class=\"rank-math-list-item\">\n<h3 class=\"rank-math-question\"><span class=\"ez-toc-section\" id=\"4_Usar_frases_de_musicas_nacionais_para_legendas_realmente_aumenta_o_engajamento\"><\/span><strong>4. \u00bfEl uso de frases de canciones nacionales para los subt\u00edtulos aumenta realmente la participaci\u00f3n?<\/strong><span class=\"ez-toc-section-end\"><\/span><\/h3>\n<div class=\"rank-math-answer\">\n\n<p>S\u00ed, porque las letras ic\u00f3nicas a menudo despiertan <strong>identificaci\u00f3n y nostalgia<\/strong> en sus seguidores. Cuando alguien reconoce un fragmento de una canci\u00f3n que le gusta, la conexi\u00f3n es instant\u00e1nea, lo que naturalmente fomenta los likes y los comentarios cari\u00f1osos.<\/p>\n\n<\/div>\n<\/div>\n<\/div>\n<\/div>","protected":false},"excerpt":{"rendered":"<p>\u00a1Encuentra las mejores frases de canciones nacionales para tus pies de foto! Insp\u00edrate con letras que llegan al alma y convierte tus fotos en pura poes\u00eda.<\/p>","protected":false},"author":1,"featured_media":5189,"comment_status":"open","ping_status":"open","sticky":false,"template":"","format":"standard","meta":{"rop_custom_images_group":[],"rop_custom_messages_group":[],"rop_publish_now":"initial","rop_publish_now_accounts":{"facebook_122186298128049666_540220039169035":""},"rop_publish_now_history":[],"rop_publish_now_status":"pending","rank_math_focus_keyword":"frases de musicas nacionais para legendas,frases de m\u00fasicas brasileiras,M\u00fasicas Nacionais,poesia,m\u00fasica","rank_math_description":"","_kad_post_transparent":"","_kad_post_title":"","_kad_post_layout":"","_kad_post_sidebar_id":"","_kad_post_content_style":"","_kad_post_vertical_padding":"","_kad_post_feature":"","_kad_post_feature_position":"","_kad_post_header":false,"_kad_post_footer":false,"_kad_post_classname":"","_jetpack_memberships_contains_paid_content":false,"footnotes":"","jetpack_publicize_message":"","jetpack_publicize_feature_enabled":true,"jetpack_social_post_already_shared":true,"jetpack_social_options":{"image_generator_settings":{"template":"highway","default_image_id":0,"font":"","enabled":false},"version":2}},"categories":[5],"tags":[1213,1214,1215],"class_list":["post-5190","post","type-post","status-publish","format-standard","has-post-thumbnail","hentry","category-motivacao-diaria","tag-frases-de-cancoes","tag-legendas-criativas","tag-musicas-nacionais"],"jetpack_publicize_connections":[],"jetpack_featured_media_url":"https:\/\/mensagensqueinspiram.com.br\/wp-content\/uploads\/2026\/03\/inspiracao-musical-brasileira.webp","jetpack_sharing_enabled":true,"_links":{"self":[{"href":"https:\/\/mensagensqueinspiram.com.br\/es\/wp-json\/wp\/v2\/posts\/5190","targetHints":{"allow":["GET"]}}],"collection":[{"href":"https:\/\/mensagensqueinspiram.com.br\/es\/wp-json\/wp\/v2\/posts"}],"about":[{"href":"https:\/\/mensagensqueinspiram.com.br\/es\/wp-json\/wp\/v2\/types\/post"}],"author":[{"embeddable":true,"href":"https:\/\/mensagensqueinspiram.com.br\/es\/wp-json\/wp\/v2\/users\/1"}],"replies":[{"embeddable":true,"href":"https:\/\/mensagensqueinspiram.com.br\/es\/wp-json\/wp\/v2\/comments?post=5190"}],"version-history":[{"count":3,"href":"https:\/\/mensagensqueinspiram.com.br\/es\/wp-json\/wp\/v2\/posts\/5190\/revisions"}],"predecessor-version":[{"id":5193,"href":"https:\/\/mensagensqueinspiram.com.br\/es\/wp-json\/wp\/v2\/posts\/5190\/revisions\/5193"}],"wp:featuredmedia":[{"embeddable":true,"href":"https:\/\/mensagensqueinspiram.com.br\/es\/wp-json\/wp\/v2\/media\/5189"}],"wp:attachment":[{"href":"https:\/\/mensagensqueinspiram.com.br\/es\/wp-json\/wp\/v2\/media?parent=5190"}],"wp:term":[{"taxonomy":"category","embeddable":true,"href":"https:\/\/mensagensqueinspiram.com.br\/es\/wp-json\/wp\/v2\/categories?post=5190"},{"taxonomy":"post_tag","embeddable":true,"href":"https:\/\/mensagensqueinspiram.com.br\/es\/wp-json\/wp\/v2\/tags?post=5190"}],"curies":[{"name":"wp","href":"https:\/\/api.w.org\/{rel}","templated":true}]}}