{"id":551,"date":"2025-01-24T12:03:00","date_gmt":"2025-01-24T15:03:00","guid":{"rendered":"https:\/\/mensagensqueinspiram.com.br\/?p=551"},"modified":"2025-01-17T14:43:29","modified_gmt":"2025-01-17T17:43:29","slug":"el-guardian-del-silencio","status":"publish","type":"post","link":"https:\/\/mensagensqueinspiram.com.br\/es\/o-guardiao-do-silencio\/","title":{"rendered":"El guardi\u00e1n del silencio"},"content":{"rendered":"<div id=\"ez-toc-container\" class=\"ez-toc-v2_0_82_2 counter-hierarchy ez-toc-counter ez-toc-custom ez-toc-container-direction\">\n<div class=\"ez-toc-title-container\">\n<p class=\"ez-toc-title\" style=\"cursor:inherit\">\u00cdndice<\/p>\n<span class=\"ez-toc-title-toggle\"><a href=\"#\" class=\"ez-toc-pull-right ez-toc-btn ez-toc-btn-xs ez-toc-btn-default ez-toc-toggle\" aria-label=\"Cambiar la tabla de contenidos\"><span class=\"ez-toc-js-icon-con\"><span class=\"\"><span class=\"eztoc-hide\" style=\"display:none;\">Alternar<\/span><span class=\"ez-toc-icon-toggle-span\"><svg style=\"fill: #150042;color:#150042\" xmlns=\"http:\/\/www.w3.org\/2000\/svg\" class=\"list-377408\" width=\"20px\" height=\"20px\" viewbox=\"0 0 24 24\" fill=\"none\"><path d=\"M6 6H4v2h2V6zm14 0H8v2h12V6zM4 11h2v2H4v-2zm16 0H8v2h12v-2zM4 16h2v2H4v-2zm16 0H8v2h12v-2z\" fill=\"currentColor\"><\/path><\/svg><svg style=\"fill: #150042;color:#150042\" class=\"arrow-unsorted-368013\" xmlns=\"http:\/\/www.w3.org\/2000\/svg\" width=\"10px\" height=\"10px\" viewbox=\"0 0 24 24\" version=\"1.2\" baseprofile=\"tiny\"><path d=\"M18.2 9.3l-6.2-6.3-6.2 6.3c-.2.2-.3.4-.3.7s.1.5.3.7c.2.2.4.3.7.3h11c.3 0 .5-.1.7-.3.2-.2.3-.5.3-.7s-.1-.5-.3-.7zM5.8 14.7l6.2 6.3 6.2-6.3c.2-.2.3-.5.3-.7s-.1-.5-.3-.7c-.2-.2-.4-.3-.7-.3h-11c-.3 0-.5.1-.7.3-.2.2-.3.5-.3.7s.1.5.3.7z\"\/><\/svg><\/span><\/span><\/span><\/a><\/span><\/div>\n<nav><ul class='ez-toc-list ez-toc-list-level-1 eztoc-toggle-hide-by-default' ><li class='ez-toc-page-1 ez-toc-heading-level-3'><a class=\"ez-toc-link ez-toc-heading-1\" href=\"https:\/\/mensagensqueinspiram.com.br\/es\/o-guardiao-do-silencio\/#O_Caminho_para_o_Desconhecido\" >El camino hacia lo desconocido<\/a><\/li><li class='ez-toc-page-1 ez-toc-heading-level-3'><a class=\"ez-toc-link ez-toc-heading-2\" href=\"https:\/\/mensagensqueinspiram.com.br\/es\/o-guardiao-do-silencio\/#O_Confronto_com_a_Verdade\" >La confrontaci\u00f3n con la verdad<\/a><\/li><li class='ez-toc-page-1 ez-toc-heading-level-3'><a class=\"ez-toc-link ez-toc-heading-3\" href=\"https:\/\/mensagensqueinspiram.com.br\/es\/o-guardiao-do-silencio\/#A_Revelacao_O_Guardiao_do_Silencio\" >La Revelaci\u00f3n: El Guardi\u00e1n del Silencio<\/a><\/li><li class='ez-toc-page-1 ez-toc-heading-level-3'><a class=\"ez-toc-link ez-toc-heading-4\" href=\"https:\/\/mensagensqueinspiram.com.br\/es\/o-guardiao-do-silencio\/#Continue_lendo_mais_historias_como_esta_em_Mensagens_que_Inspiram\" >Sigue leyendo m\u00e1s historias como esta en Mensajes que inspiran.<\/a><\/li><li class='ez-toc-page-1 ez-toc-heading-level-3'><a class=\"ez-toc-link ez-toc-heading-5\" href=\"https:\/\/mensagensqueinspiram.com.br\/es\/o-guardiao-do-silencio\/#FAQ\" >Preguntas frecuentes<\/a><\/li><\/ul><\/nav><\/div>\n\n<p><strong>El guardi\u00e1n del silencio<\/strong>En un antiguo bosque, donde el viento susurraba secretos entre los \u00e1rboles, hab\u00eda una aldea llamada Dharmapura. All\u00ed, el tiempo parec\u00eda haberse detenido. <\/p>\n\n\n\n<p>Cada amanecer, el sol iluminaba un arroyo cristalino que serpenteaba entre las casas de madera, llevando consigo el eco de las pisadas de quienes cruzaban sus orillas. <\/p>\n\n\n\n<p>Sin embargo, la aparente paz escond\u00eda un <a href=\"https:\/\/mensagensqueinspiram.com.br\/es\/o-misterio-da-casa-de-caleb\/\">misterio<\/a> profundo: en la monta\u00f1a cercana, hab\u00eda un templo olvidado, conocido s\u00f3lo como \u201cEl Santuario del Silencio\u201d.<\/p>\n\n\n\n<p>En el pueblo viv\u00eda Aarav, un joven cuya curiosidad era a la vez una bendici\u00f3n y una maldici\u00f3n. Hab\u00eda crecido oyendo historias sobre el templo: se dec\u00eda que los que se atrev\u00edan a entrar volv\u00edan transformados o no regresaban jam\u00e1s. <\/p>\n\n\n\n<p>Algunos afirmaban que el templo estaba habitado por un guardi\u00e1n que confrontaba a los visitantes con sus miedos m\u00e1s profundos. <\/p>\n\n\n\n<p>Otros cre\u00edan que <a href=\"https:\/\/mensagensqueinspiram.com.br\/es\/a-sabedoria-de-gandhi\/\">sabidur\u00eda<\/a> antigua, capaz de liberar a cualquiera de su angustia.<\/p>\n\n\n\n<p>Aarav sent\u00eda un vac\u00edo que no pod\u00eda explicar. A pesar de su juventud y energ\u00eda, sent\u00eda que le faltaba algo esencial. <\/p>\n\n\n\n<p>Cuando, una noche, un sue\u00f1o recurrente le mostr\u00f3 el camino hacia el Santuario del Silencio, decidi\u00f3 que ya no pod\u00eda ignorar la llamada. <\/p>\n\n\n\n<p>Sali\u00f3 al amanecer, llevando s\u00f3lo una peque\u00f1a mochila y una silenciosa determinaci\u00f3n.<\/p>\n\n\n\n<h3 class=\"wp-block-heading\"><span class=\"ez-toc-section\" id=\"O_Caminho_para_o_Desconhecido\"><\/span>El camino hacia lo desconocido<span class=\"ez-toc-section-end\"><\/span><\/h3>\n\n\n\n<p>La subida a la monta\u00f1a estuvo llena de desaf\u00edos. Aarav se enfrent\u00f3 a pendientes traicioneras, lluvias torrenciales y noches heladas bajo las estrellas. <\/p>\n\n\n\n<p>Pero con cada dificultad, sent\u00eda surgir de su interior una extra\u00f1a calma. El silencio de la monta\u00f1a parec\u00eda hablarle, invit\u00e1ndole a reflexionar sobre los miedos y deseos que siempre le hab\u00edan atormentado.<\/p>\n\n\n\n<p>Finalmente, lleg\u00f3 al templo. Las puertas eran enormes, de madera oscura y adornadas con inscripciones que no pudo leer. <\/p>\n\n\n\n<p>Al empujarlos, un viento helado sopl\u00f3 desde el interior, como si el templo exhalara su propio aliento.<\/p>\n\n\n\n<p>El interior estaba sumido en la oscuridad, salvo por una llama solitaria que bailaba en el centro de la sala. All\u00ed, sentado junto a la llama, estaba el Guardi\u00e1n. <\/p>\n\n\n\n<p>Su aspecto era a la vez ordinario y extraordinario; parec\u00eda un reflejo del propio Aarav, pero con unos ojos que albergaban eones de sabidur\u00eda.<\/p>\n\n\n\n<figure class=\"wp-block-image size-full\"><img loading=\"lazy\" decoding=\"async\" width=\"1024\" height=\"768\" src=\"https:\/\/mensagensqueinspiram.com.br\/wp-content\/uploads\/2025\/01\/o-caminho-para-o-desconhecido-a-subida-a-montanha-foi-cheia.png\" alt=\"El guardi\u00e1n del silencio\" class=\"wp-image-553\" srcset=\"https:\/\/mensagensqueinspiram.com.br\/wp-content\/uploads\/2025\/01\/o-caminho-para-o-desconhecido-a-subida-a-montanha-foi-cheia.png 1024w, https:\/\/mensagensqueinspiram.com.br\/wp-content\/uploads\/2025\/01\/o-caminho-para-o-desconhecido-a-subida-a-montanha-foi-cheia-300x225.png 300w, https:\/\/mensagensqueinspiram.com.br\/wp-content\/uploads\/2025\/01\/o-caminho-para-o-desconhecido-a-subida-a-montanha-foi-cheia-768x576.png 768w, https:\/\/mensagensqueinspiram.com.br\/wp-content\/uploads\/2025\/01\/o-caminho-para-o-desconhecido-a-subida-a-montanha-foi-cheia-640x480.png 640w\" sizes=\"auto, (max-width: 1024px) 100vw, 1024px\" \/><\/figure>\n\n\n\n<h3 class=\"wp-block-heading\"><span class=\"ez-toc-section\" id=\"O_Confronto_com_a_Verdade\"><\/span>La confrontaci\u00f3n con la verdad<span class=\"ez-toc-section-end\"><\/span><\/h3>\n\n\n\n<p>\u201c\u00bfPor qu\u00e9 has venido?\u201d, pregunt\u00f3 el Guardi\u00e1n, su voz resonando como un suave trueno.<\/p>\n\n\n\n<p>Aarav dud\u00f3. \u201cHe llegado a comprender el vac\u00edo que hay dentro de m\u00ed. Quiero encontrar la paz que nunca he podido sentir\u201d.\u201d<\/p>\n\n\n\n<p>El Guardi\u00e1n sonri\u00f3 ligeramente e hizo un gesto a Aarav para que se acercara. Cuando lo hizo, la atm\u00f3sfera a su alrededor cambi\u00f3. <\/p>\n\n\n\n<p>Aarav vio escenas de su propia vida proyectadas en el aire: momentos de dolor, decisiones ego\u00edstas, palabras no dichas. <\/p>\n\n\n\n<p>Pero tambi\u00e9n vio actos de bondad que hab\u00eda olvidado, peque\u00f1os gestos que hab\u00edan marcado la diferencia para los dem\u00e1s.<\/p>\n\n\n\n<p>\u201cEl vac\u00edo que sientes no est\u00e1 fuera de ti. Es la ausencia de comprensi\u00f3n sobre qui\u00e9n eres realmente\u201d. <\/p>\n\n\n\n<p>\u201cEl camino hacia la plenitud no reside en las grandes haza\u00f1as, sino en prestar plena atenci\u00f3n al presente, dejar ir lo que no importa y aceptar qui\u00e9n eres\u201d.\u201d<\/p>\n\n\n\n<h3 class=\"wp-block-heading\"><span class=\"ez-toc-section\" id=\"A_Revelacao_O_Guardiao_do_Silencio\"><\/span>La Revelaci\u00f3n: El Guardi\u00e1n del Silencio<span class=\"ez-toc-section-end\"><\/span><\/h3>\n\n\n\n<p>Aarav pas\u00f3 d\u00edas enteros en el templo, reflexionando sobre las palabras del Guardi\u00e1n y enfrent\u00e1ndose a sus propios demonios. <\/p>\n\n\n\n<p>Con cada momento de silencio, se sent\u00eda m\u00e1s cerca de la verdad. Cuando por fin descendi\u00f3 de la monta\u00f1a, ya no era el mismo.<\/p>\n\n\n\n<p>Cuando regres\u00f3 al pueblo, Aarav trajo consigo una serenidad que transform\u00f3 no s\u00f3lo su propia vida, sino la de todos los que le rodeaban. <\/p>\n\n\n\n<p>A continuaci\u00f3n comparti\u00f3 las lecciones que hab\u00eda aprendido, ayudando a otros a encontrar el equilibrio en sus propios viajes.<\/p>\n\n\n\n<p>El Santuario del Silencio segu\u00eda siendo un misterio, pero para Aarav, el verdadero secreto estaba claro: la paz no es algo que se encuentre en un lugar o en otra persona. <\/p>\n\n\n\n<p>Est\u00e1 dentro de cada uno de nosotros, esperando a ser descubierta.<\/p>\n\n\n\n<figure class=\"wp-block-image size-full\"><img loading=\"lazy\" decoding=\"async\" width=\"1024\" height=\"768\" src=\"https:\/\/mensagensqueinspiram.com.br\/wp-content\/uploads\/2025\/01\/a-revelacao-o-guardiao-do-silencio-aarav-passou-dias-no-templo-3.png\" alt=\"un edificio en una colina\" class=\"wp-image-557\" srcset=\"https:\/\/mensagensqueinspiram.com.br\/wp-content\/uploads\/2025\/01\/a-revelacao-o-guardiao-do-silencio-aarav-passou-dias-no-templo-3.png 1024w, https:\/\/mensagensqueinspiram.com.br\/wp-content\/uploads\/2025\/01\/a-revelacao-o-guardiao-do-silencio-aarav-passou-dias-no-templo-3-300x225.png 300w, https:\/\/mensagensqueinspiram.com.br\/wp-content\/uploads\/2025\/01\/a-revelacao-o-guardiao-do-silencio-aarav-passou-dias-no-templo-3-768x576.png 768w, https:\/\/mensagensqueinspiram.com.br\/wp-content\/uploads\/2025\/01\/a-revelacao-o-guardiao-do-silencio-aarav-passou-dias-no-templo-3-640x480.png 640w\" sizes=\"auto, (max-width: 1024px) 100vw, 1024px\" \/><\/figure>\n\n\n\n<h3 class=\"wp-block-heading\"><span class=\"ez-toc-section\" id=\"Continue_lendo_mais_historias_como_esta_em_Mensagens_que_Inspiram\"><\/span>Lea m\u00e1s historias como \u00e9sta en <a href=\"https:\/\/mensagensqueinspiram.com.br\/es\/\">Mensajes que inspiran<\/a>.<span class=\"ez-toc-section-end\"><\/span><\/h3>\n\n\n\n<h3 class=\"wp-block-heading has-text-align-center has-theme-palette-9-color has-text-color has-background has-link-color wp-elements-3c05a0122255474ee7678d5095009f84\" style=\"background-color:#150042\"><span class=\"ez-toc-section\" id=\"FAQ\"><\/span>Preguntas frecuentes<span class=\"ez-toc-section-end\"><\/span><\/h3>\n\n\n\n<figure class=\"wp-block-table is-style-stripes\"><table class=\"has-theme-palette-8-background-color has-background has-fixed-layout\"><thead><tr><th>PREGUNTAS<\/th><th>RESPUESTAS<\/th><\/tr><\/thead><tbody><tr><td><strong>\u00bfQu\u00e9 inspir\u00f3 esta historia?<\/strong><\/td><td>Esta historia se inspira en las ense\u00f1anzas de <a href=\"https:\/\/pt.wikipedia.org\/wiki\/Buda\" target=\"_blank\" rel=\"noreferrer noopener\">Buda<\/a> y la b\u00fasqueda universal de <a href=\"https:\/\/mensagensqueinspiram.com.br\/es\/a-jornada-da-paz-interior\/\">paz interior<\/a>.<\/td><\/tr><tr><td><strong>\u00bfQui\u00e9n es el Guardi\u00e1n?<\/strong><\/td><td>El Guardi\u00e1n representa el reflejo de nuestra propia sabidur\u00eda interior.<\/td><\/tr><tr><td><strong>\u00bfExiste realmente el templo?<\/strong><\/td><td>Es una met\u00e1fora del espacio interior donde nos enfrentamos a nuestros miedos y descubrimos la verdad.<\/td><\/tr><tr><td><strong>\u00bfCu\u00e1l es el mensaje principal de la historia?<\/strong><\/td><td>Que la verdadera paz viene de dentro y no de algo externo.<\/td><\/tr><tr><td><strong>\u00bfEst\u00e1 Aarav basado en una persona real?<\/strong><\/td><td>Aarav es un personaje de ficci\u00f3n, pero su viaje refleja retos universales.<\/td><\/tr><tr><td><strong>\u00bfPor qu\u00e9 el pueblo se llama Dharmapura?<\/strong><\/td><td>Dharmapura significa \u201cCiudad del Dharma\u201d y simboliza la b\u00fasqueda espiritual.<\/td><\/tr><tr><td><strong>\u00bfQu\u00e9 significa el vac\u00edo que sent\u00eda Aarav?<\/strong><\/td><td>Representa el sentimiento de desconexi\u00f3n con nuestra verdadera esencia.<\/td><\/tr><tr><td><strong>\u00bfHabr\u00e1 una continuaci\u00f3n de esta historia?<\/strong><\/td><td>Quiz\u00e1s. Permanezca atento a m\u00e1s historias inspiradoras.<\/td><\/tr><\/tbody><\/table><\/figure>","protected":false},"excerpt":{"rendered":"<p>El guardi\u00e1n del silencio: En un antiguo bosque, donde el viento susurraba secretos entre los \u00e1rboles, hab\u00eda un pueblo llamado Dharmapura. All\u00ed, el tiempo parec\u00eda haberse detenido. Cada amanecer, el sol iluminaba un arroyo cristalino que serpenteaba entre las casas de madera, llevando consigo el eco de los pasos de quienes cruzaban sus orillas. Sin embargo...<\/p>","protected":false},"author":1,"featured_media":552,"comment_status":"open","ping_status":"open","sticky":false,"template":"","format":"standard","meta":{"rop_custom_images_group":[],"rop_custom_messages_group":[],"rop_publish_now":"initial","rop_publish_now_accounts":{"facebook_122186298128049666_540220039169035":""},"rop_publish_now_history":[],"rop_publish_now_status":"pending","rank_math_focus_keyword":"O Guardi\u00e3o do Sil\u00eancio,Santu\u00e1rio,Buda","rank_math_description":"","_kad_post_transparent":"","_kad_post_title":"","_kad_post_layout":"","_kad_post_sidebar_id":"","_kad_post_content_style":"","_kad_post_vertical_padding":"","_kad_post_feature":"","_kad_post_feature_position":"","_kad_post_header":false,"_kad_post_footer":false,"_kad_post_classname":"","_jetpack_memberships_contains_paid_content":false,"footnotes":"","jetpack_publicize_message":"","jetpack_publicize_feature_enabled":true,"jetpack_social_post_already_shared":true,"jetpack_social_options":{"image_generator_settings":{"template":"highway","enabled":false},"version":2}},"categories":[28],"tags":[160,12,96,30,24],"class_list":["post-551","post","type-post","status-publish","format-standard","has-post-thumbnail","hentry","category-historias","tag-historias-motivacionais","tag-inspiracao","tag-paz-interior","tag-sabedoria","tag-transformacao-pessoal"],"jetpack_publicize_connections":[],"jetpack_featured_media_url":"https:\/\/mensagensqueinspiram.com.br\/wp-content\/uploads\/2025\/01\/image-23.png","jetpack_sharing_enabled":true,"_links":{"self":[{"href":"https:\/\/mensagensqueinspiram.com.br\/es\/wp-json\/wp\/v2\/posts\/551","targetHints":{"allow":["GET"]}}],"collection":[{"href":"https:\/\/mensagensqueinspiram.com.br\/es\/wp-json\/wp\/v2\/posts"}],"about":[{"href":"https:\/\/mensagensqueinspiram.com.br\/es\/wp-json\/wp\/v2\/types\/post"}],"author":[{"embeddable":true,"href":"https:\/\/mensagensqueinspiram.com.br\/es\/wp-json\/wp\/v2\/users\/1"}],"replies":[{"embeddable":true,"href":"https:\/\/mensagensqueinspiram.com.br\/es\/wp-json\/wp\/v2\/comments?post=551"}],"version-history":[{"count":1,"href":"https:\/\/mensagensqueinspiram.com.br\/es\/wp-json\/wp\/v2\/posts\/551\/revisions"}],"predecessor-version":[{"id":558,"href":"https:\/\/mensagensqueinspiram.com.br\/es\/wp-json\/wp\/v2\/posts\/551\/revisions\/558"}],"wp:featuredmedia":[{"embeddable":true,"href":"https:\/\/mensagensqueinspiram.com.br\/es\/wp-json\/wp\/v2\/media\/552"}],"wp:attachment":[{"href":"https:\/\/mensagensqueinspiram.com.br\/es\/wp-json\/wp\/v2\/media?parent=551"}],"wp:term":[{"taxonomy":"category","embeddable":true,"href":"https:\/\/mensagensqueinspiram.com.br\/es\/wp-json\/wp\/v2\/categories?post=551"},{"taxonomy":"post_tag","embeddable":true,"href":"https:\/\/mensagensqueinspiram.com.br\/es\/wp-json\/wp\/v2\/tags?post=551"}],"curies":[{"name":"wp","href":"https:\/\/api.w.org\/{rel}","templated":true}]}}