{"id":559,"date":"2025-01-25T18:03:00","date_gmt":"2025-01-25T21:03:00","guid":{"rendered":"https:\/\/mensagensqueinspiram.com.br\/?p=559"},"modified":"2025-01-17T15:14:12","modified_gmt":"2025-01-17T18:14:12","slug":"frases-inspiradoras-de-seneca","status":"publish","type":"post","link":"https:\/\/mensagensqueinspiram.com.br\/es\/frases-inspiradoras-de-seneca\/","title":{"rendered":"Frases inspiradoras de S\u00e9neca: lecciones para una vida plena y consciente"},"content":{"rendered":"<div id=\"ez-toc-container\" class=\"ez-toc-v2_0_82_2 counter-hierarchy ez-toc-counter ez-toc-custom ez-toc-container-direction\">\n<div class=\"ez-toc-title-container\">\n<p class=\"ez-toc-title\" style=\"cursor:inherit\">\u00cdndice<\/p>\n<span class=\"ez-toc-title-toggle\"><a href=\"#\" class=\"ez-toc-pull-right ez-toc-btn ez-toc-btn-xs ez-toc-btn-default ez-toc-toggle\" aria-label=\"Cambiar la tabla de contenidos\"><span class=\"ez-toc-js-icon-con\"><span class=\"\"><span class=\"eztoc-hide\" style=\"display:none;\">Alternar<\/span><span class=\"ez-toc-icon-toggle-span\"><svg style=\"fill: #150042;color:#150042\" xmlns=\"http:\/\/www.w3.org\/2000\/svg\" class=\"list-377408\" width=\"20px\" height=\"20px\" viewbox=\"0 0 24 24\" fill=\"none\"><path d=\"M6 6H4v2h2V6zm14 0H8v2h12V6zM4 11h2v2H4v-2zm16 0H8v2h12v-2zM4 16h2v2H4v-2zm16 0H8v2h12v-2z\" fill=\"currentColor\"><\/path><\/svg><svg style=\"fill: #150042;color:#150042\" class=\"arrow-unsorted-368013\" xmlns=\"http:\/\/www.w3.org\/2000\/svg\" width=\"10px\" height=\"10px\" viewbox=\"0 0 24 24\" version=\"1.2\" baseprofile=\"tiny\"><path d=\"M18.2 9.3l-6.2-6.3-6.2 6.3c-.2.2-.3.4-.3.7s.1.5.3.7c.2.2.4.3.7.3h11c.3 0 .5-.1.7-.3.2-.2.3-.5.3-.7s-.1-.5-.3-.7zM5.8 14.7l6.2 6.3 6.2-6.3c.2-.2.3-.5.3-.7s-.1-.5-.3-.7c-.2-.2-.4-.3-.7-.3h-11c-.3 0-.5.1-.7.3-.2.2-.3.5-.3.7s.1.5.3.7z\"\/><\/svg><\/span><\/span><\/span><\/a><\/span><\/div>\n<nav><ul class='ez-toc-list ez-toc-list-level-1 eztoc-toggle-hide-by-default' ><li class='ez-toc-page-1 ez-toc-heading-level-2'><a class=\"ez-toc-link ez-toc-heading-1\" href=\"https:\/\/mensagensqueinspiram.com.br\/es\/frases-inspiradoras-de-seneca\/#As_Frases_de_Seneca_Ensinamentos_para_o_Cotidiano\" >Las frases de S\u00e9neca: ense\u00f1anzas para la vida cotidiana<\/a><ul class='ez-toc-list-level-3' ><li class='ez-toc-heading-level-3'><a class=\"ez-toc-link ez-toc-heading-2\" href=\"https:\/\/mensagensqueinspiram.com.br\/es\/frases-inspiradoras-de-seneca\/#Conclusao_Frases_Inspiradoras_de_Seneca\" >Conclusi\u00f3n: Frases inspiradoras de S\u00e9neca<\/a><\/li><li class='ez-toc-page-1 ez-toc-heading-level-3'><a class=\"ez-toc-link ez-toc-heading-3\" href=\"https:\/\/mensagensqueinspiram.com.br\/es\/frases-inspiradoras-de-seneca\/#FAQ_Perguntas_Frequentes\" >Preguntas frecuentes<\/a><\/li><\/ul><\/li><\/ul><\/nav><\/div>\n\n<p><strong>Frases inspiradoras de S\u00e9neca<\/strong>: S\u00e9neca, el gran fil\u00f3sofo estoico de la Antigua Roma, ha sido una fuente inagotable de inspiraci\u00f3n y <a href=\"https:\/\/mensagensqueinspiram.com.br\/es\/a-sabedoria-de-gandhi\/\">sabidur\u00eda<\/a> por m\u00e1s de dos mil a\u00f1os. <\/p>\n\n\n\n<p>Sus reflexiones sobre la vida, la muerte, la felicidad, la virtud y el control de las emociones siguen siendo tan relevantes hoy como lo fueron en su \u00e9poca. <\/p>\n\n\n\n<p>En sus cartas y ensayos, S\u00e9neca no solo desafiaba los valores de su sociedad, sino que tambi\u00e9n ofrec\u00eda una gu\u00eda para vivir una vida m\u00e1s equilibrada, centrada en lo que realmente importa. <\/p>\n\n\n\n<p>En este art\u00edculo, exploraremos algunas de las frases m\u00e1s impactantes de S\u00e9neca, que te ayudar\u00e1n a reflexionar sobre tu propia vida y a buscar la serenidad y el autoconocimiento. <\/p>\n\n\n\n<p>Prep\u00e1rate para un viaje en el tiempo, donde la sabidur\u00eda del pasado se encuentra con los retos del presente.<\/p>\n\n\n\n<h2 class=\"wp-block-heading\"><span class=\"ez-toc-section\" id=\"As_Frases_de_Seneca_Ensinamentos_para_o_Cotidiano\"><\/span>Las frases de S\u00e9neca: ense\u00f1anzas para la vida cotidiana<span class=\"ez-toc-section-end\"><\/span><\/h2>\n\n\n\n<p>S\u00e9neca cre\u00eda que la verdadera sabidur\u00eda no resid\u00eda en teor\u00edas complejas, sino en la aplicaci\u00f3n pr\u00e1ctica de una filosof\u00eda que ense\u00f1ara a vivir mejor, con m\u00e1s control sobre nuestros deseos, m\u00e1s atenci\u00f3n en lo que es importante y m\u00e1s aceptaci\u00f3n de lo que no podemos cambiar. <\/p>\n\n\n\n<p>A continuaci\u00f3n se presentan algunas de sus frases m\u00e1s poderosas, que siguen resonando en aquellos que buscan un camino de <a href=\"https:\/\/mensagensqueinspiram.com.br\/es\/a-jornada-de-tashi\/\">autodescubrimiento<\/a> y autocontrol.<\/p>\n\n\n\n<blockquote class=\"wp-block-quote is-layout-flow wp-block-quote-is-layout-flow\">\n<p>\u201cLa vida es lo suficientemente larga y nos ha sido dada en cantidad suficiente para que podamos realizar las cosas que queremos, si sabemos c\u00f3mo usarla\u201d.\u201d<br><em>De Brevitate Vitae (Sobre la brevedad de la vida), 49 d. C.<\/em><\/p>\n<\/blockquote>\n\n\n\n<blockquote class=\"wp-block-quote is-layout-flow wp-block-quote-is-layout-flow\">\n<p>\u201cNo es que tengamos poco tiempo, sino que perdemos mucho\u201d.\u201d<br><em>De Brevitate Vitae, 49 d. C.<\/em><\/p>\n<\/blockquote>\n\n\n\n<blockquote class=\"wp-block-quote is-layout-flow wp-block-quote-is-layout-flow\">\n<p>\u201cSomos m\u00e1s propensos a hacer lo que es conveniente que lo que es justo\u201d.\u201d<br><em>De Constantia Sapienti, 55 d. C.<\/em><\/p>\n<\/blockquote>\n\n\n\n<blockquote class=\"wp-block-quote is-layout-flow wp-block-quote-is-layout-flow\">\n<p>\u201cLa mayor riqueza es vivir contento con poco\u201d.\u201d<br><em>Ep\u00edstola 17, 62 d. C.<\/em><\/p>\n<\/blockquote>\n\n\n\n<blockquote class=\"wp-block-quote is-layout-flow wp-block-quote-is-layout-flow\">\n<p>\u201cApres\u00farate a vivir bien y piensa que cada d\u00eda es, por s\u00ed solo, una vida\u201d.\u201d<br><em>De Vita Beata, 58 d. C.<\/em><\/p>\n<\/blockquote>\n\n\n\n<blockquote class=\"wp-block-quote is-layout-flow wp-block-quote-is-layout-flow\">\n<p>\u201cSi alguien no sabe a qu\u00e9 puerto se dirige, ning\u00fan viento le ser\u00e1 favorable\u201d.\u201d<br><em>Ep\u00edstola 64, 63 d. C.<\/em><\/p>\n<\/blockquote>\n\n\n\n<blockquote class=\"wp-block-quote is-layout-flow wp-block-quote-is-layout-flow\">\n<p>\u201cLa felicidad no es algo que se adquiere, sino algo que se cultiva\u201d.\u201d<br><em>De Vita Beata, 58 d. C.<\/em><\/p>\n<\/blockquote>\n\n\n\n<blockquote class=\"wp-block-quote is-layout-flow wp-block-quote-is-layout-flow\">\n<p>\u201cHay que vivir en armon\u00eda con la naturaleza, y no simplemente existir\u201d.\u201d<br><em>De Vita Beata, 58 d. C.<\/em><\/p>\n<\/blockquote>\n\n\n\n<blockquote class=\"wp-block-quote is-layout-flow wp-block-quote-is-layout-flow\">\n<p>\u201cLas dificultades muestran al hombre\u201d.\u201d<br><em>Ep\u00edstola 95, 64 d. C.<\/em><\/p>\n<\/blockquote>\n\n\n\n<blockquote class=\"wp-block-quote is-layout-flow wp-block-quote-is-layout-flow\">\n<p>\u201cLa tranquilidad interior es m\u00e1s valiosa que todos los tesoros del mundo\u201d.\u201d<br><em>Ep\u00edstola 52, 63 d. C.<\/em><\/p>\n<\/blockquote>\n\n\n\n<blockquote class=\"wp-block-quote is-layout-flow wp-block-quote-is-layout-flow\">\n<p>\u201cLa muerte nos espera, y no sabemos si tendremos tiempo suficiente para prepararnos para ella\u201d.\u201d<br><em>De Providentia, 58 d. C.<\/em><\/p>\n<\/blockquote>\n\n\n\n<blockquote class=\"wp-block-quote is-layout-flow wp-block-quote-is-layout-flow\">\n<p>\u201cLa persona que es esclava de los dem\u00e1s no puede ser libre, aunque sea rica\u201d.\u201d<br><em>Ep\u00edstola 54, 63 d. C.<\/em><\/p>\n<\/blockquote>\n\n\n\n<blockquote class=\"wp-block-quote is-layout-flow wp-block-quote-is-layout-flow\">\n<p>\u201cEs mejor ser el primero en un pueblo que el segundo en Roma\u201d.\u201d<br><em>Ep\u00edstola 29, 62 d. C.<\/em><\/p>\n<\/blockquote>\n\n\n\n<blockquote class=\"wp-block-quote is-layout-flow wp-block-quote-is-layout-flow\">\n<p>\u201cEl verdadero hombre no es aquel que vive seg\u00fan las convenciones, sino aquel que act\u00faa seg\u00fan la raz\u00f3n\u201d.\u201d<br><em>De Constantia Sapienti, 55 d. C.<\/em><\/p>\n<\/blockquote>\n\n\n\n<blockquote class=\"wp-block-quote is-layout-flow wp-block-quote-is-layout-flow\">\n<p>\u201cNo hay un camino seguro hacia la felicidad, pero debemos perseguir la virtud\u201d.\u201d<br><em>De Vita Beata, 58 d. C.<\/em><\/p>\n<\/blockquote>\n\n\n\n<blockquote class=\"wp-block-quote is-layout-flow wp-block-quote-is-layout-flow\">\n<p>\u201cLa persona que no controla sus deseos es m\u00e1s esclava de s\u00ed misma que cualquier otra persona\u201d.\u201d<br><em>Ep\u00edstola 51, 63 d. C.<\/em><\/p>\n<\/blockquote>\n\n\n\n<blockquote class=\"wp-block-quote is-layout-flow wp-block-quote-is-layout-flow\">\n<p>\u201cEl miedo a la muerte nos impide vivir plenamente\u201d.\u201d<br><em>De Providentia, 58 d. C.<\/em><\/p>\n<\/blockquote>\n\n\n\n<blockquote class=\"wp-block-quote is-layout-flow wp-block-quote-is-layout-flow\">\n<p>\u201cQuien vive de acuerdo con su naturaleza nunca ser\u00e1 infeliz\u201d.\u201d<br><em>De Vita Beata, 58 d. C.<\/em><\/p>\n<\/blockquote>\n\n\n\n<blockquote class=\"wp-block-quote is-layout-flow wp-block-quote-is-layout-flow\">\n<p>\u201cS\u00e9 paciente contigo mismo. No busques la perfecci\u00f3n de una sola vez\u201d.\u201d<br><em>Ep\u00edstola 61, 63 d. C.<\/em><\/p>\n<\/blockquote>\n\n\n\n<blockquote class=\"wp-block-quote is-layout-flow wp-block-quote-is-layout-flow\">\n<p>\u201cEl mayor obst\u00e1culo para el \u00e9xito es el miedo al fracaso\u201d.\u201d<br><em>Ep\u00edstola 78, 64 d. C.<\/em><\/p>\n<\/blockquote>\n\n\n\n<blockquote class=\"wp-block-quote is-layout-flow wp-block-quote-is-layout-flow\">\n<p>\u201cVivir sin examinar la propia vida es vivir como un animal\u201d.\u201d<br><em>De Vita Beata, 58 d. C.<\/em><\/p>\n<\/blockquote>\n\n\n\n<blockquote class=\"wp-block-quote is-layout-flow wp-block-quote-is-layout-flow\">\n<p>\u201cLa riqueza no se mide por lo que tienes, sino por lo que puedes hacer sin ello\u201d.\u201d<br><em>Ep\u00edstola 5, 62 d. C.<\/em><\/p>\n<\/blockquote>\n\n\n\n<blockquote class=\"wp-block-quote is-layout-flow wp-block-quote-is-layout-flow\">\n<p>\u201cNo debemos esperar la felicidad como si fuera algo externo, sino que debemos cultivarla dentro de nosotros mismos\u201d.\u201d<br><em>Ep\u00edstola 7, 62 d. C.<\/em><\/p>\n<\/blockquote>\n\n\n\n<blockquote class=\"wp-block-quote is-layout-flow wp-block-quote-is-layout-flow\">\n<p>\u201cLa vida no es corta, pero la hacemos corta con nuestra negligencia\u201d.\u201d<br><em>De Brevitate Vitae, 49 d. C.<\/em><\/p>\n<\/blockquote>\n\n\n\n<blockquote class=\"wp-block-quote is-layout-flow wp-block-quote-is-layout-flow\">\n<p>\u201cEl tiempo es lo que m\u00e1s gastamos, pero lo que menos sabemos valorar\u201d.\u201d<br><em>De Brevitate Vitae, 49 d. C.<\/em><\/p>\n<\/blockquote>\n\n\n\n<blockquote class=\"wp-block-quote is-layout-flow wp-block-quote-is-layout-flow\">\n<p>\u201cNo se puede confiar en un hombre que busca la riqueza solo para s\u00ed mismo\u201d.\u201d<br><em>Ep\u00edstola 49, 63 d. C.<\/em><\/p>\n<\/blockquote>\n\n\n\n<blockquote class=\"wp-block-quote is-layout-flow wp-block-quote-is-layout-flow\">\n<p>\u201cLa verdadera libertad no consiste en hacer lo que queremos, sino en no dejarnos dominar por nuestros propios deseos\u201d.\u201d<br><em>Ep\u00edstola 33, 63 d. C.<\/em><\/p>\n<\/blockquote>\n\n\n\n<blockquote class=\"wp-block-quote is-layout-flow wp-block-quote-is-layout-flow\">\n<p>\u201cLa verdadera grandeza no consiste en ser admirado, sino en ser sabio y capaz de mantener la paz interior\u201d.\u201d<br><em>De Constantia Sapienti, 55 d. C.<\/em><\/p>\n<\/blockquote>\n\n\n\n<blockquote class=\"wp-block-quote is-layout-flow wp-block-quote-is-layout-flow\">\n<p>\u201cNuestro mayor error es pensar que lo que no podemos controlar debe controlarnos\u201d.\u201d<br><em>Ep\u00edstola 60, 63 d. C.<\/em><\/p>\n<\/blockquote>\n\n\n\n<blockquote class=\"wp-block-quote is-layout-flow wp-block-quote-is-layout-flow\">\n<p>\u201cLa \u00fanica forma de alcanzar la paz verdadera es mantener el control sobre nuestras emociones\u201d.\u201d<br><em>De Providentia, 58 d. C.<\/em><\/p>\n<\/blockquote>\n\n\n\n<blockquote class=\"wp-block-quote is-layout-flow wp-block-quote-is-layout-flow\">\n<p>\u201cLa felicidad no depende de lo que nos sucede, sino de c\u00f3mo reaccionamos ante lo que sucede\u201d.\u201d<br><em>De Vita Beata, 58 d. C.<\/em><\/p>\n<\/blockquote>\n\n\n\n<blockquote class=\"wp-block-quote is-layout-flow wp-block-quote-is-layout-flow\">\n<p>\u201cCada uno de nosotros es responsable de su propia felicidad\u201d.\u201d<br><em>Ep\u00edstola 66, 63 d. C.<\/em><\/p>\n<\/blockquote>\n\n\n\n<blockquote class=\"wp-block-quote is-layout-flow wp-block-quote-is-layout-flow\">\n<p>\u201cVivir sin objetivos es vivir sin rumbo\u201d.\u201d<br><em>Ep\u00edstola 7, 62 d. C.<\/em><\/p>\n<\/blockquote>\n\n\n\n<blockquote class=\"wp-block-quote is-layout-flow wp-block-quote-is-layout-flow\">\n<p>\u201cLo m\u00e1s importante en la vida no es lo que tienes, sino qui\u00e9n eres\u201d.\u201d<br><em>Ep\u00edstola 33, 63 d. C.<\/em><\/p>\n<\/blockquote>\n\n\n\n<blockquote class=\"wp-block-quote is-layout-flow wp-block-quote-is-layout-flow\">\n<p>\u201cLa sabidur\u00eda comienza con el autoconocimiento\u201d.\u201d<br><em>Ep\u00edstola 28, 62 d. C.<\/em><\/p>\n<\/blockquote>\n\n\n\n<blockquote class=\"wp-block-quote is-layout-flow wp-block-quote-is-layout-flow\">\n<p>\u201cEl sufrimiento es inevitable, pero la forma en que reaccionamos ante \u00e9l es nuestra elecci\u00f3n\u201d.\u201d<br><em>De Providentia, 58 d. C.<\/em><\/p>\n<\/blockquote>\n\n\n\n<blockquote class=\"wp-block-quote is-layout-flow wp-block-quote-is-layout-flow\">\n<p>\u201cEs mejor enfrentarse a la adversidad que dejarse dominar por el miedo\u201d.\u201d<br><em>Ep\u00edstola 79, 64 d. C.<\/em><\/p>\n<\/blockquote>\n\n\n\n<blockquote class=\"wp-block-quote is-layout-flow wp-block-quote-is-layout-flow\">\n<p>\u201cEl placer que buscamos en el exterior no es duradero, pero la paz interior s\u00ed lo es\u201d.\u201d<br><em>Ep\u00edstola 52, 63 d. C.<\/em><\/p>\n<\/blockquote>\n\n\n\n<blockquote class=\"wp-block-quote is-layout-flow wp-block-quote-is-layout-flow\">\n<p>\u201cNo dejes que el miedo al fracaso te impida intentarlo\u201d.\u201d<br><em>Ep\u00edstola 85, 64 d. C.<\/em><\/p>\n<\/blockquote>\n\n\n\n<blockquote class=\"wp-block-quote is-layout-flow wp-block-quote-is-layout-flow\">\n<p>\u201cEl mayor enemigo de la felicidad es la comparaci\u00f3n\u201d.\u201d<br><em>De Vita Beata, 58 d. C.<\/em><\/p>\n<\/blockquote>\n\n\n\n<blockquote class=\"wp-block-quote is-layout-flow wp-block-quote-is-layout-flow\">\n<p>\u201cLa calma ante el caos es la verdadera prueba de la <a href=\"https:\/\/mensagensqueinspiram.com.br\/es\/descubra-sua-grandeza\/\">fuerza interior<\/a>.\u201d<br><em>Ep\u00edstola 40, 63 d. C.<\/em><\/p>\n<\/blockquote>\n\n\n\n<blockquote class=\"wp-block-quote is-layout-flow wp-block-quote-is-layout-flow\">\n<p>\u201cCuando perdemos algo, descubrimos lo que realmente valoramos\u201d.\u201d<br><em>De Brevitate Vitae, 49 d. C.<\/em><\/p>\n<\/blockquote>\n\n\n\n<blockquote class=\"wp-block-quote is-layout-flow wp-block-quote-is-layout-flow\">\n<p>\u201cNunca ser\u00e1s libre si no aprendes a controlar tus propios pensamientos\u201d.\u201d<br><em>Ep\u00edstola 50, 63 d. C.<\/em><\/p>\n<\/blockquote>\n\n\n\n<blockquote class=\"wp-block-quote is-layout-flow wp-block-quote-is-layout-flow\">\n<p>\u201cLa vida de un hombre debe vivirse con un prop\u00f3sito y no al azar\u201d.\u201d<br><em>De Vita Beata, 58 d. C.<\/em><\/p>\n<\/blockquote>\n\n\n\n<blockquote class=\"wp-block-quote is-layout-flow wp-block-quote-is-layout-flow\">\n<p>\u201cLa verdadera fuerza es la capacidad de resistir la tentaci\u00f3n y vivir con disciplina\u201d.\u201d<br><em>Ep\u00edstola 44, 63 d. C.<\/em><\/p>\n<\/blockquote>\n\n\n\n<blockquote class=\"wp-block-quote is-layout-flow wp-block-quote-is-layout-flow\">\n<p>\u201cLo que nos hace grandes no son los bienes materiales, sino el car\u00e1cter\u201d.\u201d<br><em>De Constantia Sapienti, 55 d. C.<\/em><\/p>\n<\/blockquote>\n\n\n\n<blockquote class=\"wp-block-quote is-layout-flow wp-block-quote-is-layout-flow\">\n<p>\u201cLa adversidad nos ense\u00f1a m\u00e1s que la comodidad\u201d.\u201d<br><em>Ep\u00edstola 93, 64 d. C.<\/em><\/p>\n<\/blockquote>\n\n\n\n<figure class=\"wp-block-image size-full\"><img loading=\"lazy\" decoding=\"async\" width=\"1024\" height=\"768\" src=\"https:\/\/mensagensqueinspiram.com.br\/wp-content\/uploads\/2025\/01\/seneca-o-grande-filosofo-estoico-da-roma-antiga-tem-sido-1.png\" alt=\"Frases inspiradoras de S\u00e9neca\" class=\"wp-image-564\" srcset=\"https:\/\/mensagensqueinspiram.com.br\/wp-content\/uploads\/2025\/01\/seneca-o-grande-filosofo-estoico-da-roma-antiga-tem-sido-1.png 1024w, https:\/\/mensagensqueinspiram.com.br\/wp-content\/uploads\/2025\/01\/seneca-o-grande-filosofo-estoico-da-roma-antiga-tem-sido-1-300x225.png 300w, https:\/\/mensagensqueinspiram.com.br\/wp-content\/uploads\/2025\/01\/seneca-o-grande-filosofo-estoico-da-roma-antiga-tem-sido-1-768x576.png 768w, https:\/\/mensagensqueinspiram.com.br\/wp-content\/uploads\/2025\/01\/seneca-o-grande-filosofo-estoico-da-roma-antiga-tem-sido-1-640x480.png 640w\" sizes=\"auto, (max-width: 1024px) 100vw, 1024px\" \/><\/figure>\n\n\n\n<h3 class=\"wp-block-heading\"><span class=\"ez-toc-section\" id=\"Conclusao_Frases_Inspiradoras_de_Seneca\"><\/span><strong>Conclusi\u00f3n<\/strong>: Frases inspiradoras de S\u00e9neca<span class=\"ez-toc-section-end\"><\/span><\/h3>\n\n\n\n<p>S\u00e9neca nos ofrece un amplio repertorio de lecciones sobre la vida, el sufrimiento y la verdadera libertad. <\/p>\n\n\n\n<p>Sus palabras siguen siendo una gu\u00eda valiosa para quienes buscan vivir de manera m\u00e1s consciente, centr\u00e1ndose en lo que realmente importa y buscando el equilibrio interior. <\/p>\n\n\n\n<p>Nos ense\u00f1a que la felicidad no est\u00e1 fuera de nosotros, sino en la forma en que nos relacionamos con el mundo y con nuestros propios pensamientos y emociones. <\/p>\n\n\n\n<p>Al reflexionar sobre estas frases y aplicarlas a nuestra vida cotidiana, podemos encontrar la verdadera paz y el autoconocimiento, que son la clave para una vida m\u00e1s plena.<\/p>\n\n\n\n<p>Si desea continuar este viaje de autoconocimiento y buscar m\u00e1s mensajes inspiradores, visite nuestro blog. <a href=\"https:\/\/mensagensqueinspiram.com.br\/es\/\">Mensajes que inspiran<\/a>.<\/p>\n\n\n\n<p>Adem\u00e1s, para aprender m\u00e1s sobre la vida y las ense\u00f1anzas de S\u00e9neca, consulta el <a href=\"https:\/\/pt.wikipedia.org\/wiki\/S%C3%AAneca\" target=\"_blank\" rel=\"noreferrer noopener\">Art\u00edculo sobre S\u00e9neca en Wikipedia<\/a>.<\/p>\n\n\n\n<h3 class=\"wp-block-heading has-text-align-center has-theme-palette-9-color has-text-color has-background has-link-color wp-elements-ffbdc7c3bcb8b2d5663b648acc746951\" style=\"background-color:#150042\"><span class=\"ez-toc-section\" id=\"FAQ_Perguntas_Frequentes\"><\/span><strong>Preguntas frecuentes<\/strong><span class=\"ez-toc-section-end\"><\/span><\/h3>\n\n\n\n<figure class=\"wp-block-table is-style-stripes\"><table class=\"has-theme-palette-8-background-color has-background has-fixed-layout\"><thead><tr><th>PREGUNTAS<\/th><th>RESPUESTAS<\/th><\/tr><\/thead><tbody><tr><td><strong>\u00bfQui\u00e9n fue S\u00e9neca?<\/strong><\/td><td>S\u00e9neca fue un fil\u00f3sofo, escritor y estadista romano, uno de los representantes m\u00e1s importantes del estoicismo.<\/td><\/tr><tr><td><strong>\u00bfCu\u00e1les son los temas principales en las obras de S\u00e9neca?<\/strong><\/td><td>Abord\u00f3 temas como la \u00e9tica, la virtud, la muerte, la felicidad y el autocontrol.<\/td><\/tr><tr><td><strong>\u00bfCu\u00e1l era la relaci\u00f3n de S\u00e9neca con el emperador Ner\u00f3n?<\/strong><\/td><td>S\u00e9neca fue tutor y consejero de Ner\u00f3n, pero acab\u00f3 siendo obligado a suicidarse debido a intrigas pol\u00edticas.<\/td><\/tr><tr><td><strong>\u00bfCu\u00e1l es la principal lecci\u00f3n de los escritos de S\u00e9neca?<\/strong><\/td><td>La principal lecci\u00f3n de S\u00e9neca es que debemos vivir de acuerdo con la raz\u00f3n, controlar nuestras emociones y buscar la virtud para alcanzar la verdadera felicidad.<\/td><\/tr><tr><td><strong>\u00bfCu\u00e1les son las obras m\u00e1s conocidas de S\u00e9neca?<\/strong><\/td><td>Entre sus obras m\u00e1s conocidas se encuentran <em>De Brevitate Vitae<\/em>, <em>De Vita Beata<\/em>, <em>De Constantia Sapienti<\/em> y sus cartas morales.<\/td><\/tr><tr><td><strong>\u00bfCu\u00e1l es la influencia de S\u00e9neca en el pensamiento moderno?<\/strong><\/td><td>La filosof\u00eda de S\u00e9neca tuvo una gran influencia en corrientes filos\u00f3ficas y psicol\u00f3gicas modernas, como el estoicismo moderno y la psicolog\u00eda cognitiva.<\/td><\/tr><tr><td><strong>\u00bfEra S\u00e9neca un hombre rico?<\/strong><\/td><td>S\u00ed, S\u00e9neca fue uno de los hombres m\u00e1s ricos de Roma, pero predicaba la sencillez y la moderaci\u00f3n.<\/td><\/tr><tr><td><strong>\u00bfC\u00f3mo puedo aplicar las ense\u00f1anzas de S\u00e9neca en mi vida?<\/strong><\/td><td>Puedes empezar reflexionando sobre tus emociones, tratando de ser m\u00e1s racional y aceptando lo que no se puede cambiar, siempre centr\u00e1ndote en el autocontrol y la paz interior.<\/td><\/tr><\/tbody><\/table><\/figure>","protected":false},"excerpt":{"rendered":"<p>Frases inspiradoras de S\u00e9neca: S\u00e9neca, el gran fil\u00f3sofo estoico de la Antigua Roma, ha sido una fuente inagotable de inspiraci\u00f3n y sabidur\u00eda durante m\u00e1s de dos mil a\u00f1os. Sus reflexiones sobre la vida, la muerte, la felicidad, la virtud y el control de las emociones siguen siendo tan relevantes hoy como lo fueron en su \u00e9poca. En...<\/p>","protected":false},"author":1,"featured_media":562,"comment_status":"open","ping_status":"open","sticky":false,"template":"","format":"standard","meta":{"rop_custom_images_group":[],"rop_custom_messages_group":[],"rop_publish_now":"initial","rop_publish_now_accounts":{"facebook_122186298128049666_540220039169035":""},"rop_publish_now_history":[],"rop_publish_now_status":"pending","rank_math_focus_keyword":"Frases Inspiradoras de S\u00eaneca,S\u00eaneca","rank_math_description":"Frases Inspiradoras de S\u00eaneca: Descubra li\u00e7\u00f5es valiosas de S\u00eaneca e transforme sua vida com frases inspiradoras que promovem consci\u00eancia e plenitude.","_kad_post_transparent":"","_kad_post_title":"","_kad_post_layout":"","_kad_post_sidebar_id":"","_kad_post_content_style":"","_kad_post_vertical_padding":"","_kad_post_feature":"","_kad_post_feature_position":"","_kad_post_header":false,"_kad_post_footer":false,"_kad_post_classname":"","_jetpack_memberships_contains_paid_content":false,"footnotes":"","jetpack_publicize_message":"","jetpack_publicize_feature_enabled":true,"jetpack_social_post_already_shared":true,"jetpack_social_options":{"image_generator_settings":{"template":"highway","enabled":false},"version":2}},"categories":[23],"tags":[172,170,20,169,171],"class_list":["post-559","post","type-post","status-publish","format-standard","has-post-thumbnail","hentry","category-grandes-autores","tag-autocontrole","tag-filosofia-estoica","tag-frases-inspiradoras","tag-sabedoria-antiga","tag-seneca"],"jetpack_publicize_connections":[],"jetpack_featured_media_url":"https:\/\/mensagensqueinspiram.com.br\/wp-content\/uploads\/2025\/01\/create-a-high-resolution-highly-detailed-image-depicting-the-essence-of-1.png","jetpack_sharing_enabled":true,"_links":{"self":[{"href":"https:\/\/mensagensqueinspiram.com.br\/es\/wp-json\/wp\/v2\/posts\/559","targetHints":{"allow":["GET"]}}],"collection":[{"href":"https:\/\/mensagensqueinspiram.com.br\/es\/wp-json\/wp\/v2\/posts"}],"about":[{"href":"https:\/\/mensagensqueinspiram.com.br\/es\/wp-json\/wp\/v2\/types\/post"}],"author":[{"embeddable":true,"href":"https:\/\/mensagensqueinspiram.com.br\/es\/wp-json\/wp\/v2\/users\/1"}],"replies":[{"embeddable":true,"href":"https:\/\/mensagensqueinspiram.com.br\/es\/wp-json\/wp\/v2\/comments?post=559"}],"version-history":[{"count":1,"href":"https:\/\/mensagensqueinspiram.com.br\/es\/wp-json\/wp\/v2\/posts\/559\/revisions"}],"predecessor-version":[{"id":565,"href":"https:\/\/mensagensqueinspiram.com.br\/es\/wp-json\/wp\/v2\/posts\/559\/revisions\/565"}],"wp:featuredmedia":[{"embeddable":true,"href":"https:\/\/mensagensqueinspiram.com.br\/es\/wp-json\/wp\/v2\/media\/562"}],"wp:attachment":[{"href":"https:\/\/mensagensqueinspiram.com.br\/es\/wp-json\/wp\/v2\/media?parent=559"}],"wp:term":[{"taxonomy":"category","embeddable":true,"href":"https:\/\/mensagensqueinspiram.com.br\/es\/wp-json\/wp\/v2\/categories?post=559"},{"taxonomy":"post_tag","embeddable":true,"href":"https:\/\/mensagensqueinspiram.com.br\/es\/wp-json\/wp\/v2\/tags?post=559"}],"curies":[{"name":"wp","href":"https:\/\/api.w.org\/{rel}","templated":true}]}}