{"id":888,"date":"2025-03-07T18:03:00","date_gmt":"2025-03-07T21:03:00","guid":{"rendered":"https:\/\/mensagensqueinspiram.com.br\/?p=888"},"modified":"2025-02-28T19:13:32","modified_gmt":"2025-02-28T22:13:32","slug":"la-fuerza-esta-dentro-de-ti","status":"publish","type":"post","link":"https:\/\/mensagensqueinspiram.com.br\/es\/a-forca-esta-dentro-de-voce\/","title":{"rendered":"La fuerza est\u00e1 dentro de ti"},"content":{"rendered":"<div id=\"ez-toc-container\" class=\"ez-toc-v2_0_82_2 counter-hierarchy ez-toc-counter ez-toc-custom ez-toc-container-direction\">\n<div class=\"ez-toc-title-container\">\n<p class=\"ez-toc-title\" style=\"cursor:inherit\">\u00cdndice<\/p>\n<span class=\"ez-toc-title-toggle\"><a href=\"#\" class=\"ez-toc-pull-right ez-toc-btn ez-toc-btn-xs ez-toc-btn-default ez-toc-toggle\" aria-label=\"Cambiar la tabla de contenidos\"><span class=\"ez-toc-js-icon-con\"><span class=\"\"><span class=\"eztoc-hide\" style=\"display:none;\">Alternar<\/span><span class=\"ez-toc-icon-toggle-span\"><svg style=\"fill: #150042;color:#150042\" xmlns=\"http:\/\/www.w3.org\/2000\/svg\" class=\"list-377408\" width=\"20px\" height=\"20px\" viewbox=\"0 0 24 24\" fill=\"none\"><path d=\"M6 6H4v2h2V6zm14 0H8v2h12V6zM4 11h2v2H4v-2zm16 0H8v2h12v-2zM4 16h2v2H4v-2zm16 0H8v2h12v-2z\" fill=\"currentColor\"><\/path><\/svg><svg style=\"fill: #150042;color:#150042\" class=\"arrow-unsorted-368013\" xmlns=\"http:\/\/www.w3.org\/2000\/svg\" width=\"10px\" height=\"10px\" viewbox=\"0 0 24 24\" version=\"1.2\" baseprofile=\"tiny\"><path d=\"M18.2 9.3l-6.2-6.3-6.2 6.3c-.2.2-.3.4-.3.7s.1.5.3.7c.2.2.4.3.7.3h11c.3 0 .5-.1.7-.3.2-.2.3-.5.3-.7s-.1-.5-.3-.7zM5.8 14.7l6.2 6.3 6.2-6.3c.2-.2.3-.5.3-.7s-.1-.5-.3-.7c-.2-.2-.4-.3-.7-.3h-11c-.3 0-.5.1-.7.3-.2.2-.3.5-.3.7s.1.5.3.7z\"\/><\/svg><\/span><\/span><\/span><\/a><\/span><\/div>\n<nav><ul class='ez-toc-list ez-toc-list-level-1 eztoc-toggle-hide-by-default' ><li class='ez-toc-page-1 ez-toc-heading-level-2'><a class=\"ez-toc-link ez-toc-heading-1\" href=\"https:\/\/mensagensqueinspiram.com.br\/es\/a-forca-esta-dentro-de-voce\/#Introducao_Descobrindo_Sua_Forca_Interior\" >Introducci\u00f3n: Descubre tu fuerza interior<\/a><ul class='ez-toc-list-level-3' ><li class='ez-toc-heading-level-3'><a class=\"ez-toc-link ez-toc-heading-2\" href=\"https:\/\/mensagensqueinspiram.com.br\/es\/a-forca-esta-dentro-de-voce\/#Citacoes_Inspiradoras_e_Reflexoes_Profundas\" >Citas inspiradoras y reflexiones profundas<\/a><\/li><li class='ez-toc-page-1 ez-toc-heading-level-3'><a class=\"ez-toc-link ez-toc-heading-3\" href=\"https:\/\/mensagensqueinspiram.com.br\/es\/a-forca-esta-dentro-de-voce\/#Como_a_Forca_Interior_Transforma_a_Sua_Vida\" >C\u00f3mo la fuerza interior transforma tu vida<\/a><\/li><\/ul><\/li><li class='ez-toc-page-1 ez-toc-heading-level-2'><a class=\"ez-toc-link ez-toc-heading-4\" href=\"https:\/\/mensagensqueinspiram.com.br\/es\/a-forca-esta-dentro-de-voce\/#A_forca_esta_dentro_de_voce_Canalize_sua_Energia_e_Determinacao\" >El poder est\u00e1 dentro de ti: Canaliza tu energ\u00eda y determinaci\u00f3n<\/a><ul class='ez-toc-list-level-3' ><li class='ez-toc-heading-level-3'><a class=\"ez-toc-link ez-toc-heading-5\" href=\"https:\/\/mensagensqueinspiram.com.br\/es\/a-forca-esta-dentro-de-voce\/#Vontade_Indomavel_e_as_Licoes_de_Gandhi_e_Dalai_Lama\" >La voluntad indomable y las lecciones de Gandhi y el Dalai Lama<\/a><\/li><li class='ez-toc-page-1 ez-toc-heading-level-3'><a class=\"ez-toc-link ez-toc-heading-6\" href=\"https:\/\/mensagensqueinspiram.com.br\/es\/a-forca-esta-dentro-de-voce\/#O_Papel_do_Esforco_e_da_Autoconfianca_no_Crescimento_Pessoal\" >El papel del esfuerzo y la confianza en uno mismo en el crecimiento personal<\/a><\/li><\/ul><\/li><li class='ez-toc-page-1 ez-toc-heading-level-2'><a class=\"ez-toc-link ez-toc-heading-7\" href=\"https:\/\/mensagensqueinspiram.com.br\/es\/a-forca-esta-dentro-de-voce\/#Estrategias_Praticas_para_Desenvolver_Forca_Vida_e_Resiliencia\" >Estrategias pr\u00e1cticas para desarrollar la fuerza, la vida y la resiliencia<\/a><ul class='ez-toc-list-level-3' ><li class='ez-toc-heading-level-3'><a class=\"ez-toc-link ez-toc-heading-8\" href=\"https:\/\/mensagensqueinspiram.com.br\/es\/a-forca-esta-dentro-de-voce\/#Autoconhecimento_Seja_o_Seu_Proprio_Psicologo\" >Autoconocimiento: sea su propio psic\u00f3logo<\/a><\/li><li class='ez-toc-page-1 ez-toc-heading-level-3'><a class=\"ez-toc-link ez-toc-heading-9\" href=\"https:\/\/mensagensqueinspiram.com.br\/es\/a-forca-esta-dentro-de-voce\/#Mudanca_Positiva_Atitude_e_Persistencia_nos_Desafios_Cotidianos\" >Cambio positivo: actitud y persistencia ante los retos cotidianos<\/a><\/li><\/ul><\/li><li class='ez-toc-page-1 ez-toc-heading-level-2'><a class=\"ez-toc-link ez-toc-heading-10\" href=\"https:\/\/mensagensqueinspiram.com.br\/es\/a-forca-esta-dentro-de-voce\/#Conclusao_Reforcando_a_Sua_Jornada_de_Superacao\" >Conclusi\u00f3n: Reforzar su camino de superaci\u00f3n<\/a><\/li><li class='ez-toc-page-1 ez-toc-heading-level-2'><a class=\"ez-toc-link ez-toc-heading-11\" href=\"https:\/\/mensagensqueinspiram.com.br\/es\/a-forca-esta-dentro-de-voce\/#FAQ\" >Preguntas frecuentes<\/a><ul class='ez-toc-list-level-3' ><li class='ez-toc-heading-level-3'><a class=\"ez-toc-link ez-toc-heading-12\" href=\"https:\/\/mensagensqueinspiram.com.br\/es\/a-forca-esta-dentro-de-voce\/#Como_posso_descobrir_minha_forca_interior\" >\u00bfC\u00f3mo puedo descubrir mi fuerza interior?<\/a><\/li><li class='ez-toc-page-1 ez-toc-heading-level-3'><a class=\"ez-toc-link ez-toc-heading-13\" href=\"https:\/\/mensagensqueinspiram.com.br\/es\/a-forca-esta-dentro-de-voce\/#De_que_forma_a_forca_interior_transforma_a_vida\" >\u00bfC\u00f3mo transforma la vida la fuerza interior?<\/a><\/li><li class='ez-toc-page-1 ez-toc-heading-level-3'><a class=\"ez-toc-link ez-toc-heading-14\" href=\"https:\/\/mensagensqueinspiram.com.br\/es\/a-forca-esta-dentro-de-voce\/#Qual_e_o_papel_do_esforco_no_crescimento_pessoal\" >\u00bfQu\u00e9 papel desempe\u00f1a el esfuerzo en el crecimiento personal?<\/a><\/li><li class='ez-toc-page-1 ez-toc-heading-level-3'><a class=\"ez-toc-link ez-toc-heading-15\" href=\"https:\/\/mensagensqueinspiram.com.br\/es\/a-forca-esta-dentro-de-voce\/#Como_posso_desenvolver_resiliencia_no_dia_a_dia\" >\u00bfC\u00f3mo puedo desarrollar la resiliencia a diario?<\/a><\/li><li class='ez-toc-page-1 ez-toc-heading-level-3'><a class=\"ez-toc-link ez-toc-heading-16\" href=\"https:\/\/mensagensqueinspiram.com.br\/es\/a-forca-esta-dentro-de-voce\/#Por_que_a_determinacao_e_importante_para_canalizar_energia\" >\u00bfPor qu\u00e9 es importante la determinaci\u00f3n para canalizar la energ\u00eda?<\/a><\/li><\/ul><\/li><li class='ez-toc-page-1 ez-toc-heading-level-2'><a class=\"ez-toc-link ez-toc-heading-17\" href=\"https:\/\/mensagensqueinspiram.com.br\/es\/a-forca-esta-dentro-de-voce\/#Links_de_Fontes\" >Enlaces de fuentes<\/a><\/li><\/ul><\/nav><\/div>\n\n<p><strong>La fuerza est\u00e1 en ti<\/strong>\u00bfTe has parado a pensar alguna vez que la verdadera transformaci\u00f3n comienza cuando reconoces el poder que llevas contigo?<\/p>\n\n\n\n<p>La vida nos presenta retos, pero es en la forma en que afrontamos estos momentos donde descubrimos nuestra esencia.<\/p>\n\n\n\n<p>Los grandes l\u00edderes, como <a href=\"https:\/\/mensagensqueinspiram.com.br\/es\/gandhi-em-frases\/\">Gandhi<\/a>, nos demostr\u00f3 que la fuerza no reside en la resistencia f\u00edsica, sino en <strong>voluntad indomable<\/strong> para seguir adelante.<\/p>\n\n\n\n<p>Reconocer y valorar tu energ\u00eda personal puede cambiar por completo tu forma de vivir. Cuando comprendes que <em>fuerza<\/em> necesario para superar los obst\u00e1culos ya existe dentro de ti, todo se hace posible.<\/p>\n\n\n\n<p>Este descubrimiento no s\u00f3lo refuerza la confianza en uno mismo, sino que tambi\u00e9n abre las puertas a un viaje de autoconocimiento y empoderamiento.<\/p>\n\n\n\n<p>Empieza a explorar este potencial hoy mismo. Cr\u00e9eme: la transformaci\u00f3n que buscas est\u00e1 m\u00e1s cerca de lo que crees.<\/p>\n\n\n\n<p>Para inspirarte a\u00fan m\u00e1s, echa un vistazo a esto. <a href=\"https:\/\/www.mundodasmensagens.com\/mensagem\/a-forca-esta-em-voce.html\" target=\"_blank\" rel=\"noopener\">mensaje motivador<\/a> que subraya la importancia de creer en uno mismo.<\/p>\n\n\n\n<h2 class=\"wp-block-heading\"><span class=\"ez-toc-section\" id=\"Introducao_Descobrindo_Sua_Forca_Interior\"><\/span>Introducci\u00f3n: Descubre tu fuerza interior<span class=\"ez-toc-section-end\"><\/span><\/h2>\n\n\n\n<p>Descubrir tu esencia es el primer paso hacia una vida plena y con sentido. A <a href=\"https:\/\/mensagensqueinspiram.com.br\/es\/descubra-sua-grandeza\/\">fuerza interior<\/a> es la base para superar los retos y alcanzar tus objetivos. Ya lo dec\u00edan grandes pensadores, como Immanuel Kant:<\/p>\n\n\n\n<blockquote class=\"wp-block-quote is-layout-flow wp-block-quote-is-layout-flow\">\n<p>\u201cToda reforma interior y todo cambio a mejor dependen exclusivamente de la aplicaci\u00f3n de nuestro propio esfuerzo\u201d.\u201d<\/p>\n<\/blockquote>\n\n\n<div class=\"wp-block-image\">\n<figure class=\"aligncenter\"><img loading=\"lazy\" decoding=\"async\" width=\"1024\" height=\"768\" src=\"https:\/\/mensagensqueinspiram.com.br\/wp-content\/uploads\/2025\/02\/forca-interior.jpg\" alt=\"La fuerza est\u00e1 dentro de ti\" class=\"wp-image-890\" title=\"fuerza interior\" srcset=\"https:\/\/mensagensqueinspiram.com.br\/wp-content\/uploads\/2025\/02\/forca-interior.jpg 1024w, https:\/\/mensagensqueinspiram.com.br\/wp-content\/uploads\/2025\/02\/forca-interior-300x225.jpg 300w, https:\/\/mensagensqueinspiram.com.br\/wp-content\/uploads\/2025\/02\/forca-interior-768x576.jpg 768w, https:\/\/mensagensqueinspiram.com.br\/wp-content\/uploads\/2025\/02\/forca-interior-640x480.jpg 640w\" sizes=\"auto, (max-width: 1024px) 100vw, 1024px\" \/><\/figure>\n<\/div>\n\n\n<p>Gandhi subray\u00f3 la importancia de <strong>voluntad indomable<\/strong>, mientras que <a href=\"https:\/\/mensagensqueinspiram.com.br\/es\/dalai-lama-em-20-licoes-inspiradoras\/\">Dalai Lama<\/a> hizo hincapi\u00e9 en la confianza en uno mismo y la paz interior.<\/p>\n\n\n\n<p>Augusto Cury, por su parte, destac\u00f3 que la superaci\u00f3n y la madurez emocional son frutos del autoconocimiento. Estas reflexiones muestran c\u00f3mo la fuerza interior puede transformar tu vida.<\/p>\n\n\n\n<h3 class=\"wp-block-heading\"><span class=\"ez-toc-section\" id=\"Citacoes_Inspiradoras_e_Reflexoes_Profundas\"><\/span>Citas inspiradoras y reflexiones profundas<span class=\"ez-toc-section-end\"><\/span><\/h3>\n\n\n\n<p>Reflexionar sobre estas ideas puede cambiar tu visi\u00f3n del mundo. La fuerza interior no es algo que busques fuera, sino algo que ya existe dentro de ti. Como dijo el Dalai Lama:<\/p>\n\n\n\n<blockquote class=\"wp-block-quote is-layout-flow wp-block-quote-is-layout-flow\">\n<p>\u201cLa paz interior comienza cuando eliges no permitir que otra persona o acontecimiento controle tus emociones\u201d.\u201d<\/p>\n<\/blockquote>\n\n\n\n<h3 class=\"wp-block-heading\"><span class=\"ez-toc-section\" id=\"Como_a_Forca_Interior_Transforma_a_Sua_Vida\"><\/span>C\u00f3mo la fuerza interior transforma tu vida<span class=\"ez-toc-section-end\"><\/span><\/h3>\n\n\n\n<p>Cuando reconoces y valoras tu energ\u00eda personal, todo cambia. La fuerza interior ayuda a convertir los retos en oportunidades. Comprueba c\u00f3mo se aplica esto a la vida cotidiana:<\/p>\n\n\n\n<figure class=\"wp-block-table\"><table class=\"has-fixed-layout\"><tbody><tr><th>Situaci\u00f3n<\/th><th>Sin fuerza interior<\/th><th>Con fuerza interior<\/th><\/tr><tr><td>Retos profesionales<\/td><td>Frustraci\u00f3n y des\u00e1nimo<\/td><td>Resiliencia y aprendizaje<\/td><\/tr><tr><td>Relaciones<\/td><td>Conflicto constante<\/td><td>Comunicaci\u00f3n y empat\u00eda<\/td><\/tr><tr><td>Autoconocimiento<\/td><td>Inseguridad<\/td><td>Confianza y claridad<\/td><\/tr><\/tbody><\/table><\/figure>\n\n\n\n<p>Para inspirarse a\u00fan m\u00e1s, consulte <a href=\"https:\/\/mensagensqueinspiram.com.br\/es\/sobre-nosotros\/\" target=\"_blank\" rel=\"noopener\">mensajes inspiradores<\/a> e inicie hoy mismo su viaje de autoconocimiento.<\/p>\n\n\n\n<h2 class=\"wp-block-heading\"><span class=\"ez-toc-section\" id=\"A_forca_esta_dentro_de_voce_Canalize_sua_Energia_e_Determinacao\"><\/span>El poder est\u00e1 dentro de ti: Canaliza tu energ\u00eda y determinaci\u00f3n<span class=\"ez-toc-section-end\"><\/span><\/h2>\n\n\n\n<p>\u00bfTe has dado cuenta de que el verdadero cambio comienza cuando decides actuar con determinaci\u00f3n? Canalizar tu energ\u00eda y determinaci\u00f3n es esencial para alcanzar objetivos y superar retos.<\/p>\n\n\n\n<p>Grandes l\u00edderes, como Gandhi y el Dalai Lama, nos han ense\u00f1ado que la <strong>voluntad indomable<\/strong> es la clave para transformar tu propia vida.<\/p>\n\n\n<div class=\"wp-block-image\">\n<figure class=\"aligncenter\"><img loading=\"lazy\" decoding=\"async\" width=\"1024\" height=\"768\" src=\"https:\/\/mensagensqueinspiram.com.br\/wp-content\/uploads\/2025\/02\/canalizar-energia-e-determinacao.jpg\" alt=\"canalizar la energ\u00eda y la determinaci\u00f3n\" class=\"wp-image-891\" title=\"canalizar la energ\u00eda y la determinaci\u00f3n\" srcset=\"https:\/\/mensagensqueinspiram.com.br\/wp-content\/uploads\/2025\/02\/canalizar-energia-e-determinacao.jpg 1024w, https:\/\/mensagensqueinspiram.com.br\/wp-content\/uploads\/2025\/02\/canalizar-energia-e-determinacao-300x225.jpg 300w, https:\/\/mensagensqueinspiram.com.br\/wp-content\/uploads\/2025\/02\/canalizar-energia-e-determinacao-768x576.jpg 768w, https:\/\/mensagensqueinspiram.com.br\/wp-content\/uploads\/2025\/02\/canalizar-energia-e-determinacao-640x480.jpg 640w\" sizes=\"auto, (max-width: 1024px) 100vw, 1024px\" \/><\/figure>\n<\/div>\n\n\n<h3 class=\"wp-block-heading\"><span class=\"ez-toc-section\" id=\"Vontade_Indomavel_e_as_Licoes_de_Gandhi_e_Dalai_Lama\"><\/span>La voluntad indomable y las lecciones de Gandhi y el Dalai Lama<span class=\"ez-toc-section-end\"><\/span><\/h3>\n\n\n\n<p>Gandhi demostr\u00f3 que <em>fuerza<\/em> no est\u00e1 en la resistencia f\u00edsica, sino en la capacidad de mantenerse firme en sus principios.<\/p>\n\n\n\n<p>Lider\u00f3 movimientos pac\u00edficos que cambiaron el rumbo de una naci\u00f3n. El Dalai Lama, por su parte, insiste en la importancia de la paz interior y la confianza en uno mismo para afrontar la adversidad.<\/p>\n\n\n\n<p>Estos ejemplos demuestran que el desarrollo de un <strong>voluntad indomable<\/strong>, puedes convertir los retos en oportunidades. La clave est\u00e1 en creer en tu potencial y actuar con determinaci\u00f3n.<\/p>\n\n\n\n<h3 class=\"wp-block-heading\"><span class=\"ez-toc-section\" id=\"O_Papel_do_Esforco_e_da_Autoconfianca_no_Crescimento_Pessoal\"><\/span>El papel del esfuerzo y la confianza en uno mismo en el crecimiento personal<span class=\"ez-toc-section-end\"><\/span><\/h3>\n\n\n\n<p>O <em>esfuerzo<\/em> La mejora continua es fundamental para el crecimiento personal. Cuando te dedicas a mejorar cada d\u00eda, fortaleces tu mente y tu personalidad.<\/p>\n\n\n\n<p>La confianza en uno mismo, en cambio, se construye a trav\u00e9s de peque\u00f1os logros que refuerzan tu capacidad para superar obst\u00e1culos.<\/p>\n\n\n\n<p>Comprueba c\u00f3mo el esfuerzo y la confianza en uno mismo se aplican en distintos \u00e1mbitos de la vida:<\/p>\n\n\n\n<figure class=\"wp-block-table\"><table class=\"has-fixed-layout\"><tbody><tr><th>\u00c1rea<\/th><th>Sin esfuerzo<\/th><th>Con esfuerzo<\/th><\/tr><tr><td>Profesional<\/td><td>Estancamiento<\/td><td>Progreso constante<\/td><\/tr><tr><td>Relaciones<\/td><td>Conflictos frecuentes<\/td><td>Armon\u00eda y comprensi\u00f3n<\/td><\/tr><tr><td>Autoconocimiento<\/td><td>Inseguridad<\/td><td>Claridad y confianza<\/td><\/tr><\/tbody><\/table><\/figure>\n\n\n\n<p>Al reconocer tu poder interior y canalizar tu energ\u00eda, te conviertes en la mejor versi\u00f3n de ti mismo. Empieza hoy mismo a practicar el esfuerzo diario y ver\u00e1s c\u00f3mo cambia tu vida.<\/p>\n\n\n\n<h2 class=\"wp-block-heading\"><span class=\"ez-toc-section\" id=\"Estrategias_Praticas_para_Desenvolver_Forca_Vida_e_Resiliencia\"><\/span>Estrategias pr\u00e1cticas para desarrollar la fuerza, la vida y la resiliencia<span class=\"ez-toc-section-end\"><\/span><\/h2>\n\n\n\n<p>Cultivar la resiliencia y la fuerza interior es un proceso que requiere dedicaci\u00f3n y autoconocimiento. Con las t\u00e9cnicas adecuadas, puedes convertir los retos en oportunidades de crecimiento. La clave est\u00e1 en actuar con determinaci\u00f3n y persistencia.<\/p>\n\n\n\n<figure class=\"wp-block-embed is-type-video is-provider-youtube wp-block-embed-youtube wp-embed-aspect-16-9 wp-has-aspect-ratio\"><div class=\"wp-block-embed__wrapper\">\n<iframe loading=\"lazy\" title=\"8 MANERAS DE FORTALECER TU MENTE Y AUMENTAR TU RESILIENCIA - Dr Cesar Psiquiatra\" width=\"720\" height=\"405\" src=\"https:\/\/www.youtube.com\/embed\/vfXrS2u35kI?feature=oembed\" frameborder=\"0\" allow=\"accelerometer; autoplay; clipboard-write; encrypted-media; gyroscope; picture-in-picture; web-share\" referrerpolicy=\"strict-origin-when-cross-origin\" allowfullscreen><\/iframe>\n<\/div><\/figure>\n\n\n\n<h3 class=\"wp-block-heading\"><span class=\"ez-toc-section\" id=\"Autoconhecimento_Seja_o_Seu_Proprio_Psicologo\"><\/span>Autoconocimiento: sea su propio psic\u00f3logo<span class=\"ez-toc-section-end\"><\/span><\/h3>\n\n\n\n<p>Comprender tus emociones y pensamientos es el primer paso para desarrollar <strong>fuerza<\/strong> interior. Al autoevaluarte, puedes identificar patrones que pueden estar limitando tu potencial.<\/p>\n\n\n\n<p>T\u00e9cnicas como la meditaci\u00f3n y la escritura terap\u00e9utica ayudan a despejar la mente y favorecen el autoconocimiento.<\/p>\n\n\n\n<p>Asumir la responsabilidad de tus decisiones es esencial. Cuando act\u00faas como tu propio psic\u00f3logo, puedes identificar las ra\u00edces de los retos emocionales y encontrar soluciones eficaces.<\/p>\n\n\n\n<h3 class=\"wp-block-heading\"><span class=\"ez-toc-section\" id=\"Mudanca_Positiva_Atitude_e_Persistencia_nos_Desafios_Cotidianos\"><\/span>Cambio positivo: actitud y persistencia ante los retos cotidianos<span class=\"ez-toc-section-end\"><\/span><\/h3>\n\n\n\n<p>Mantener una actitud positiva ante la adversidad es crucial. Cada <em>vez<\/em> Cuando te enfrentas a un obst\u00e1culo, se refuerza tu capacidad para superarlo.<\/p>\n\n\n\n<p>La persistencia es la clave para convertir los momentos dif\u00edciles en oportunidades de aprendizaje.<\/p>\n\n\n\n<p>Practicar la gratitud y centrarse en las peque\u00f1as victorias diarias son estrategias que ayudan a mantener el equilibrio emocional. Estas pr\u00e1cticas refuerzan la resiliencia y la confianza en uno mismo.<\/p>\n\n\n\n<p>Vea c\u00f3mo <strong>esfuerzo<\/strong> diaria puede afectar a diferentes \u00e1reas de su <em>vida<\/em>:<\/p>\n\n\n\n<figure class=\"wp-block-table\"><table class=\"has-fixed-layout\"><tbody><tr><th>\u00c1rea<\/th><th>Sin esfuerzo<\/th><th>Con esfuerzo<\/th><\/tr><tr><td>Profesional<\/td><td>Estancamiento<\/td><td>Progreso constante<\/td><\/tr><tr><td>Relaciones<\/td><td>Conflictos frecuentes<\/td><td>Armon\u00eda y comprensi\u00f3n<\/td><\/tr><tr><td>Autoconocimiento<\/td><td>Inseguridad<\/td><td>Claridad y confianza<\/td><\/tr><\/tbody><\/table><\/figure>\n\n\n\n<p>Para saber m\u00e1s sobre el tema, consulte esta completa gu\u00eda sobre c\u00f3mo <a href=\"https:\/\/orienteme.com.br\/blog\/resiliencia-o-que-e-como-desenvolver-e-como-a-terapia-ajuda\/\" target=\"_blank\" rel=\"noopener\">desarrollar la resiliencia<\/a> y transformar tu vida.<\/p>\n\n\n\n<h2 class=\"wp-block-heading\"><span class=\"ez-toc-section\" id=\"Conclusao_Reforcando_a_Sua_Jornada_de_Superacao\"><\/span>Conclusi\u00f3n: Reforzar su camino de superaci\u00f3n<span class=\"ez-toc-section-end\"><\/span><\/h2>\n\n\n\n<p>Cada paso que das hacia el autoconocimiento refuerza tu trayectoria personal. A <strong>fuerza<\/strong> El yo interior es la base para afrontar los retos y convertir los obst\u00e1culos en oportunidades. Cuando crees en tu potencial, todo se vuelve posible.<\/p>\n\n\n\n<p>O <em>esfuerzo<\/em> y la confianza en uno mismo son esenciales para superar las dificultades. Cada <strong>vez<\/strong> Cuando decides actuar, est\u00e1s construyendo una versi\u00f3n m\u00e1s resistente de ti mismo.<\/p>\n\n\n\n<p>Cr\u00e9eme: el cambio empieza cuando tomas las riendas de tu historia.<\/p>\n\n\n\n<p>Sigue buscando el autoconocimiento y valorando tus logros. La verdadera transformaci\u00f3n viene de dentro, y t\u00fa tienes todo el poder para alcanzar tus metas. No te rindas: tu viaje es \u00fanico y est\u00e1 lleno de posibilidades.<\/p>\n\n\n\n<section class=\"schema-section\">\n<h2><span class=\"ez-toc-section\" id=\"FAQ\"><\/span>Preguntas frecuentes<span class=\"ez-toc-section-end\"><\/span><\/h2>\n<div>\n<h3><span class=\"ez-toc-section\" id=\"Como_posso_descobrir_minha_forca_interior\"><\/span>\u00bfC\u00f3mo puedo descubrir mi fuerza interior?<span class=\"ez-toc-section-end\"><\/span><\/h3>\n<div>\n<div>\n<p>Empieza por el autoconocimiento. Reflexiona sobre tus experiencias y valores. La meditaci\u00f3n y la lectura de citas inspiradoras pueden ayudar a despertar esta energ\u00eda.<\/p>\n<\/div>\n<\/div>\n<\/div>\n<div>\n<h3><span class=\"ez-toc-section\" id=\"De_que_forma_a_forca_interior_transforma_a_vida\"><\/span>\u00bfC\u00f3mo transforma la vida la fuerza interior?<span class=\"ez-toc-section-end\"><\/span><\/h3>\n<div>\n<div>\n<p>Fortalece la resiliencia, ayuda a superar los retos y aporta claridad a la hora de tomar decisiones. Gandhi y el Dalai Lama son ejemplos de c\u00f3mo esta fuerza puede cambiar vidas.<\/p>\n<\/div>\n<\/div>\n<\/div>\n<div>\n<h3><span class=\"ez-toc-section\" id=\"Qual_e_o_papel_do_esforco_no_crescimento_pessoal\"><\/span>\u00bfQu\u00e9 papel desempe\u00f1a el esfuerzo en el crecimiento personal?<span class=\"ez-toc-section-end\"><\/span><\/h3>\n<div>\n<div>\n<p>El esfuerzo es esencial para alcanzar los objetivos. Combinado con la confianza en uno mismo, impulsa tu camino hacia la excelencia y el desarrollo.<\/p>\n<\/div>\n<\/div>\n<\/div>\n<div>\n<h3><span class=\"ez-toc-section\" id=\"Como_posso_desenvolver_resiliencia_no_dia_a_dia\"><\/span>\u00bfC\u00f3mo puedo desarrollar la resiliencia a diario?<span class=\"ez-toc-section-end\"><\/span><\/h3>\n<div>\n<div>\n<p>Cultivar una actitud positiva y persistente. Los peque\u00f1os cambios de h\u00e1bitos y la pr\u00e1ctica de estrategias de autoconocimiento son fundamentales.<\/p>\n<\/div>\n<\/div>\n<\/div>\n<div>\n<h3><span class=\"ez-toc-section\" id=\"Por_que_a_determinacao_e_importante_para_canalizar_energia\"><\/span>\u00bfPor qu\u00e9 es importante la determinaci\u00f3n para canalizar la energ\u00eda?<span class=\"ez-toc-section-end\"><\/span><\/h3>\n<div>\n<div>\n<p>La determinaci\u00f3n te mantiene centrado y dirige tu energ\u00eda hacia objetivos concretos. Es la clave para convertir los sue\u00f1os en realidad.<\/p>\n<\/div>\n<\/div>\n<\/div>\n<\/section>\n\n\n\n<h2 class=\"wp-block-heading\"><span class=\"ez-toc-section\" id=\"Links_de_Fontes\"><\/span>Enlaces de fuentes<span class=\"ez-toc-section-end\"><\/span><\/h2>\n\n\n\n<ul class=\"wp-block-list\">\n<li><a href=\"https:\/\/www.univates.br\/noticia\/35584-a-forca-nos-desafios\" target=\"_blank\" rel=\"noreferrer noopener\">La fuerza de los retos<\/a><\/li>\n\n\n\n<li><a href=\"https:\/\/guiadaalma.com.br\/forca-interior\/\" target=\"_blank\" rel=\"noreferrer noopener\">\u00bfQu\u00e9 es la fuerza interior y c\u00f3mo descubrir la m\u00eda? - Gu\u00eda del alma<\/a><\/li>\n\n\n\n<li><a href=\"https:\/\/mensagensqueinspiram.com.br\/es\/descubriendo-la-fuerza-interior\/\" target=\"_blank\" rel=\"noreferrer noopener\">Descubriendo la fuerza interior: tu gu\u00eda para el autoconocimiento<\/a><\/li>\n\n\n\n<li><a href=\"https:\/\/www.proatitude.com\/l\/teste-resiliencia-emocional-5-perguntas\/\" target=\"_blank\" rel=\"noreferrer noopener\">\u00bfEres resistente? \u00a1Test r\u00e1pido! Descubra ahora su fuerza interior<\/a><\/li>\n\n\n\n<li><a href=\"https:\/\/www.jpefconsultoria.com.br\/artigos\/o-que-e-determinacao\" target=\"_blank\" rel=\"noreferrer noopener\">\u00bfQu\u00e9 es la determinaci\u00f3n?<\/a><\/li>\n<\/ul>","protected":false},"excerpt":{"rendered":"<p>La fuerza est\u00e1 dentro de ti. Aprende a canalizar tu energ\u00eda y alcanzar tus metas con determinaci\u00f3n.<\/p>","protected":false},"author":1,"featured_media":889,"comment_status":"open","ping_status":"open","sticky":false,"template":"","format":"standard","meta":{"rop_custom_images_group":[],"rop_custom_messages_group":[],"rop_publish_now":"initial","rop_publish_now_accounts":{"facebook_122186298128049666_540220039169035":""},"rop_publish_now_history":[],"rop_publish_now_status":"pending","rank_math_focus_keyword":"A For\u00e7a est\u00e1 Dentro de Voc\u00ea,For\u00e7a Interior","rank_math_description":"A for\u00e7a est\u00e1 dentro de voc\u00ea. Saiba como canalizar sua energia e alcan\u00e7ar metas com determina\u00e7\u00e3o.","_kad_post_transparent":"","_kad_post_title":"","_kad_post_layout":"","_kad_post_sidebar_id":"","_kad_post_content_style":"","_kad_post_vertical_padding":"","_kad_post_feature":"","_kad_post_feature_position":"","_kad_post_header":false,"_kad_post_footer":false,"_kad_post_classname":"","_jetpack_memberships_contains_paid_content":false,"footnotes":"","jetpack_publicize_message":"","jetpack_publicize_feature_enabled":true,"jetpack_social_post_already_shared":true,"jetpack_social_options":{"image_generator_settings":{"template":"highway","enabled":false},"version":2}},"categories":[6],"tags":[11,90,15,282,7],"class_list":["post-888","post","type-post","status-publish","format-standard","has-post-thumbnail","hentry","category-forca-interior","tag-autoconfianca","tag-autoconhecimento","tag-desenvolvimento-pessoal","tag-empoderamento-pessoal","tag-forca-interior"],"jetpack_publicize_connections":[],"jetpack_featured_media_url":"https:\/\/mensagensqueinspiram.com.br\/wp-content\/uploads\/2025\/02\/A-forca-esta-dentro-de-voce.jpg","jetpack_sharing_enabled":true,"_links":{"self":[{"href":"https:\/\/mensagensqueinspiram.com.br\/es\/wp-json\/wp\/v2\/posts\/888","targetHints":{"allow":["GET"]}}],"collection":[{"href":"https:\/\/mensagensqueinspiram.com.br\/es\/wp-json\/wp\/v2\/posts"}],"about":[{"href":"https:\/\/mensagensqueinspiram.com.br\/es\/wp-json\/wp\/v2\/types\/post"}],"author":[{"embeddable":true,"href":"https:\/\/mensagensqueinspiram.com.br\/es\/wp-json\/wp\/v2\/users\/1"}],"replies":[{"embeddable":true,"href":"https:\/\/mensagensqueinspiram.com.br\/es\/wp-json\/wp\/v2\/comments?post=888"}],"version-history":[{"count":2,"href":"https:\/\/mensagensqueinspiram.com.br\/es\/wp-json\/wp\/v2\/posts\/888\/revisions"}],"predecessor-version":[{"id":981,"href":"https:\/\/mensagensqueinspiram.com.br\/es\/wp-json\/wp\/v2\/posts\/888\/revisions\/981"}],"wp:featuredmedia":[{"embeddable":true,"href":"https:\/\/mensagensqueinspiram.com.br\/es\/wp-json\/wp\/v2\/media\/889"}],"wp:attachment":[{"href":"https:\/\/mensagensqueinspiram.com.br\/es\/wp-json\/wp\/v2\/media?parent=888"}],"wp:term":[{"taxonomy":"category","embeddable":true,"href":"https:\/\/mensagensqueinspiram.com.br\/es\/wp-json\/wp\/v2\/categories?post=888"},{"taxonomy":"post_tag","embeddable":true,"href":"https:\/\/mensagensqueinspiram.com.br\/es\/wp-json\/wp\/v2\/tags?post=888"}],"curies":[{"name":"wp","href":"https:\/\/api.w.org\/{rel}","templated":true}]}}