{"id":893,"date":"2025-03-19T18:03:00","date_gmt":"2025-03-19T21:03:00","guid":{"rendered":"https:\/\/mensagensqueinspiram.com.br\/?p=893"},"modified":"2025-02-28T18:44:48","modified_gmt":"2025-02-28T21:44:48","slug":"eres-mas-fuerte-de-lo-que-imaginas","status":"publish","type":"post","link":"https:\/\/mensagensqueinspiram.com.br\/es\/voce-e-mais-forte-do-que-imagina\/","title":{"rendered":"Eres m\u00e1s fuerte de lo que imaginas"},"content":{"rendered":"<div id=\"ez-toc-container\" class=\"ez-toc-v2_0_82_2 counter-hierarchy ez-toc-counter ez-toc-custom ez-toc-container-direction\">\n<div class=\"ez-toc-title-container\">\n<p class=\"ez-toc-title\" style=\"cursor:inherit\">\u00cdndice<\/p>\n<span class=\"ez-toc-title-toggle\"><a href=\"#\" class=\"ez-toc-pull-right ez-toc-btn ez-toc-btn-xs ez-toc-btn-default ez-toc-toggle\" aria-label=\"Cambiar la tabla de contenidos\"><span class=\"ez-toc-js-icon-con\"><span class=\"\"><span class=\"eztoc-hide\" style=\"display:none;\">Alternar<\/span><span class=\"ez-toc-icon-toggle-span\"><svg style=\"fill: #150042;color:#150042\" xmlns=\"http:\/\/www.w3.org\/2000\/svg\" class=\"list-377408\" width=\"20px\" height=\"20px\" viewbox=\"0 0 24 24\" fill=\"none\"><path d=\"M6 6H4v2h2V6zm14 0H8v2h12V6zM4 11h2v2H4v-2zm16 0H8v2h12v-2zM4 16h2v2H4v-2zm16 0H8v2h12v-2z\" fill=\"currentColor\"><\/path><\/svg><svg style=\"fill: #150042;color:#150042\" class=\"arrow-unsorted-368013\" xmlns=\"http:\/\/www.w3.org\/2000\/svg\" width=\"10px\" height=\"10px\" viewbox=\"0 0 24 24\" version=\"1.2\" baseprofile=\"tiny\"><path d=\"M18.2 9.3l-6.2-6.3-6.2 6.3c-.2.2-.3.4-.3.7s.1.5.3.7c.2.2.4.3.7.3h11c.3 0 .5-.1.7-.3.2-.2.3-.5.3-.7s-.1-.5-.3-.7zM5.8 14.7l6.2 6.3 6.2-6.3c.2-.2.3-.5.3-.7s-.1-.5-.3-.7c-.2-.2-.4-.3-.7-.3h-11c-.3 0-.5.1-.7.3-.2.2-.3.5-.3.7s.1.5.3.7z\"\/><\/svg><\/span><\/span><\/span><\/a><\/span><\/div>\n<nav><ul class='ez-toc-list ez-toc-list-level-1 eztoc-toggle-hide-by-default' ><li class='ez-toc-page-1 ez-toc-heading-level-2'><a class=\"ez-toc-link ez-toc-heading-1\" href=\"https:\/\/mensagensqueinspiram.com.br\/es\/voce-e-mais-forte-do-que-imagina\/#Descubra_sua_forca_interior\" >Descubre tu fuerza interior<\/a><ul class='ez-toc-list-level-3' ><li class='ez-toc-heading-level-3'><a class=\"ez-toc-link ez-toc-heading-2\" href=\"https:\/\/mensagensqueinspiram.com.br\/es\/voce-e-mais-forte-do-que-imagina\/#Reconhecendo_o_poder_que_ha_em_voce\" >Reconociendo el poder que hay en ti<\/a><\/li><li class='ez-toc-page-1 ez-toc-heading-level-3'><a class=\"ez-toc-link ez-toc-heading-3\" href=\"https:\/\/mensagensqueinspiram.com.br\/es\/voce-e-mais-forte-do-que-imagina\/#O_papel_dos_desafios_na_sua_jornada\" >El papel de los retos en tu trayectoria<\/a><\/li><\/ul><\/li><li class='ez-toc-page-1 ez-toc-heading-level-2'><a class=\"ez-toc-link ez-toc-heading-4\" href=\"https:\/\/mensagensqueinspiram.com.br\/es\/voce-e-mais-forte-do-que-imagina\/#Voce_e_mais_forte_do_que_imagina\" >Eres m\u00e1s fuerte de lo que crees.<\/a><ul class='ez-toc-list-level-3' ><li class='ez-toc-heading-level-3'><a class=\"ez-toc-link ez-toc-heading-5\" href=\"https:\/\/mensagensqueinspiram.com.br\/es\/voce-e-mais-forte-do-que-imagina\/#Citacoes_inspiradoras_para_impulsionar_sua_coragem\" >Citas inspiradoras para impulsar tu valent\u00eda<\/a><\/li><li class='ez-toc-page-1 ez-toc-heading-level-3'><a class=\"ez-toc-link ez-toc-heading-6\" href=\"https:\/\/mensagensqueinspiram.com.br\/es\/voce-e-mais-forte-do-que-imagina\/#Como_enfrentar_o_medo_com_fe_e_determinacao\" >C\u00f3mo afrontar el miedo con fe y determinaci\u00f3n<\/a><\/li><\/ul><\/li><li class='ez-toc-page-1 ez-toc-heading-level-2'><a class=\"ez-toc-link ez-toc-heading-7\" href=\"https:\/\/mensagensqueinspiram.com.br\/es\/voce-e-mais-forte-do-que-imagina\/#Cinco_passos_praticos_para_transformar_sua_vida\" >Cinco pasos pr\u00e1cticos para transformar tu vida<\/a><ul class='ez-toc-list-level-3' ><li class='ez-toc-heading-level-3'><a class=\"ez-toc-link ez-toc-heading-8\" href=\"https:\/\/mensagensqueinspiram.com.br\/es\/voce-e-mais-forte-do-que-imagina\/#Da_dor_ao_sonho_use_suas_experiencias_como_combustivel\" >Del dolor al sue\u00f1o: utiliza tus experiencias como combustible<\/a><\/li><li class='ez-toc-page-1 ez-toc-heading-level-3'><a class=\"ez-toc-link ez-toc-heading-9\" href=\"https:\/\/mensagensqueinspiram.com.br\/es\/voce-e-mais-forte-do-que-imagina\/#Dicas_para_construir_equilibrio_em_meio_as_adversidades\" >Consejos para alcanzar el equilibrio en medio de las adversidades<\/a><\/li><\/ul><\/li><li class='ez-toc-page-1 ez-toc-heading-level-2'><a class=\"ez-toc-link ez-toc-heading-10\" href=\"https:\/\/mensagensqueinspiram.com.br\/es\/voce-e-mais-forte-do-que-imagina\/#Conclusao\" >Conclusi\u00f3n<\/a><\/li><li class='ez-toc-page-1 ez-toc-heading-level-2'><a class=\"ez-toc-link ez-toc-heading-11\" href=\"https:\/\/mensagensqueinspiram.com.br\/es\/voce-e-mais-forte-do-que-imagina\/#FAQ\" >Preguntas frecuentes<\/a><ul class='ez-toc-list-level-3' ><li class='ez-toc-heading-level-3'><a class=\"ez-toc-link ez-toc-heading-12\" href=\"https:\/\/mensagensqueinspiram.com.br\/es\/voce-e-mais-forte-do-que-imagina\/#Como_posso_descobrir_minha_forca_interior\" >\u00bfC\u00f3mo puedo descubrir mi fuerza interior?<\/a><\/li><li class='ez-toc-page-1 ez-toc-heading-level-3'><a class=\"ez-toc-link ez-toc-heading-13\" href=\"https:\/\/mensagensqueinspiram.com.br\/es\/voce-e-mais-forte-do-que-imagina\/#Por_que_os_desafios_sao_importantes_na_minha_jornada\" >\u00bfPor qu\u00e9 son importantes los retos en mi camino?<\/a><\/li><li class='ez-toc-page-1 ez-toc-heading-level-3'><a class=\"ez-toc-link ez-toc-heading-14\" href=\"https:\/\/mensagensqueinspiram.com.br\/es\/voce-e-mais-forte-do-que-imagina\/#Como_posso_enfrentar_o_medo_com_fe_e_determinacao\" >\u00bfC\u00f3mo puedo afrontar el miedo con fe y determinaci\u00f3n?<\/a><\/li><li class='ez-toc-page-1 ez-toc-heading-level-3'><a class=\"ez-toc-link ez-toc-heading-15\" href=\"https:\/\/mensagensqueinspiram.com.br\/es\/voce-e-mais-forte-do-que-imagina\/#Como_transformar_experiencias_dolorosas_em_motivacao\" >\u00bfC\u00f3mo transformar las experiencias dolorosas en motivaci\u00f3n?<\/a><\/li><li class='ez-toc-page-1 ez-toc-heading-level-3'><a class=\"ez-toc-link ez-toc-heading-16\" href=\"https:\/\/mensagensqueinspiram.com.br\/es\/voce-e-mais-forte-do-que-imagina\/#Quais_sao_as_melhores_dicas_para_manter_o_equilibrio_em_meio_as_adversidades\" >\u00bfCu\u00e1les son los mejores consejos para mantener el equilibrio en medio de las adversidades?<\/a><\/li><\/ul><\/li><li class='ez-toc-page-1 ez-toc-heading-level-2'><a class=\"ez-toc-link ez-toc-heading-17\" href=\"https:\/\/mensagensqueinspiram.com.br\/es\/voce-e-mais-forte-do-que-imagina\/#Links_de_Fontes\" >Enlaces de fuentes<\/a><\/li><\/ul><\/nav><\/div>\n\n<p><strong>Eres m\u00e1s fuerte de lo que crees.<\/strong>: \u00bfAlguna vez te has parado a pensar que la <strong>fuerza<\/strong> \u00bfLo que necesitas est\u00e1 dentro de ti? A <em>vida<\/em> pode trazer desafios que parecem insuper\u00e1veis, mas cada obst\u00e1culo \u00e9 uma oportunidade para descobrir o qu\u00e3o capaz voc\u00ea \u00e9.<\/p>\n\n\n\n<p>Como dice Tati Bernardi: <em>&#8220;Ent\u00e3o n\u00e3o desista, sorria. Voc\u00ea \u00e9 mais forte do que pensa e ser\u00e1 mais feliz do que imagina.&#8221;<\/em> Esta frase nos recuerda que, incluso en los momentos dif\u00edciles, hay una luz al final del t\u00fanel.<\/p>\n\n\n\n<p>Los retos forman parte del camino de cada uno. <strong>persona<\/strong>. Nos moldean y nos hacen m\u00e1s resilientes.<\/p>\n\n\n\n<p>Cr\u00e9elo, tienes el poder de transformar cualquier <em>cosa<\/em> que parezca imposible en una historia de superaci\u00f3n.<\/p>\n\n\n\n<p>Este art\u00edculo te guiar\u00e1 con pasos pr\u00e1cticos e inspiraci\u00f3n para enfrentar las adversidades. A <a href=\"https:\/\/www.mundodasmensagens.com\/mensagem\/voce-e-mais-forte-que-imagina.html\" target=\"_blank\" rel=\"noopener\">fuerza interior<\/a> \u00e9 a chave para uma vida mais plena e feliz. Vamos juntos descobrir como ela pode mudar tudo.<\/p>\n\n\n\n<h2 class=\"wp-block-heading\"><span class=\"ez-toc-section\" id=\"Descubra_sua_forca_interior\"><\/span>Descubre tu fuerza interior<span class=\"ez-toc-section-end\"><\/span><\/h2>\n\n\n\n<p>A <strong><a href=\"https:\/\/mensagensqueinspiram.com.br\/es\/descubra-sua-grandeza\/\">fuerza interior<\/a><\/strong> es un recurso poderoso que todos poseen, pero no siempre reconocen. Se manifiesta en momentos de adversidad, cuando la <em>valent\u00eda<\/em> es necesario para seguir adelante.<\/p>\n\n\n\n<p>Cada desafio enfrentado \u00e9 uma oportunidade para descobrir o qu\u00e3o capaz voc\u00ea \u00e9.<\/p>\n\n\n<div class=\"wp-block-image\">\n<figure class=\"aligncenter\"><img loading=\"lazy\" decoding=\"async\" width=\"1024\" height=\"768\" src=\"https:\/\/mensagensqueinspiram.com.br\/wp-content\/uploads\/2025\/02\/forca-interior-1.jpg\" alt=\"Eres m\u00e1s fuerte de lo que imaginas\" class=\"wp-image-896\" title=\"fuerza interior\" srcset=\"https:\/\/mensagensqueinspiram.com.br\/wp-content\/uploads\/2025\/02\/forca-interior-1.jpg 1024w, https:\/\/mensagensqueinspiram.com.br\/wp-content\/uploads\/2025\/02\/forca-interior-1-300x225.jpg 300w, https:\/\/mensagensqueinspiram.com.br\/wp-content\/uploads\/2025\/02\/forca-interior-1-768x576.jpg 768w, https:\/\/mensagensqueinspiram.com.br\/wp-content\/uploads\/2025\/02\/forca-interior-1-640x480.jpg 640w\" sizes=\"auto, (max-width: 1024px) 100vw, 1024px\" \/><\/figure>\n<\/div>\n\n\n<h3 class=\"wp-block-heading\"><span class=\"ez-toc-section\" id=\"Reconhecendo_o_poder_que_ha_em_voce\"><\/span>Reconociendo el poder que hay en ti<span class=\"ez-toc-section-end\"><\/span><\/h3>\n\n\n\n<p>Reconocer el propio poder es el primer paso para transformar la <em>vida<\/em>. Muitas pessoas subestimam sua capacidade de superar obst\u00e1culos, mas a verdade \u00e9 que cada experi\u00eancia vivida contribui para o crescimento pessoal. Como diz uma frase inspiradora:<\/p>\n\n\n\n<blockquote class=\"wp-block-quote is-layout-flow wp-block-quote-is-layout-flow\">\n<p>\u201cLa fuerza no proviene de la capacidad f\u00edsica, sino de una voluntad indomable\u201d.\u201d<\/p>\n<\/blockquote>\n\n\n\n<p>O <strong>amor<\/strong> pr\u00f3prio e o cuidado consigo mesmo s\u00e3o fundamentais para desenvolver essa for\u00e7a. Quando voc\u00ea se valoriza, encontra motiva\u00e7\u00e3o para enfrentar qualquer <em>cosa<\/em> que la vida ponga en el camino.<\/p>\n\n\n\n<h3 class=\"wp-block-heading\"><span class=\"ez-toc-section\" id=\"O_papel_dos_desafios_na_sua_jornada\"><\/span>El papel de los retos en tu trayectoria<span class=\"ez-toc-section-end\"><\/span><\/h3>\n\n\n\n<p>Los desaf\u00edos son parte inevitable de la <em>vida<\/em>, mas tamb\u00e9m s\u00e3o essenciais para o desenvolvimento pessoal. Eles testam a resili\u00eancia e ajudam a descobrir um <strong>mundo<\/strong> de posibilidades.<\/p>\n\n\n\n<p>Las personas que afrontan las dificultades con determinaci\u00f3n suelen alcanzar logros incre\u00edbles.<\/p>\n\n\n\n<p>Un ejemplo pr\u00e1ctico es el de muchos <em>clientes<\/em> que, al superar obst\u00e1culos, reconocen el poder de la determinaci\u00f3n interna.<\/p>\n\n\n\n<p>Este camino no es f\u00e1cil, pero es gratificante. Cada paso que das hacia la superaci\u00f3n fortalece el <strong>sentimiento<\/strong> de <a href=\"https:\/\/mensagensqueinspiram.com.br\/es\/a-habilidade-de-superar-obstaculos\/\">autoconfianza<\/a>.<\/p>\n\n\n\n<p>Hombres y <em>mujeres<\/em> tienen historias \u00fanicas de superaci\u00f3n, pero todos comparten la misma capacidad de transformar los desaf\u00edos en oportunidades.<\/p>\n\n\n\n<p>A chave est\u00e1 em acreditar no pr\u00f3prio potencial e seguir em frente com <strong>valent\u00eda<\/strong>.<\/p>\n\n\n\n<h2 class=\"wp-block-heading\"><span class=\"ez-toc-section\" id=\"Voce_e_mais_forte_do_que_imagina\"><\/span>Eres m\u00e1s fuerte de lo que crees.<span class=\"ez-toc-section-end\"><\/span><\/h2>\n\n\n\n<p>En momentos dif\u00edciles, el coraje surge como una luz gu\u00eda. A <strong>fuerza<\/strong> El interior se revela cuando m\u00e1s lo necesitamos, transformando los retos en oportunidades de crecimiento.<\/p>\n\n\n\n<p>Creer en tu propio potencial es el primer paso para superar cualquier obst\u00e1culo.<\/p>\n\n\n<div class=\"wp-block-image\">\n<figure class=\"aligncenter\"><img loading=\"lazy\" decoding=\"async\" width=\"1024\" height=\"768\" src=\"https:\/\/mensagensqueinspiram.com.br\/wp-content\/uploads\/2025\/02\/coragem-e-determinacao.jpg\" alt=\"valor y determinaci\u00f3n\" class=\"wp-image-897\" title=\"valor y determinaci\u00f3n\" srcset=\"https:\/\/mensagensqueinspiram.com.br\/wp-content\/uploads\/2025\/02\/coragem-e-determinacao.jpg 1024w, https:\/\/mensagensqueinspiram.com.br\/wp-content\/uploads\/2025\/02\/coragem-e-determinacao-300x225.jpg 300w, https:\/\/mensagensqueinspiram.com.br\/wp-content\/uploads\/2025\/02\/coragem-e-determinacao-768x576.jpg 768w, https:\/\/mensagensqueinspiram.com.br\/wp-content\/uploads\/2025\/02\/coragem-e-determinacao-640x480.jpg 640w\" sizes=\"auto, (max-width: 1024px) 100vw, 1024px\" \/><\/figure>\n<\/div>\n\n\n<h3 class=\"wp-block-heading\"><span class=\"ez-toc-section\" id=\"Citacoes_inspiradoras_para_impulsionar_sua_coragem\"><\/span>Citas inspiradoras para impulsar tu valent\u00eda<span class=\"ez-toc-section-end\"><\/span><\/h3>\n\n\n\n<p><a href=\"https:\/\/mensagensqueinspiram.com.br\/es\/descubra-sua-grandeza\/\">Frases motivacionales<\/a> tienen el poder de fortalecer el <em>coraz\u00f3n<\/em> y la mente. Como dice F\u00e1bio Schmidt:<\/p>\n\n\n\n<blockquote class=\"wp-block-quote is-layout-flow wp-block-quote-is-layout-flow\">\n<p>\u201cNo hay nada fuera de ti que te permita mejorar.\u201d<\/p>\n<\/blockquote>\n\n\n\n<p>Esta idea refuerza que la transformaci\u00f3n comienza internamente.<\/p>\n\n\n\n<p>Otra cita memorable es de A.A. Milne:<\/p>\n\n\n\n<blockquote class=\"wp-block-quote is-layout-flow wp-block-quote-is-layout-flow\">\n<p>\u201cEres m\u00e1s fuerte de lo que crees y m\u00e1s capaz de lo que imaginas\u201d.\u201d<\/p>\n<\/blockquote>\n\n\n\n<p>Estas palabras sirven como un poderoso recordatorio para enfrentar el miedo con <strong>valent\u00eda<\/strong>.<\/p>\n\n\n\n<h3 class=\"wp-block-heading\"><span class=\"ez-toc-section\" id=\"Como_enfrentar_o_medo_com_fe_e_determinacao\"><\/span>C\u00f3mo afrontar el miedo con fe y determinaci\u00f3n<span class=\"ez-toc-section-end\"><\/span><\/h3>\n\n\n\n<p>El miedo es una <em>cosa<\/em> natural, mas n\u00e3o precisa ser um obst\u00e1culo. Encarar o desconhecido com f\u00e9 e determina\u00e7\u00e3o \u00e9 essencial para o crescimento pessoal.<\/p>\n\n\n\n<p>Cada desaf\u00edo superado fortalece la <strong>persona<\/strong> y prep\u00e1rate para nuevos <em>momentos<\/em> de dificultad.<\/p>\n\n\n\n<p>Confiar en uno mismo <em>amor<\/em> y en la capacidad \u00fanica de transformarse es la clave para una <strong>vida<\/strong> plena. Como dice Gina:<\/p>\n\n\n\n<blockquote class=\"wp-block-quote is-layout-flow wp-block-quote-is-layout-flow\">\n<p>\u201cLas grandes batallas solo se libran contra los grandes guerreros\u201d.\u201d<\/p>\n<\/blockquote>\n\n\n\n<p>Este mensaje inspira a afrontar los retos con<strong>valent\u00eda<\/strong>y perseverancia.<\/p>\n\n\n\n<p>Para m\u00e1s inspiraci\u00f3n, echa un vistazo a <a href=\"https:\/\/mensagensqueinspiram.com.br\/es\/sobre-nosotros\/\" target=\"_blank\" rel=\"noopener\">mensajes inspiradores<\/a> y descubre c\u00f3mo fortalecer tu camino.<\/p>\n\n\n\n<h2 class=\"wp-block-heading\"><span class=\"ez-toc-section\" id=\"Cinco_passos_praticos_para_transformar_sua_vida\"><\/span>Cinco pasos pr\u00e1cticos para transformar tu vida<span class=\"ez-toc-section-end\"><\/span><\/h2>\n\n\n\n<p>Transformar a vida exige a\u00e7\u00e3o e prop\u00f3sito, mas o caminho come\u00e7a com pequenos passos. Cada escolha que fazemos hoje pode moldar o amanh\u00e3 de forma poderosa.<\/p>\n\n\n\n<p>Aqu\u00ed hay cinco pasos pr\u00e1cticos para ayudarte en este viaje de cambio.<\/p>\n\n\n\n<h3 class=\"wp-block-heading\"><span class=\"ez-toc-section\" id=\"Da_dor_ao_sonho_use_suas_experiencias_como_combustivel\"><\/span>Del dolor al sue\u00f1o: utiliza tus experiencias como combustible<span class=\"ez-toc-section-end\"><\/span><\/h3>\n\n\n\n<p>A <strong>dolor<\/strong> puede ser un gran motivador. En lugar de dejar que te paralice, \u00fasala como combustible para alcanzar tus <em>sue\u00f1os<\/em>.<\/p>\n\n\n\n<p>Las experiencias dif\u00edciles aportan lecciones valiosas que fortalecen el <strong>coraz\u00f3n<\/strong> y la mente.<\/p>\n\n\n\n<p>Como dice Humberto Gessinger:<\/p>\n\n\n\n<blockquote class=\"wp-block-quote is-layout-flow wp-block-quote-is-layout-flow\">\n<p>\u201cDel dolor puede nacer la fuerza para seguir adelante\u201d.\u201d<\/p>\n<\/blockquote>\n\n\n\n<p>Esta idea refuerza que cada reto superado es un paso hacia la realizaci\u00f3n personal.<\/p>\n\n\n\n<figure class=\"wp-block-embed is-type-video is-provider-youtube wp-block-embed-youtube wp-embed-aspect-16-9 wp-has-aspect-ratio\"><div class=\"wp-block-embed__wrapper\">\n<iframe loading=\"lazy\" title=\"Eres m\u00e1s influyente de lo que crees: el poder de las conexiones\" width=\"720\" height=\"405\" src=\"https:\/\/www.youtube.com\/embed\/g4ITXkheBBk?feature=oembed\" frameborder=\"0\" allow=\"accelerometer; autoplay; clipboard-write; encrypted-media; gyroscope; picture-in-picture; web-share\" referrerpolicy=\"strict-origin-when-cross-origin\" allowfullscreen><\/iframe>\n<\/div><\/figure>\n\n\n\n<h3 class=\"wp-block-heading\"><span class=\"ez-toc-section\" id=\"Dicas_para_construir_equilibrio_em_meio_as_adversidades\"><\/span>Consejos para alcanzar el equilibrio en medio de las adversidades<span class=\"ez-toc-section-end\"><\/span><\/h3>\n\n\n\n<p>Manter o equil\u00edbrio emocional \u00e9 essencial para enfrentar os desafios da <em>vida<\/em>. Aqu\u00ed tienes algunos consejos pr\u00e1cticos:<\/p>\n\n\n\n<ul class=\"wp-block-list\">\n<li>Valora el <strong>amor<\/strong> y reconoce tus logros, por peque\u00f1os que sean.<\/li>\n\n\n\n<li>Pratique a gratid\u00e3o diariamente, focando no que j\u00e1 foi alcan\u00e7ado.<\/li>\n\n\n\n<li>Encuentre actividades que le aporten paz y renueven sus energ\u00edas.<\/li>\n\n\n\n<li>Cerque-se de pessoas que inspiram e apoiam seus objetivos.<\/li>\n\n\n\n<li>Visualiza un futuro lleno de logros, manteniendo la fe y la determinaci\u00f3n.<\/li>\n<\/ul>\n\n\n\n<p>Estas pr\u00e1cticas ayudan a construir un <em>mundo<\/em> interior m\u00e1s fuerte y preparado para los retos del d\u00eda a d\u00eda.<\/p>\n\n\n\n<h2 class=\"wp-block-heading\"><span class=\"ez-toc-section\" id=\"Conclusao\"><\/span>Conclusi\u00f3n<span class=\"ez-toc-section-end\"><\/span><\/h2>\n\n\n\n<p>La superaci\u00f3n diaria es un proceso continuo que fortalece el camino personal. Cada <strong>momento<\/strong> de dificuldade contribui para a evolu\u00e7\u00e3o como <em>persona fuerte<\/em>, transformando desafios em aprendizado.<\/p>\n\n\n\n<p>Mantener el <strong>coraz\u00f3n<\/strong> Ser abierto y pensar de manera positiva son esenciales para afrontar cualquier <em>cosa<\/em> que la vida nos depare.<\/p>\n\n\n\n<p>O <strong>amor<\/strong> propio y la determinaci\u00f3n son pilares para una <em>vida<\/em> plena. Cada paso dado hacia la superaci\u00f3n fortalece el <strong>sentimiento<\/strong> de confianza en uno mismo.<\/p>\n\n\n\n<p>O <em>mundo<\/em> est\u00e1 lleno de posibilidades, y cada <strong>cliente<\/strong> interno merece ser cuidado com carinho e aten\u00e7\u00e3o.<\/p>\n\n\n\n<p>Con valent\u00eda y perseverancia, su <strong>d\u00eda<\/strong> puede convertirse en una nueva oportunidad para realizar sus <em>sue\u00f1os<\/em>. Cree en su potencial y siga adelante. <strong>frente<\/strong>, ya que la fuerza interior es la clave para un viaje \u00fanico y lleno de logros.<\/p>\n\n\n\n<section class=\"schema-section\">\n<h2><span class=\"ez-toc-section\" id=\"FAQ\"><\/span>Preguntas frecuentes<span class=\"ez-toc-section-end\"><\/span><\/h2>\n<div>\n<h3><span class=\"ez-toc-section\" id=\"Como_posso_descobrir_minha_forca_interior\"><\/span>\u00bfC\u00f3mo puedo descubrir mi fuerza interior?<span class=\"ez-toc-section-end\"><\/span><\/h3>\n<div>\n<div>\n<p>La fuerza interior reside en reconocer tu potencial y creer en tu valor. F\u00edjate en tus logros y en los retos que has superado. Cada experiencia es una prueba de tu capacidad para crecer y evolucionar.<\/p>\n<\/div>\n<\/div>\n<\/div>\n<div>\n<h3><span class=\"ez-toc-section\" id=\"Por_que_os_desafios_sao_importantes_na_minha_jornada\"><\/span>\u00bfPor qu\u00e9 son importantes los retos en mi camino?<span class=\"ez-toc-section-end\"><\/span><\/h3>\n<div>\n<div>\n<p>Los retos moldean tu car\u00e1cter y fortalecen tu resiliencia. Son oportunidades para aprender, adaptarte y descubrir que eres capaz de ir m\u00e1s all\u00e1 de lo que imaginas.<\/p>\n<\/div>\n<\/div>\n<\/div>\n<div>\n<h3><span class=\"ez-toc-section\" id=\"Como_posso_enfrentar_o_medo_com_fe_e_determinacao\"><\/span>\u00bfC\u00f3mo puedo afrontar el miedo con fe y determinaci\u00f3n?<span class=\"ez-toc-section-end\"><\/span><\/h3>\n<div>\n<div>\n<p>Enfrente o medo com pequenos passos, mantendo o foco no que voc\u00ea deseja alcan\u00e7ar. Acredite em si mesmo e use a f\u00e9 como guia para superar obst\u00e1culos e seguir em frente.<\/p>\n<\/div>\n<\/div>\n<\/div>\n<div>\n<h3><span class=\"ez-toc-section\" id=\"Como_transformar_experiencias_dolorosas_em_motivacao\"><\/span>\u00bfC\u00f3mo transformar las experiencias dolorosas en motivaci\u00f3n?<span class=\"ez-toc-section-end\"><\/span><\/h3>\n<div>\n<div>\n<p>Utiliza el dolor como combustible para construir sue\u00f1os. Reflexiona sobre lo que has aprendido y c\u00f3mo esas experiencias pueden fortalecer tu camino. Convierte los retos en oportunidades de crecimiento.<\/p>\n<\/div>\n<\/div>\n<\/div>\n<div>\n<h3><span class=\"ez-toc-section\" id=\"Quais_sao_as_melhores_dicas_para_manter_o_equilibrio_em_meio_as_adversidades\"><\/span>\u00bfCu\u00e1les son los mejores consejos para mantener el equilibrio en medio de las adversidades?<span class=\"ez-toc-section-end\"><\/span><\/h3>\n<div>\n<div>\n<p>Practique el autocuidado, establezca prioridades y mantenga una mentalidad positiva. Busque apoyo en sus seres queridos y reserve momentos para recargar energ\u00edas.<\/p>\n<\/div>\n<\/div>\n<\/div>\n<\/section>\n\n\n\n<h2 class=\"wp-block-heading\"><span class=\"ez-toc-section\" id=\"Links_de_Fontes\"><\/span>Enlaces de fuentes<span class=\"ez-toc-section-end\"><\/span><\/h2>\n\n\n\n<ul class=\"wp-block-list\">\n<li><a href=\"https:\/\/www.mundodasmensagens.com\/mensagem\/voce-e-mais-forte-que-imagina.html\" target=\"_blank\" rel=\"noopener\">Eres m\u00e1s fuerte de lo que crees.<\/a><\/li>\n\n\n\n<li><a href=\"https:\/\/conhecimentosdopai.com.br\/voce-e-mais-forte-do-que-imagina.html\" target=\"_blank\" rel=\"noopener\">Una respuesta de Dios para m\u00ed: \u00a1Eres m\u00e1s fuerte de lo que crees!<\/a><\/li>\n\n\n\n<li><a href=\"https:\/\/www.novasfrases.com\/frases-de-motivacao\/\" target=\"_blank\" rel=\"noreferrer noopener\">80 frases motivadoras para inspirarte<\/a><\/li>\n\n\n\n<li><a href=\"https:\/\/fia.com.br\/blog\/resiliencia-emocional\/\" target=\"_blank\" rel=\"noreferrer noopener\">\u00bfQu\u00e9 es la resiliencia emocional, las habilidades y c\u00f3mo ser m\u00e1s resiliente? \u2013 FIA<\/a><\/li>\n<\/ul>","protected":false},"excerpt":{"rendered":"<p>Eres m\u00e1s fuerte de lo que crees. Descubre c\u00f3mo tu fuerza interior puede transformar tu vida en 5 pasos pr\u00e1cticos y empieza a cambiar tu vida hoy mismo.<\/p>","protected":false},"author":1,"featured_media":895,"comment_status":"open","ping_status":"open","sticky":false,"template":"","format":"standard","meta":{"rop_custom_images_group":[],"rop_custom_messages_group":[],"rop_publish_now":"initial","rop_publish_now_accounts":{"facebook_122186298128049666_540220039169035":""},"rop_publish_now_history":[],"rop_publish_now_status":"pending","rank_math_focus_keyword":"Voc\u00ea \u00e9 mais Forte do que Imagina,for\u00e7a interior,coragem","rank_math_description":"Voc\u00ea \u00e9 mais forte do que imagina. Descubra como sua for\u00e7a interior pode transformar sua vida em 5 passos pr\u00e1ticos e comece a mudar sua vida hoje mesmo.","_kad_post_transparent":"","_kad_post_title":"","_kad_post_layout":"","_kad_post_sidebar_id":"","_kad_post_content_style":"","_kad_post_vertical_padding":"","_kad_post_feature":"","_kad_post_feature_position":"","_kad_post_header":false,"_kad_post_footer":false,"_kad_post_classname":"","_jetpack_memberships_contains_paid_content":false,"footnotes":"","jetpack_publicize_message":"","jetpack_publicize_feature_enabled":true,"jetpack_social_post_already_shared":true,"jetpack_social_options":{"image_generator_settings":{"template":"highway","enabled":false},"version":2}},"categories":[6],"tags":[11,91,284,7,283],"class_list":["post-893","post","type-post","status-publish","format-standard","has-post-thumbnail","hentry","category-forca-interior","tag-autoconfianca","tag-crescimento-pessoal","tag-desafios-superados","tag-forca-interior","tag-superacao-pessoal"],"jetpack_publicize_connections":[],"jetpack_featured_media_url":"https:\/\/mensagensqueinspiram.com.br\/wp-content\/uploads\/2025\/02\/Voce-e-mais-forte-do-que-imagina.jpg","jetpack_sharing_enabled":true,"_links":{"self":[{"href":"https:\/\/mensagensqueinspiram.com.br\/es\/wp-json\/wp\/v2\/posts\/893","targetHints":{"allow":["GET"]}}],"collection":[{"href":"https:\/\/mensagensqueinspiram.com.br\/es\/wp-json\/wp\/v2\/posts"}],"about":[{"href":"https:\/\/mensagensqueinspiram.com.br\/es\/wp-json\/wp\/v2\/types\/post"}],"author":[{"embeddable":true,"href":"https:\/\/mensagensqueinspiram.com.br\/es\/wp-json\/wp\/v2\/users\/1"}],"replies":[{"embeddable":true,"href":"https:\/\/mensagensqueinspiram.com.br\/es\/wp-json\/wp\/v2\/comments?post=893"}],"version-history":[{"count":2,"href":"https:\/\/mensagensqueinspiram.com.br\/es\/wp-json\/wp\/v2\/posts\/893\/revisions"}],"predecessor-version":[{"id":1056,"href":"https:\/\/mensagensqueinspiram.com.br\/es\/wp-json\/wp\/v2\/posts\/893\/revisions\/1056"}],"wp:featuredmedia":[{"embeddable":true,"href":"https:\/\/mensagensqueinspiram.com.br\/es\/wp-json\/wp\/v2\/media\/895"}],"wp:attachment":[{"href":"https:\/\/mensagensqueinspiram.com.br\/es\/wp-json\/wp\/v2\/media?parent=893"}],"wp:term":[{"taxonomy":"category","embeddable":true,"href":"https:\/\/mensagensqueinspiram.com.br\/es\/wp-json\/wp\/v2\/categories?post=893"},{"taxonomy":"post_tag","embeddable":true,"href":"https:\/\/mensagensqueinspiram.com.br\/es\/wp-json\/wp\/v2\/tags?post=893"}],"curies":[{"name":"wp","href":"https:\/\/api.w.org\/{rel}","templated":true}]}}