{"id":975,"date":"2025-03-06T18:03:00","date_gmt":"2025-03-06T21:03:00","guid":{"rendered":"https:\/\/mensagensqueinspiram.com.br\/?p=975"},"modified":"2025-02-28T19:10:55","modified_gmt":"2025-02-28T22:10:55","slug":"las-sombras-de-la-inocencia","status":"publish","type":"post","link":"https:\/\/mensagensqueinspiram.com.br\/es\/as-sombras-da-inocencia\/","title":{"rendered":"Las sombras de la inocencia: un cuento inspirado en V\u00edctor Hugo"},"content":{"rendered":"<div id=\"ez-toc-container\" class=\"ez-toc-v2_0_82_2 counter-hierarchy ez-toc-counter ez-toc-custom ez-toc-container-direction\">\n<div class=\"ez-toc-title-container\">\n<p class=\"ez-toc-title\" style=\"cursor:inherit\">\u00cdndice<\/p>\n<span class=\"ez-toc-title-toggle\"><a href=\"#\" class=\"ez-toc-pull-right ez-toc-btn ez-toc-btn-xs ez-toc-btn-default ez-toc-toggle\" aria-label=\"Cambiar la tabla de contenidos\"><span class=\"ez-toc-js-icon-con\"><span class=\"\"><span class=\"eztoc-hide\" style=\"display:none;\">Alternar<\/span><span class=\"ez-toc-icon-toggle-span\"><svg style=\"fill: #150042;color:#150042\" xmlns=\"http:\/\/www.w3.org\/2000\/svg\" class=\"list-377408\" width=\"20px\" height=\"20px\" viewbox=\"0 0 24 24\" fill=\"none\"><path d=\"M6 6H4v2h2V6zm14 0H8v2h12V6zM4 11h2v2H4v-2zm16 0H8v2h12v-2zM4 16h2v2H4v-2zm16 0H8v2h12v-2z\" fill=\"currentColor\"><\/path><\/svg><svg style=\"fill: #150042;color:#150042\" class=\"arrow-unsorted-368013\" xmlns=\"http:\/\/www.w3.org\/2000\/svg\" width=\"10px\" height=\"10px\" viewbox=\"0 0 24 24\" version=\"1.2\" baseprofile=\"tiny\"><path d=\"M18.2 9.3l-6.2-6.3-6.2 6.3c-.2.2-.3.4-.3.7s.1.5.3.7c.2.2.4.3.7.3h11c.3 0 .5-.1.7-.3.2-.2.3-.5.3-.7s-.1-.5-.3-.7zM5.8 14.7l6.2 6.3 6.2-6.3c.2-.2.3-.5.3-.7s-.1-.5-.3-.7c-.2-.2-.4-.3-.7-.3h-11c-.3 0-.5.1-.7.3-.2.2-.3.5-.3.7s.1.5.3.7z\"\/><\/svg><\/span><\/span><\/span><\/a><\/span><\/div>\n<nav><ul class='ez-toc-list ez-toc-list-level-1 eztoc-toggle-hide-by-default' ><li class='ez-toc-page-1 ez-toc-heading-level-2'><a class=\"ez-toc-link ez-toc-heading-1\" href=\"https:\/\/mensagensqueinspiram.com.br\/es\/as-sombras-da-inocencia\/#Capitulo_1_A_Acusacao_Injusta\" >Cap\u00edtulo 1: La acusaci\u00f3n injusta<\/a><\/li><li class='ez-toc-page-1 ez-toc-heading-level-2'><a class=\"ez-toc-link ez-toc-heading-2\" href=\"https:\/\/mensagensqueinspiram.com.br\/es\/as-sombras-da-inocencia\/#Capitulo_2_Fuga_e_Desespero\" >Cap\u00edtulo 2: Huida y desesperaci\u00f3n<\/a><\/li><li class='ez-toc-page-1 ez-toc-heading-level-2'><a class=\"ez-toc-link ez-toc-heading-3\" href=\"https:\/\/mensagensqueinspiram.com.br\/es\/as-sombras-da-inocencia\/#Capitulo_3_O_Encontro_Inesperado_com_Valois\" >Cap\u00edtulo 3: El encuentro inesperado con Valois<\/a><\/li><li class='ez-toc-page-1 ez-toc-heading-level-2'><a class=\"ez-toc-link ez-toc-heading-4\" href=\"https:\/\/mensagensqueinspiram.com.br\/es\/as-sombras-da-inocencia\/#Capitulo_4_A_Investigacao_nas_Sombras\" >Cap\u00edtulo 4: La investigaci\u00f3n en las sombras<\/a><\/li><li class='ez-toc-page-1 ez-toc-heading-level-2'><a class=\"ez-toc-link ez-toc-heading-5\" href=\"https:\/\/mensagensqueinspiram.com.br\/es\/as-sombras-da-inocencia\/#Capitulo_5_A_Reviravolta_e_a_Verdade_Revelada\" >Cap\u00edtulo 5: El giro y la verdad revelada<\/a><\/li><li class='ez-toc-page-1 ez-toc-heading-level-2'><a class=\"ez-toc-link ez-toc-heading-6\" href=\"https:\/\/mensagensqueinspiram.com.br\/es\/as-sombras-da-inocencia\/#Capitulo_6_Luz_e_Redencao\" >Cap\u00edtulo 6: Luz y redenci\u00f3n<\/a><ul class='ez-toc-list-level-3' ><li class='ez-toc-heading-level-3'><a class=\"ez-toc-link ez-toc-heading-7\" href=\"https:\/\/mensagensqueinspiram.com.br\/es\/as-sombras-da-inocencia\/#FAQ_%E2%80%93_Perguntas_Frequentes\" >Preguntas frecuentes<\/a><\/li><\/ul><\/li><\/ul><\/nav><\/div>\n\n<p><strong>Las sombras de la inocencia<\/strong>: En medio de la densa niebla que se cern\u00eda sobre el Par\u00eds del siglo XIX, donde la opulencia y la miseria se entrelazaban como hilos de un tejido sombr\u00edo, naci\u00f3 este <strong>cuento inspirador<\/strong>. <\/p>\n\n\n\n<p>En los laber\u00ednticos callejones y en los suntuosos salones, resonaban los clamores de justicia y los susurros de la <a href=\"https:\/\/mensagensqueinspiram.com.br\/es\/um-estranho-em-meio-a-neblina\/\">esperanza<\/a>, temas muy queridos por <a href=\"https:\/\/pt.wikipedia.org\/wiki\/Victor_Hugo\" target=\"_blank\" rel=\"noreferrer noopener\">Victor Hugo<\/a>. <\/p>\n\n\n\n<p>\u201c<strong>Las sombras de la inocencia<\/strong>&#8221; \u00e9 uma ode \u00e0 resili\u00eancia humana, um mergulho nas profundezas da alma em busca da luz, mesmo quando a escurid\u00e3o parece consumir tudo ao redor. <\/p>\n\n\n\n<p>Prep\u00e1rate para descubrir un <a href=\"https:\/\/mensagensqueinspiram.com.br\/es\/o-misterio-da-casa-de-caleb\/\">misterio<\/a> envuelto, donde cada sombra esconde un giro inesperado y cada personaje lleva consigo la chispa de la redenci\u00f3n.<\/p>\n\n\n\n<h2 class=\"wp-block-heading\"><span class=\"ez-toc-section\" id=\"Capitulo_1_A_Acusacao_Injusta\"><\/span><strong>Cap\u00edtulo 1: La acusaci\u00f3n injusta<\/strong><span class=\"ez-toc-section-end\"><\/span><\/h2>\n\n\n\n<p>Elise, una joven costurera de coraz\u00f3n puro y manos h\u00e1biles, viv\u00eda una existencia modesta, pero feliz, en el animado barrio de Saint-Germain-des-Pr\u00e9s. <\/p>\n\n\n\n<p>Sua vida, contudo, tomou um rumo tr\u00e1gico em uma noite fat\u00eddica. Um valioso colar de diamantes, pertencente \u00e0 influente Madame Dubois, desapareceu misteriosamente durante um baile beneficente. Para o horror de Elise, todas as suspeitas reca\u00edram sobre ela. <\/p>\n\n\n\n<p>Acusada injustamente de robo, Elise se vio atrapada en una red de circunstancias desfavorables. La noticia de la acusaci\u00f3n se extendi\u00f3 como la p\u00f3lvora, mancillando su reputaci\u00f3n y sumi\u00e9ndola en un abismo de desesperaci\u00f3n. <\/p>\n\n\n\n<p>El inspector Dubois, un hombre de ley riguroso pero justo, se hizo cargo del caso, decidido a descubrir la verdad, aunque estuviera escondida en las sombras m\u00e1s profundas de la ciudad.<\/p>\n\n\n\n<h2 class=\"wp-block-heading\"><span class=\"ez-toc-section\" id=\"Capitulo_2_Fuga_e_Desespero\"><\/span><strong>Cap\u00edtulo 2: Huida y desesperaci\u00f3n<\/strong><span class=\"ez-toc-section-end\"><\/span><\/h2>\n\n\n\n<p>Desesperada y temiendo una injusta prisi\u00f3n, Elise tom\u00f3 la dolorosa decisi\u00f3n de huir. Abandon\u00f3 la comodidad de su hogar y se sumergi\u00f3 en los oscuros y laber\u00ednticos callejones de Par\u00eds, un mundo subterr\u00e1neo donde la esperanza parec\u00eda ser solo un espejismo lejano. <\/p>\n\n\n\n<p>La soledad y el miedo se convirtieron en sus compa\u00f1eros constantes. Hambrienta, agotada y con el coraz\u00f3n destrozado, Elise se preguntaba si alguna vez se har\u00eda justicia. <\/p>\n\n\n\n<p>En medio de su angustiosa huida, encontr\u00f3 refugio en un antiguo teatro abandonado, escenario de recuerdos olvidados y ecos del pasado. <\/p>\n\n\n\n<p>All\u00ed, bajo la tenue luz de la luna que se filtraba entre las ruinas, Elise record\u00f3 las ense\u00f1anzas de su padre, un hombre \u00edntegro que siempre le hab\u00eda ense\u00f1ado la importancia de la honestidad y la perseverancia, incluso ante las mayores adversidades.<\/p>\n\n\n\n<figure class=\"wp-block-image size-full\"><img loading=\"lazy\" decoding=\"async\" width=\"1024\" height=\"768\" src=\"https:\/\/mensagensqueinspiram.com.br\/wp-content\/uploads\/2025\/02\/desesperada-e-temendo-a-prisao-injusta-elise-tomou-a-dolorosa.png\" alt=\"Las sombras de la inocencia\" class=\"wp-image-978\" srcset=\"https:\/\/mensagensqueinspiram.com.br\/wp-content\/uploads\/2025\/02\/desesperada-e-temendo-a-prisao-injusta-elise-tomou-a-dolorosa.png 1024w, https:\/\/mensagensqueinspiram.com.br\/wp-content\/uploads\/2025\/02\/desesperada-e-temendo-a-prisao-injusta-elise-tomou-a-dolorosa-300x225.png 300w, https:\/\/mensagensqueinspiram.com.br\/wp-content\/uploads\/2025\/02\/desesperada-e-temendo-a-prisao-injusta-elise-tomou-a-dolorosa-768x576.png 768w, https:\/\/mensagensqueinspiram.com.br\/wp-content\/uploads\/2025\/02\/desesperada-e-temendo-a-prisao-injusta-elise-tomou-a-dolorosa-640x480.png 640w\" sizes=\"auto, (max-width: 1024px) 100vw, 1024px\" \/><\/figure>\n\n\n\n<h2 class=\"wp-block-heading\"><span class=\"ez-toc-section\" id=\"Capitulo_3_O_Encontro_Inesperado_com_Valois\"><\/span><strong>Cap\u00edtulo 3: El encuentro inesperado con Valois<\/strong><span class=\"ez-toc-section-end\"><\/span><\/h2>\n\n\n\n<p>Mientras buscaba restos de comida en un mercado concurrido, Elise se top\u00f3 con un hombre de mirada cansada, pero de postura imponente. <\/p>\n\n\n\n<p>Era Jean Valois, un exconvicto que cargaba con el peso de un pasado oscuro, pero que luchaba por seguir el camino de la redenci\u00f3n. <\/p>\n\n\n\n<p>Al reconocer la angustia en los ojos de la joven, Valois le ofreci\u00f3 ayuda. Aunque al principio dud\u00f3, Elise acab\u00f3 aceptando la mano que le tend\u00eda aquel desconocido, al darse cuenta de que Valois era un aliado inesperado, pero quiz\u00e1 esencial para demostrar su inocencia. <\/p>\n\n\n\n<p>Valois, movido por un sentido de la justicia y la compasi\u00f3n, decidi\u00f3 utilizar sus conocimientos del submundo parisino para ayudar a Elise en la b\u00fasqueda de la verdad.<\/p>\n\n\n\n<h2 class=\"wp-block-heading\"><span class=\"ez-toc-section\" id=\"Capitulo_4_A_Investigacao_nas_Sombras\"><\/span><strong>Cap\u00edtulo 4: La investigaci\u00f3n en las sombras<\/strong><span class=\"ez-toc-section-end\"><\/span><\/h2>\n\n\n\n<p>Juntos, Elise y Valois iniciaron una investigaci\u00f3n clandestina, sumergi\u00e9ndose en los rincones m\u00e1s oscuros de Par\u00eds.<\/p>\n\n\n\n<p>Recorrieron tabernas decadentes, callejones olvidados y burdeles lujosos, siguiendo pistas tenues e interrogando a personajes dudosos. <\/p>\n\n\n\n<p>A cada paso, el misterio se hac\u00eda m\u00e1s profundo, revelando una compleja red de intrigas y secretos. Descubrieron que Madame Dubois era una mujer influyente y rodeada de enemigos, y que el collar robado podr\u00eda ser solo la punta del iceberg de una conspiraci\u00f3n mucho mayor. <\/p>\n\n\n\n<p>El inspector Dubois, siguiendo su propia l\u00ednea de investigaci\u00f3n, tambi\u00e9n se acercaba a la verdad, sin saber que sus caminos pronto se cruzar\u00edan con los de Elise y Valois.<\/p>\n\n\n\n<h2 class=\"wp-block-heading\"><span class=\"ez-toc-section\" id=\"Capitulo_5_A_Reviravolta_e_a_Verdade_Revelada\"><\/span><strong>Cap\u00edtulo 5: El giro y la verdad revelada<\/strong><span class=\"ez-toc-section-end\"><\/span><\/h2>\n\n\n\n<p>En un tenso enfrentamiento en un almac\u00e9n abandonado, la verdad finalmente sali\u00f3 a la luz. Se descubri\u00f3 que el robo del collar hab\u00eda sido orquestado por un rival comercial de Monsieur Dubois, el marido de Madame Dubois. <\/p>\n\n\n\n<p>Este rival, movido por inveja e gan\u00e2ncia, planejou incriminar Elise para desviar as suspeitas e prejudicar a reputa\u00e7\u00e3o da fam\u00edlia Dubois. <\/p>\n\n\n\n<p>Madame Dubois, sin saber la verdad, cre\u00eda en la culpabilidad de Elise, influenciada por las maquinaciones del verdadero culpable. <\/p>\n\n\n\n<p>Valois, usando sua ast\u00facia e coragem, conseguiu desmascarar o conspirador e recuperar o colar roubado, provando a inoc\u00eancia de Elise de uma vez por todas.<\/p>\n\n\n\n<figure class=\"wp-block-image size-full\"><img loading=\"lazy\" decoding=\"async\" width=\"1024\" height=\"768\" src=\"https:\/\/mensagensqueinspiram.com.br\/wp-content\/uploads\/2025\/02\/em-um-confronto-tenso-em-um-armazem-abandonado-a-verdade.png\" alt=\"\" class=\"wp-image-979\" srcset=\"https:\/\/mensagensqueinspiram.com.br\/wp-content\/uploads\/2025\/02\/em-um-confronto-tenso-em-um-armazem-abandonado-a-verdade.png 1024w, https:\/\/mensagensqueinspiram.com.br\/wp-content\/uploads\/2025\/02\/em-um-confronto-tenso-em-um-armazem-abandonado-a-verdade-300x225.png 300w, https:\/\/mensagensqueinspiram.com.br\/wp-content\/uploads\/2025\/02\/em-um-confronto-tenso-em-um-armazem-abandonado-a-verdade-768x576.png 768w, https:\/\/mensagensqueinspiram.com.br\/wp-content\/uploads\/2025\/02\/em-um-confronto-tenso-em-um-armazem-abandonado-a-verdade-640x480.png 640w\" sizes=\"auto, (max-width: 1024px) 100vw, 1024px\" \/><\/figure>\n\n\n\n<h2 class=\"wp-block-heading\"><span class=\"ez-toc-section\" id=\"Capitulo_6_Luz_e_Redencao\"><\/span><strong>Cap\u00edtulo 6: Luz y redenci\u00f3n<\/strong><span class=\"ez-toc-section-end\"><\/span><\/h2>\n\n\n\n<p>Con la verdad finalmente revelada, Elise fue exonerada de todos los cargos. Su reputaci\u00f3n fue restaurada y su inocencia proclamada a los cuatro vientos. <\/p>\n\n\n\n<p>El inspector Dubois, reconociendo la valent\u00eda y perseverancia de Elise y Valois, les agradeci\u00f3 a ambos su ayuda en la resoluci\u00f3n del caso. <\/p>\n\n\n\n<p>Madame Dubois, profundamente arrependida por ter duvidado de Elise, pediu-lhe perd\u00e3o e ofereceu-lhe uma posi\u00e7\u00e3o de destaque em sua casa de alta costura. <\/p>\n\n\n\n<p>Elise acept\u00f3 la disculpa, pero rechaz\u00f3 la oferta de trabajo, decidiendo seguir su propio camino y utilizar su experiencia para ayudar a otras personas injustamente tratadas. <\/p>\n\n\n\n<p>Valois, por su parte, encontr\u00f3 en la redenci\u00f3n de Elise la esperanza para su propio camino hacia la reconstrucci\u00f3n. <\/p>\n\n\n\n<p>La moraleja de la historia resonaba con fuerza: <strong>La verdad siempre prevalece sobre la mentira, la justicia puede tardar, pero nunca falla, y la esperanza es la luz que nos gu\u00eda incluso en las noches m\u00e1s oscuras.<\/strong> <\/p>\n\n\n\n<p>La historia de Elise se convirti\u00f3 en un faro de <a href=\"https:\/\/mensagensqueinspiram.com.br\/es\/a-dose-diaria-de-inspiracao\/\">inspiraci\u00f3n<\/a>, recordando a todos que la inocencia, el coraje y la perseverancia son armas poderosas contra la injusticia y que la redenci\u00f3n siempre es posible, incluso para aquellos que se han perdido en las sombras.<\/p>\n\n\n\n<p>Continue a se inspirar e a buscar mensagens positivas em: <a href=\"https:\/\/mensagensqueinspiram.com.br\/es\/\">Mensajes que inspiran<\/a><\/p>\n\n\n\n<h3 class=\"wp-block-heading has-text-align-center has-theme-palette-9-color has-text-color has-background has-link-color wp-elements-b2d4dc79592ce1a901fe656f67ea0bc5\" style=\"background-color:#150042\"><span class=\"ez-toc-section\" id=\"FAQ_%E2%80%93_Perguntas_Frequentes\"><\/span><strong>Preguntas frecuentes<\/strong><span class=\"ez-toc-section-end\"><\/span><\/h3>\n\n\n\n<figure class=\"wp-block-table is-style-stripes\"><table class=\"has-theme-palette-8-background-color has-background has-fixed-layout\"><tbody><tr><th>Pregunta<\/th><th>Respuesta<\/th><\/tr><tr><td>\u00bfCu\u00e1l es el mensaje principal de este cuento?<\/td><td>El mensaje principal es que la verdad y la justicia siempre prevalecen, la esperanza es fundamental y la redenci\u00f3n es posible para todos.<\/td><\/tr><tr><td>\u00bfEn qu\u00e9 per\u00edodo hist\u00f3rico se desarrolla la historia?<\/td><td>La historia se desarrolla en el Par\u00eds del siglo XIX, un periodo marcado por contrastes sociales y grandes cambios.<\/td><\/tr><tr><td>\u00bfQui\u00e9n es el personaje principal?<\/td><td>La protagonista es Elise, una joven costurera acusada injustamente de robo.<\/td><\/tr><tr><td>\u00bfCu\u00e1l es el papel de Jean Valois en la trama?<\/td><td>Jean Valois es un exconvicto que se convierte en un aliado inesperado de Elise, ayud\u00e1ndola a demostrar su inocencia y encontrando la redenci\u00f3n en el proceso.<\/td><\/tr><tr><td>\u00bfEl cuento tiene elementos de suspense?<\/td><td>S\u00ed, el relato mezcla misterio y suspense, con giros inesperados y una investigaci\u00f3n en busca de la verdad.<\/td><\/tr><tr><td>Qual a inspira\u00e7\u00e3o em Victor Hugo?<\/td><td>La inspiraci\u00f3n se encuentra en el estilo narrativo detallado, los temas sociales, la profundidad de los personajes y el mensaje moral presente en las obras de V\u00edctor Hugo, como en \u201cLos miserables\u201d.<\/td><\/tr><tr><td>\u00bfLa historia tiene un final feliz?<\/td><td>S\u00ed, la historia tiene un final feliz, con la justicia hecha y la inocencia de Elise demostrada, transmitiendo un mensaje de esperanza.<\/td><\/tr><tr><td>\u00bfCu\u00e1l es la lecci\u00f3n m\u00e1s importante que hay que aprender?<\/td><td>A li\u00e7\u00e3o mais importante \u00e9 a import\u00e2ncia da perseveran\u00e7a, da coragem e da f\u00e9 na justi\u00e7a, mesmo quando enfrentamos adversidades e injusti\u00e7as.<\/td><\/tr><\/tbody><\/table><\/figure>","protected":false},"excerpt":{"rendered":"<p>Las sombras de la inocencia: En medio de la densa niebla que se cern\u00eda sobre el Par\u00eds del siglo XIX, donde la opulencia y la miseria se entrelazaban como hilos de un tejido sombr\u00edo, naci\u00f3 este inspirador relato. En los laber\u00ednticos callejones y en los suntuosos salones resonaban los clamores de justicia y los susurros de esperanza, temas muy queridos por...<\/p>","protected":false},"author":1,"featured_media":977,"comment_status":"open","ping_status":"open","sticky":false,"template":"","format":"standard","meta":{"rop_custom_images_group":[],"rop_custom_messages_group":[],"rop_publish_now":"initial","rop_publish_now_accounts":{"facebook_122186298128049666_540220039169035":""},"rop_publish_now_history":[],"rop_publish_now_status":"pending","rank_math_focus_keyword":"","rank_math_description":"","_kad_post_transparent":"","_kad_post_title":"","_kad_post_layout":"","_kad_post_sidebar_id":"","_kad_post_content_style":"","_kad_post_vertical_padding":"","_kad_post_feature":"","_kad_post_feature_position":"","_kad_post_header":false,"_kad_post_footer":false,"_kad_post_classname":"","_jetpack_memberships_contains_paid_content":false,"footnotes":"","jetpack_publicize_message":"","jetpack_publicize_feature_enabled":true,"jetpack_social_post_already_shared":true,"jetpack_social_options":{"image_generator_settings":{"template":"highway","enabled":false},"version":2}},"categories":[5],"tags":[],"class_list":["post-975","post","type-post","status-publish","format-standard","has-post-thumbnail","hentry","category-motivacao-diaria"],"jetpack_publicize_connections":[],"jetpack_featured_media_url":"https:\/\/mensagensqueinspiram.com.br\/wp-content\/uploads\/2025\/02\/image-19.png","jetpack_sharing_enabled":true,"_links":{"self":[{"href":"https:\/\/mensagensqueinspiram.com.br\/es\/wp-json\/wp\/v2\/posts\/975","targetHints":{"allow":["GET"]}}],"collection":[{"href":"https:\/\/mensagensqueinspiram.com.br\/es\/wp-json\/wp\/v2\/posts"}],"about":[{"href":"https:\/\/mensagensqueinspiram.com.br\/es\/wp-json\/wp\/v2\/types\/post"}],"author":[{"embeddable":true,"href":"https:\/\/mensagensqueinspiram.com.br\/es\/wp-json\/wp\/v2\/users\/1"}],"replies":[{"embeddable":true,"href":"https:\/\/mensagensqueinspiram.com.br\/es\/wp-json\/wp\/v2\/comments?post=975"}],"version-history":[{"count":1,"href":"https:\/\/mensagensqueinspiram.com.br\/es\/wp-json\/wp\/v2\/posts\/975\/revisions"}],"predecessor-version":[{"id":980,"href":"https:\/\/mensagensqueinspiram.com.br\/es\/wp-json\/wp\/v2\/posts\/975\/revisions\/980"}],"wp:featuredmedia":[{"embeddable":true,"href":"https:\/\/mensagensqueinspiram.com.br\/es\/wp-json\/wp\/v2\/media\/977"}],"wp:attachment":[{"href":"https:\/\/mensagensqueinspiram.com.br\/es\/wp-json\/wp\/v2\/media?parent=975"}],"wp:term":[{"taxonomy":"category","embeddable":true,"href":"https:\/\/mensagensqueinspiram.com.br\/es\/wp-json\/wp\/v2\/categories?post=975"},{"taxonomy":"post_tag","embeddable":true,"href":"https:\/\/mensagensqueinspiram.com.br\/es\/wp-json\/wp\/v2\/tags?post=975"}],"curies":[{"name":"wp","href":"https:\/\/api.w.org\/{rel}","templated":true}]}}