{"id":5171,"date":"2026-03-08T16:15:18","date_gmt":"2026-03-08T19:15:18","guid":{"rendered":"https:\/\/mensagensqueinspiram.com.br\/legendas-para-fotos-de-tbt-em-familia\/"},"modified":"2026-03-08T16:15:18","modified_gmt":"2026-03-08T19:15:18","slug":"legendes-pour-les-photos-de-famille","status":"publish","type":"post","link":"https:\/\/mensagensqueinspiram.com.br\/fr\/legendas-para-fotos-de-tbt-em-familia\/","title":{"rendered":"La famille \u00e0 l'honneur ! Des l\u00e9gendes qui feront vibrer vos photos"},"content":{"rendered":"<div id=\"ez-toc-container\" class=\"ez-toc-v2_0_82_2 counter-hierarchy ez-toc-counter ez-toc-custom ez-toc-container-direction\">\n<div class=\"ez-toc-title-container\">\n<p class=\"ez-toc-title\" style=\"cursor:inherit\">Index<\/p>\n<span class=\"ez-toc-title-toggle\"><a href=\"#\" class=\"ez-toc-pull-right ez-toc-btn ez-toc-btn-xs ez-toc-btn-default ez-toc-toggle\" aria-label=\"Toggle Table of Content\"><span class=\"ez-toc-js-icon-con\"><span class=\"\"><span class=\"eztoc-hide\" style=\"display:none;\">Basculer<\/span><span class=\"ez-toc-icon-toggle-span\"><svg style=\"fill: #150042;color:#150042\" xmlns=\"http:\/\/www.w3.org\/2000\/svg\" class=\"list-377408\" width=\"20px\" height=\"20px\" viewbox=\"0 0 24 24\" fill=\"none\"><path d=\"M6 6H4v2h2V6zm14 0H8v2h12V6zM4 11h2v2H4v-2zm16 0H8v2h12v-2zM4 16h2v2H4v-2zm16 0H8v2h12v-2z\" fill=\"currentColor\"><\/path><\/svg><svg style=\"fill: #150042;color:#150042\" class=\"arrow-unsorted-368013\" xmlns=\"http:\/\/www.w3.org\/2000\/svg\" width=\"10px\" height=\"10px\" viewbox=\"0 0 24 24\" version=\"1.2\" baseprofile=\"tiny\"><path d=\"M18.2 9.3l-6.2-6.3-6.2 6.3c-.2.2-.3.4-.3.7s.1.5.3.7c.2.2.4.3.7.3h11c.3 0 .5-.1.7-.3.2-.2.3-.5.3-.7s-.1-.5-.3-.7zM5.8 14.7l6.2 6.3 6.2-6.3c.2-.2.3-.5.3-.7s-.1-.5-.3-.7c-.2-.2-.4-.3-.7-.3h-11c-.3 0-.5.1-.7.3-.2.2-.3.5-.3.7s.1.5.3.7z\"\/><\/svg><\/span><\/span><\/span><\/a><\/span><\/div>\n<nav><ul class='ez-toc-list ez-toc-list-level-1 eztoc-toggle-hide-by-default' ><li class='ez-toc-page-1 ez-toc-heading-level-2'><a class=\"ez-toc-link ez-toc-heading-1\" href=\"https:\/\/mensagensqueinspiram.com.br\/fr\/legendas-para-fotos-de-tbt-em-familia\/#A_Magia_do_TBT_em_Familia\" >A Magia do TBT em Fam\u00edlia<\/a><\/li><li class='ez-toc-page-1 ez-toc-heading-level-2'><a class=\"ez-toc-link ez-toc-heading-2\" href=\"https:\/\/mensagensqueinspiram.com.br\/fr\/legendas-para-fotos-de-tbt-em-familia\/#Legendas_Curtas_e_Doces_para_TBT_Familia\" >Legendas Curtas e Doces para TBT Fam\u00edlia<\/a><\/li><li class='ez-toc-page-1 ez-toc-heading-level-2'><a class=\"ez-toc-link ez-toc-heading-3\" href=\"https:\/\/mensagensqueinspiram.com.br\/fr\/legendas-para-fotos-de-tbt-em-familia\/#Frases_Inspiradoras_para_Fotos_de_Familia\" >Frases Inspiradoras para Fotos de Fam\u00edlia<\/a><\/li><li class='ez-toc-page-1 ez-toc-heading-level-2'><a class=\"ez-toc-link ez-toc-heading-4\" href=\"https:\/\/mensagensqueinspiram.com.br\/fr\/legendas-para-fotos-de-tbt-em-familia\/#Humor_e_Leveza_nas_Legendas_de_TBT\" >Humor e Leveza nas Legendas de TBT<\/a><\/li><li class='ez-toc-page-1 ez-toc-heading-level-2'><a class=\"ez-toc-link ez-toc-heading-5\" href=\"https:\/\/mensagensqueinspiram.com.br\/fr\/legendas-para-fotos-de-tbt-em-familia\/#Como_Escolher_a_Legenda_Perfeita\" >Como Escolher a Legenda Perfeita<\/a><\/li><li class='ez-toc-page-1 ez-toc-heading-level-2'><a class=\"ez-toc-link ez-toc-heading-6\" href=\"https:\/\/mensagensqueinspiram.com.br\/fr\/legendas-para-fotos-de-tbt-em-familia\/#Transforme_Suas_Fotos_em_Historias_Vivas\" >Transforme Suas Fotos em Hist\u00f3rias Vivas<\/a><\/li><li class='ez-toc-page-1 ez-toc-heading-level-2'><a class=\"ez-toc-link ez-toc-heading-7\" href=\"https:\/\/mensagensqueinspiram.com.br\/fr\/legendas-para-fotos-de-tbt-em-familia\/#Cultivando_o_Amor_em_Cada_TBT\" >Cultivando o Amor em Cada TBT<\/a><\/li><li class='ez-toc-page-1 ez-toc-heading-level-2'><a class=\"ez-toc-link ez-toc-heading-8\" href=\"https:\/\/mensagensqueinspiram.com.br\/fr\/legendas-para-fotos-de-tbt-em-familia\/#FAQ_%E2%80%93_Duvidas_Comuns_Sobre_Legendas_para_Fotos_de_TBT_em_Familia\" >FAQ &#8211; D\u00favidas Comuns Sobre Legendas para Fotos de TBT em Fam\u00edlia<\/a><ul class='ez-toc-list-level-3' ><li class='ez-toc-heading-level-3'><a class=\"ez-toc-link ez-toc-heading-9\" href=\"https:\/\/mensagensqueinspiram.com.br\/fr\/legendas-para-fotos-de-tbt-em-familia\/#1_O_que_significa_TBT_e_por_que_usa-lo_com_a_familia\" >1. O que significa TBT e por que us\u00e1-lo com a fam\u00edlia?<\/a><\/li><li class='ez-toc-page-1 ez-toc-heading-level-3'><a class=\"ez-toc-link ez-toc-heading-10\" href=\"https:\/\/mensagensqueinspiram.com.br\/fr\/legendas-para-fotos-de-tbt-em-familia\/#2_Como_escolher_a_legenda_ideal_para_uma_foto_antiga\" >2. Como escolher a legenda ideal para uma foto antiga?<\/a><\/li><li class='ez-toc-page-1 ez-toc-heading-level-3'><a class=\"ez-toc-link ez-toc-heading-11\" href=\"https:\/\/mensagensqueinspiram.com.br\/fr\/legendas-para-fotos-de-tbt-em-familia\/#3_Posso_usar_humor_nas_minhas_legendas_de_TBT_em_familia\" >3. Posso usar humor nas minhas legendas de TBT em fam\u00edlia?<\/a><\/li><li class='ez-toc-page-1 ez-toc-heading-level-3'><a class=\"ez-toc-link ez-toc-heading-12\" href=\"https:\/\/mensagensqueinspiram.com.br\/fr\/legendas-para-fotos-de-tbt-em-familia\/#4_O_que_escrever_quando_a_foto_de_familia_ja_diz_tudo\" >4. O que escrever quando a foto de fam\u00edlia j\u00e1 diz tudo?<\/a><\/li><li class='ez-toc-page-1 ez-toc-heading-level-3'><a class=\"ez-toc-link ez-toc-heading-13\" href=\"https:\/\/mensagensqueinspiram.com.br\/fr\/legendas-para-fotos-de-tbt-em-familia\/#5_E_preciso_postar_o_TBT_apenas_nas_quintas-feiras\" >5. \u00c9 preciso postar o TBT apenas nas quintas-feiras?<\/a><\/li><\/ul><\/li><\/ul><\/nav><\/div>\n\n<p>Quem n\u00e3o ama reviver mem\u00f3rias especiais? Aquelas fotos de <strong>TBT em fam\u00edlia<\/strong> guardam hist\u00f3rias, risadas e muito amor. Eu sei o quanto \u00e9 bom olhar para tr\u00e1s e sentir o calor desses momentos, e como uma legenda perfeita pode dar vida nova a cada imagem.<\/p>\n\n\n\n<p>Mas, \u00e0s vezes, encontrar as palavras certas para expressar tudo isso pode ser um desafio, n\u00e3o \u00e9? Por isso, eu preparei uma sele\u00e7\u00e3o carinhosa de ideias para voc\u00ea transformar suas lembran\u00e7as em verdadeiras mensagens de carinho.<\/p>\n\n\n\n<h2 class=\"wp-block-heading\"><span class=\"ez-toc-section\" id=\"A_Magia_do_TBT_em_Familia\"><\/span>A Magia do TBT em Fam\u00edlia<span class=\"ez-toc-section-end\"><\/span><\/h2>\n\n\n\n<p>Eu sempre acreditei que abrir um <strong>\u00e1lbum de fotos antigo<\/strong> \u00e9 como abrir um portal para a nossa pr\u00f3pria ess\u00eancia.<\/p>\n\n\n\n<p>O termo <em>Throwback Thursday<\/em>, ou simplesmente <strong>TBT<\/strong>, tornou-se um ritual semanal maravilhoso para todos n\u00f3s.<\/p>\n\n\n\n<p>Para mim, resgatar uma foto de fam\u00edlia n\u00e3o \u00e9 apenas postar uma imagem, mas sim <strong>honrar nossa hist\u00f3ria<\/strong>.<\/p>\n\n\n\n<p>Cada registro guarda o cheiro de um caf\u00e9, o som de uma risada ou o calor de um <strong>abra\u00e7o apertado<\/strong>.<\/p>\n\n\n\n<p>Reviver esses momentos fortalece os la\u00e7os que o tempo e a rotina, \u00e0s vezes, tentam desgastar no dia a dia.<\/p>\n\n\n\n<p>Comme vous l'avez dit <strong>M\u00e1rio Quintana<\/strong>: <em>\u201c Le pass\u00e9 ne reconna\u00eet pas sa place : il est toujours pr\u00e9sent. \u201d<\/em><\/p>\n\n\n\n<p>Eu sinto que, ao compartilhar um <strong>TBT em fam\u00edlia<\/strong>, estamos dizendo ao mundo o quanto somos gratos.<\/p>\n\n\n\n<p>\u00c9 um exerc\u00edcio de <strong>gratid\u00e3o profunda<\/strong> por quem caminhou ao nosso lado e moldou quem somos hoje.<\/p>\n\n\n\n<p><em>&#8220;A fam\u00edlia \u00e9 como galhos de uma \u00e1rvore; todos crescemos em dire\u00e7\u00f5es diferentes, mas nossa raiz \u00e9 a mesma.&#8221;<\/em> (Autor Desconhecido).<\/p>\n\n\n\n<p>Eu vejo o <strong>TBT<\/strong> como um lembrete visual de que o amor \u00e9 a \u00fanica heran\u00e7a que realmente importa.<\/p>\n\n\n\n<p>Celebrar essas mem\u00f3rias \u00e9 manter viva a chama da nossa <strong>identidade familiar<\/strong> em meio ao caos moderno.<\/p>\n\n\n\n<p><em>&#8220;A mem\u00f3ria \u00e9 o \u00fanico para\u00edso do qual n\u00e3o podemos ser expulsos.&#8221;<\/em> \u2014 <strong>Jean Paul<\/strong>.<\/p>\n\n\n\n<p>Sempre que escolho uma foto antiga, sinto uma onda de <strong>nostalgia doce<\/strong> invadir o meu peito.<\/p>\n\n\n\n<p>\u00c9 sobre reconhecer que cada fase, por mais simples que fosse, teve o seu <strong>valor \u00fanico<\/strong>.<\/p>\n\n\n\n<p><em>&#8220;O que a mem\u00f3ria ama, fica eterno.&#8221;<\/em> \u2014 <strong>Ad\u00e9lia Prado<\/strong>.<\/p>\n\n\n\n<p>Eu convido voc\u00ea a olhar para suas fotos hoje n\u00e3o como papel ou pixels, mas como <strong>tesouros emocionais<\/strong>.<\/p>\n\n\n\n<p>Afinal, a fam\u00edlia \u00e9 o nosso porto seguro, o lugar onde a vida come\u00e7a e o <strong>amor nunca termina<\/strong>.<\/p>\n\n\n\n<h2 class=\"wp-block-heading\"><span class=\"ez-toc-section\" id=\"Legendas_Curtas_e_Doces_para_TBT_Familia\"><\/span>Legendas Curtas e Doces para TBT Fam\u00edlia<span class=\"ez-toc-section-end\"><\/span><\/h2>\n\n\n\n<figure class=\"wp-block-image\"><img decoding=\"async\" src=\"https:\/\/mensagensqueinspiram.com.br\/wp-content\/uploads\/2026\/03\/maos-que-guardam-memorias.webp\" alt=\"M\u00e3os segurando foto de fam\u00edlia vintage\" title=\"M\u00e3os que Guardam Mem\u00f3rias\"\/><figcaption class=\"wp-element-caption\">Pequenos gestos, grandes lembran\u00e7as.<\/figcaption><\/figure>\n\n\n\n<p>\u00c0s vezes, eu sinto que o sentimento \u00e9 t\u00e3o grande que <strong>poucas palavras<\/strong> j\u00e1 dizem tudo o que precisamos.<\/p>\n\n\n\n<p>Uma legenda curta pode ser poderosa se carregar a <strong>sinc\u00e9rit\u00e9<\/strong> do seu cora\u00e7\u00e3o naquele momento.<\/p>\n\n\n\n<p>Eu preparei algumas op\u00e7\u00f5es que eu mesmo usaria para expressar esse <strong>carinho genu\u00edno<\/strong>:<\/p>\n\n\n\n<ul class=\"wp-block-list\">\n<li><strong>Minha base<\/strong>, meu tudo.<\/li>\n\n\n\n<li>Onde a vida come\u00e7a e o <strong>amor nunca acaba<\/strong>.<\/li>\n\n\n\n<li>Saudade desse dia e desse <strong>c\u00e2lin<\/strong>.<\/li>\n\n\n\n<li>Minha fam\u00edlia, meu <strong>melhor presente<\/strong>.<\/li>\n\n\n\n<li>Colecionando mem\u00f3rias e <strong>muito amor<\/strong>.<\/li>\n<\/ul>\n\n\n\n<p>Comme je l'ai dit <strong>Eur\u00edpedes<\/strong>: <em>&#8220;A maior felicidade \u00e9 a certeza de que nossa fam\u00edlia nos ama&#8221;<\/em>.<\/p>\n\n\n\n<p>J'aime \u00e0 penser que ces phrases fonctionnent comme un <strong>abra\u00e7o r\u00e1pido<\/strong> em quem v\u00ea a postagem.<\/p>\n\n\n\n<p><em>&#8220;Fam\u00edlia: onde a mente encontra paz e o cora\u00e7\u00e3o encontra lar.&#8221;<\/em> (Autor Desconhecido).<\/p>\n\n\n\n<p>Muitas vezes, uma foto de inf\u00e2ncia pede apenas um: <strong>&#8220;Como o tempo voa!&#8221;<\/strong>.<\/p>\n\n\n\n<p>Ou talvez algo mais profundo como: <em>&#8220;Onde h\u00e1 fam\u00edlia, h\u00e1 <a href=\"https:\/\/mensagensqueinspiram.com.br\/fr\/um-estranho-em-meio-a-neblina\/\">espoir<\/a>.\u201d<\/em> \u2014 <strong>Papa Francisco<\/strong>.<\/p>\n\n\n\n<p>Eu acredito que a simplicidade \u00e9 o \u00faltimo grau da <strong>sofistica\u00e7\u00e3o emocional<\/strong>.<\/p>\n\n\n\n<p><em>&#8220;A paz e a harmonia em fam\u00edlia s\u00e3o o maior tesouro da vida.&#8221;<\/em> \u2014 <strong>Lao Tse<\/strong>.<\/p>\n\n\n\n<p>Se a foto for com seus pais, tente: <em>&#8220;Meus primeiros her\u00f3is, meu eterno amor.&#8221;<\/em><\/p>\n\n\n\n<p><em>&#8220;Um homem nunca deve negligenciar sua fam\u00edlia por neg\u00f3cios.&#8221;<\/em> \u2014 <strong>Walt Disney<\/strong>.<\/p>\n\n\n\n<p>Para fotos com irm\u00e3os, eu adoro: <strong>&#8220;Parceiros de vida e de travessuras.&#8221;<\/strong><\/p>\n\n\n\n<p><em>&#8220;Irm\u00e3os s\u00e3o amigos que o destino nos deu.&#8221;<\/em> (Autor Desconhecido).<\/p>\n\n\n\n<p>Eu sinto que a do\u00e7ura de uma legenda curta reside na sua <strong>capacidade de ser direta<\/strong>.<\/p>\n\n\n\n<p><em>&#8220;A fam\u00edlia \u00e9 o teste da liberdade; pois a fam\u00edlia \u00e9 a \u00fanica coisa que o homem livre faz por si mesmo e para si mesmo.&#8221;<\/em> \u2014 <strong>Gilbert Keith Chesterton<\/strong>.<\/p>\n\n\n\n<p>Escolha aquela que faz seu <strong>cora\u00e7\u00e3o vibrar<\/strong> ao olhar para a imagem escolhida.<\/p>\n\n\n\n<h2 class=\"wp-block-heading\"><span class=\"ez-toc-section\" id=\"Frases_Inspiradoras_para_Fotos_de_Familia\"><\/span>Frases Inspiradoras para Fotos de Fam\u00edlia<span class=\"ez-toc-section-end\"><\/span><\/h2>\n\n\n\n<p>Quando eu quero algo mais elaborado, busco frases que tragam uma <strong>reflex\u00e3o profunda<\/strong> sobre a uni\u00e3o.<\/p>\n\n\n\n<p>A fam\u00edlia n\u00e3o \u00e9 apenas um grupo de pessoas, mas um <strong>ecossistema de afeto<\/strong> e prote\u00e7\u00e3o.<\/p>\n\n\n\n<p>Eu selecionei pensamentos que elevam o status da sua foto para uma verdadeira <strong>homenagem<\/strong>.<\/p>\n\n\n\n<p><em>&#8220;O amor da fam\u00edlia e a admira\u00e7\u00e3o dos amigos s\u00e3o muito mais importantes do que a riqueza e o privil\u00e9gio.&#8221;<\/em> \u2014 <strong>Charles Kuralt<\/strong>.<\/p>\n\n\n\n<p>Eu vejo essa cita\u00e7\u00e3o como um lembrete do que realmente <strong>tem valor<\/strong> na nossa exist\u00eancia.<\/p>\n\n\n\n<p><em>&#8220;A fam\u00edlia \u00e9 o n\u00facleo da civiliza\u00e7\u00e3o.&#8221;<\/em> \u2014 <strong>Will Durant<\/strong>.<\/p>\n\n\n\n<p>Se voc\u00ea quer falar sobre a for\u00e7a dos la\u00e7os, considere esta:<\/p>\n\n\n\n<p><em>&#8220;Os la\u00e7os de fam\u00edlia s\u00e3o os \u00fanicos que permanecem para sempre.&#8221;<\/em> \u2014 <strong>Clarice Lispector<\/strong>.<\/p>\n\n\n\n<p>Eu amo como Clarice consegue ser profunda e <strong>direta ao ponto<\/strong> sobre nossas ra\u00edzes.<\/p>\n\n\n\n<p><em>&#8220;Paz \u00e9 a beleza da vida. \u00c9 a luz do sol. \u00c9 o sorriso de uma crian\u00e7a, o amor de uma m\u00e3e, a alegria de um pai, a uni\u00e3o de uma fam\u00edlia.&#8221;<\/em> \u2014 <strong>Menachem Begin<\/strong>.<\/p>\n\n\n\n<p>Essa frase \u00e9 perfeita para fotos de <strong>reuni\u00f5es de domingo<\/strong> ou festas de anivers\u00e1rio.<\/p>\n\n\n\n<p><em>&#8220;A fam\u00edlia \u00e9 a b\u00fassola que nos guia. Ela \u00e9 a <a href=\"https:\/\/mensagensqueinspiram.com.br\/fr\/a-dose-diaria-de-inspiracao\/\">inspiration<\/a> para alcan\u00e7armos grandes alturas.&#8221;<\/em> \u2014 <strong>Brad Henry<\/strong>.<\/p>\n\n\n\n<p>Eu sinto que, sem esse apoio, nossas conquistas seriam muito mais <strong>vazias e solit\u00e1rias<\/strong>.<\/p>\n\n\n\n<p><em>&#8220;O que voc\u00ea pode fazer para promover a paz mundial? V\u00e1 para casa e ame sua fam\u00edlia.&#8221;<\/em> \u2014 <strong>M\u00e8re Teresa de Calcutta<\/strong>.<\/p>\n\n\n\n<p>Essa \u00e9, sem d\u00favida, uma das minhas cita\u00e7\u00f5es favoritas para um <strong>TBT cheio de prop\u00f3sito<\/strong>.<\/p>\n\n\n\n<p><em>&#8220;Ter um lugar para ir \u00e9 lar. Ter algu\u00e9m para amar \u00e9 fam\u00edlia. Ter os dois \u00e9 uma b\u00ean\u00e7\u00e3o.&#8221;<\/em> (Autor Desconhecido).<\/p>\n\n\n\n<p>Eu acredito que a gratid\u00e3o \u00e9 a chave para uma <strong>vie \u00e9panouie<\/strong> e feliz ao lado dos nossos.<\/p>\n\n\n\n<p><em>&#8220;A fam\u00edlia \u00e9 um dos planos de Deus para a felicidade humana.&#8221;<\/em> \u2014 <strong>M. Russell Ballard<\/strong>.<\/p>\n\n\n\n<p>Use essas palavras para mostrar que sua fam\u00edlia \u00e9 o seu <strong>maior tesouro<\/strong>.<\/p>\n\n\n\n<p><em>&#8220;N\u00e3o importa o qu\u00e3o grande seja a sua casa, importa que haja amor nela.&#8221;<\/em> (Autor Desconhecido).<\/p>\n\n\n\n<p>Eu espero que essas frases inspirem voc\u00ea a olhar para sua foto com <strong>novos olhos<\/strong>.<\/p>\n\n\n\n<h2 class=\"wp-block-heading\"><span class=\"ez-toc-section\" id=\"Humor_e_Leveza_nas_Legendas_de_TBT\"><\/span>Humor e Leveza nas Legendas de TBT<span class=\"ez-toc-section-end\"><\/span><\/h2>\n\n\n\n<figure class=\"wp-block-image\"><img decoding=\"async\" src=\"https:\/\/mensagensqueinspiram.com.br\/wp-content\/uploads\/2026\/03\/momentos-engracados-em-familia.webp\" alt=\"legendas para fotos de tbt em familia com humor\" title=\"Momentos Engra\u00e7ados em Fam\u00edlia\"\/><figcaption class=\"wp-element-caption\">Pequenos gestos, grandes lembran\u00e7as.<\/figcaption><\/figure>\n\n\n\n<p>Nem todo <strong>TBT<\/strong> precisa ser emocionante ou reflexivo; \u00e0s vezes, a gente s\u00f3 quer rir.<\/p>\n\n\n\n<p>Eu adoro aquelas fotos de fam\u00edlia onde todo mundo est\u00e1 fazendo <strong>careta<\/strong> ou algo deu errado.<\/p>\n\n\n\n<p>Afinal, a perfei\u00e7\u00e3o \u00e9 chata, e o que nos une s\u00e3o as nossas <strong>loucuras compartilhadas<\/strong>.<\/p>\n\n\n\n<p><em>&#8220;Fam\u00edlia \u00e9 tudo igual, mas a nossa consegue ser um pouquinho mais doida.&#8221;<\/em> (Autor Desconhecido).<\/p>\n\n\n\n<p>Eu sinto que o humor \u00e9 o <strong>tempero essencial<\/strong> de qualquer conviv\u00eancia saud\u00e1vel.<\/p>\n\n\n\n<p><em>&#8220;Se voc\u00ea n\u00e3o acredita em fantasmas, voc\u00ea nunca esteve em uma reuni\u00e3o de fam\u00edlia.&#8221;<\/em> \u2014 <strong>Ashleigh Brilliant<\/strong>.<\/p>\n\n\n\n<p>Essa frase sempre me faz rir, lembrando daquelas hist\u00f3rias de <strong>parentes distantes<\/strong>.<\/p>\n\n\n\n<p><em>&#8220;A felicidade \u00e9 ter uma fam\u00edlia grande, amorosa, dedicada e que vive em outra cidade.&#8221;<\/em> \u2014 <strong>George Burns<\/strong>.<\/p>\n\n\n\n<p>Brincadeiras \u00e0 parte, o humor cria mem\u00f3rias que duram tanto quanto as <strong>emocionantes<\/strong>.<\/p>\n\n\n\n<p><em>&#8220;Minha fam\u00edlia \u00e9 meu porto seguro, mas \u00e0s vezes eu queria que o porto fosse um pouco mais silencioso.&#8221;<\/em> (Autor Desconhecido).<\/p>\n\n\n\n<p>Eu gosto de usar legendas engra\u00e7adas para mostrar a <strong>authenticit\u00e9<\/strong> do nosso dia a dia.<\/p>\n\n\n\n<ul class=\"wp-block-list\">\n<li><strong>Legenda:<\/strong> &#8220;Nesta foto, ningu\u00e9m estava brigando. Um milagre de TBT!&#8221;<\/li>\n\n\n\n<li><strong>Legenda:<\/strong> &#8220;O DNA \u00e9 forte, mas a paci\u00eancia \u00e9 curta.&#8221;<\/li>\n\n\n\n<li><strong>Legenda:<\/strong> &#8220;A prova viva de que eu n\u00e3o fui adotado(a)!&#8221;<\/li>\n<\/ul>\n\n\n\n<p><em>&#8220;Fam\u00edlia: o \u00fanico grupo onde voc\u00ea \u00e9 obrigado a amar pessoas que voc\u00ea n\u00e3o escolheria no Tinder.&#8221;<\/em> (Autor Desconhecido).<\/p>\n\n\n\n<p>Eu acredito que rir de si mesmo \u00e9 uma prova de <strong>amor e confian\u00e7a<\/strong>.<\/p>\n\n\n\n<p><em>&#8220;A vantagem de ter uma fam\u00edlia grande \u00e9 que sempre tem algu\u00e9m para levar a culpa.&#8221;<\/em> (Autor Desconhecido).<\/p>\n\n\n\n<p>Use o humor para quebrar o gelo e trazer um <strong>sorriso ao rosto<\/strong> de quem te segue.<\/p>\n\n\n\n<p><em>&#8220;Eu amo minha fam\u00edlia, mas eles s\u00e3o a raz\u00e3o pela qual eu entendo por que alguns animais comem seus filhotes.&#8221;<\/em> (Autor Desconhecido).<\/p>\n\n\n\n<p>Lembre-se: o que importa \u00e9 a <strong>alegria de estarem juntos<\/strong>, seja como for.<\/p>\n\n\n\n<h2 class=\"wp-block-heading\"><span class=\"ez-toc-section\" id=\"Como_Escolher_a_Legenda_Perfeita\"><\/span>Como Escolher a Legenda Perfeita<span class=\"ez-toc-section-end\"><\/span><\/h2>\n\n\n\n<p>Eu sei que, \u00e0s vezes, temos a foto perfeita, mas a <strong>criatividade trava<\/strong> na hora de escrever.<\/p>\n\n\n\n<p>Para escolher a legenda ideal, eu sempre sigo alguns passos que me ajudam a <strong>conectar com a imagem<\/strong>.<\/p>\n\n\n\n<p>Primeiro, eu olho para a foto e tento lembrar: <strong>qual era o sentimento<\/strong> naquele momento exato?<\/p>\n\n\n\n<p>Se era pura alegria, vou pelo caminho do <strong>humor ou da leveza<\/strong>.<\/p>\n\n\n\n<p>Se era um momento solene ou de despedida, prefiro algo mais <strong>po\u00e9tico e profundo<\/strong>.<\/p>\n\n\n\n<p><em>&#8220;As palavras t\u00eam o poder de destruir e curar. Quando s\u00e3o verdadeiras e gentis, podem mudar o mundo.&#8221;<\/em> \u2014 <strong>Bouddha<\/strong>.<\/p>\n\n\n\n<p>Eu sinto que a legenda deve ser uma <strong>extens\u00e3o da imagem<\/strong>, n\u00e3o algo desconectado dela.<\/p>\n\n\n\n<p>Considere quem est\u00e1 na foto: \u00e9 um <strong>TBT com os av\u00f3s<\/strong>? Use algo que honre a <a href=\"https:\/\/mensagensqueinspiram.com.br\/fr\/a-sabedoria-de-gandhi\/\">sagesse<\/a> leurs.<\/p>\n\n\n\n<p><em>&#8220;Onde os av\u00f3s est\u00e3o, o amor nunca falta.&#8221;<\/em> (Autor Desconhecido).<\/p>\n\n\n\n<p>\u00c9 uma foto com os filhos? Foque no <strong>crescimento e no futuro<\/strong>.<\/p>\n\n\n\n<p><em>&#8220;Filhos s\u00e3o as \u00e2ncoras da vida de uma m\u00e3e.&#8221;<\/em> \u2014 <strong>Sophocle<\/strong>.<\/p>\n\n\n\n<p>Eu tamb\u00e9m recomendo pensar no seu <strong>p\u00fablico<\/strong>: voc\u00ea quer emocionar seus parentes ou inspirar amigos?<\/p>\n\n\n\n<p><em>&#8220;A comunica\u00e7\u00e3o \u00e9 a alma da uni\u00e3o.&#8221;<\/em> (Autor Desconhecido).<\/p>\n\n\n\n<figure class=\"wp-block-table\"><table class=\"has-fixed-layout\"><thead><tr><th class=\"has-text-align-left\" data-align=\"left\">Estilo de Legenda<\/th><th class=\"has-text-align-left\" data-align=\"left\">Quand utiliser<\/th><th class=\"has-text-align-left\" data-align=\"left\">Exemplo Curto<\/th><\/tr><\/thead><tbody><tr><td class=\"has-text-align-left\" data-align=\"left\"><strong>Nost\u00e1lgica<\/strong><\/td><td class=\"has-text-align-left\" data-align=\"left\">Fotos muito antigas<\/td><td class=\"has-text-align-left\" data-align=\"left\">&#8220;Onde tudo come\u00e7ou.&#8221;<\/td><\/tr><tr><td class=\"has-text-align-left\" data-align=\"left\"><strong>Engra\u00e7ada<\/strong><\/td><td class=\"has-text-align-left\" data-align=\"left\">Momentos espont\u00e2neos<\/td><td class=\"has-text-align-left\" data-align=\"left\">&#8220;Nossa dose di\u00e1ria de caos.&#8221;<\/td><\/tr><tr><td class=\"has-text-align-left\" data-align=\"left\"><strong>Inspirante<\/strong><\/td><td class=\"has-text-align-left\" data-align=\"left\">Paisagens ou celebra\u00e7\u00f5es<\/td><td class=\"has-text-align-left\" data-align=\"left\">&#8220;Grato por cada passo.&#8221;<\/td><\/tr><tr><td class=\"has-text-align-left\" data-align=\"left\"><strong>Curta<\/strong><\/td><td class=\"has-text-align-left\" data-align=\"left\">Selfies r\u00e1pidas<\/td><td class=\"has-text-align-left\" data-align=\"left\">&#8220;Meu porto seguro.&#8221;<\/td><\/tr><\/tbody><\/table><\/figure>\n\n\n\n<p><em>\u201cLa simplicit\u00e9 est le summum de la sophistication.\u201d<\/em> \u2014 <strong>L\u00e9onard de Vinci<\/strong>.<\/p>\n\n\n\n<p>Eu sempre digo: se estiver na d\u00favida, <strong>fale com o cora\u00e7\u00e3o<\/strong>. A verdade nunca sai de moda.<\/p>\n\n\n\n<p><em>&#8220;O cora\u00e7\u00e3o tem raz\u00f5es que a pr\u00f3pria raz\u00e3o desconhece.&#8221;<\/em> \u2014 <strong>Blaise Pascal<\/strong>.<\/p>\n\n\n\n<p>N\u00e3o tenha medo de ser <strong>vulner\u00e1vel<\/strong>; as pessoas se conectam com a humanidade.<\/p>\n\n\n\n<p><em>&#8220;A vulnerabilidade \u00e9 o ber\u00e7o da inova\u00e7\u00e3o, criatividade e mudan\u00e7a.&#8221;<\/em> \u2014 <strong>Bren\u00e9 Brown<\/strong>.<\/p>\n\n\n\n<p>Escolher a legenda \u00e9 um ato de <strong>carinho com a pr\u00f3pria mem\u00f3ria<\/strong>.<\/p>\n\n\n\n<h2 class=\"wp-block-heading\"><span class=\"ez-toc-section\" id=\"Transforme_Suas_Fotos_em_Historias_Vivas\"><\/span>Transforme Suas Fotos em Hist\u00f3rias Vivas<span class=\"ez-toc-section-end\"><\/span><\/h2>\n\n\n\n<p>Eu acredito que uma foto \u00e9 apenas o <strong>ponto de partida<\/strong> para uma narrativa muito maior.<\/p>\n\n\n\n<p>Quando postamos um <strong>TBT<\/strong>, temos a chance de contar uma hist\u00f3ria que ningu\u00e9m mais conhece.<\/p>\n\n\n\n<p>N\u00e3o se limite apenas \u00e0 frase feita; compartilhe um <strong>detalhe curioso<\/strong> dos bastidores.<\/p>\n\n\n\n<p><em>&#8220;A vida \u00e9 feita de hist\u00f3rias, n\u00e3o de coisas.&#8221;<\/em> (Autor Desconhecido).<\/p>\n\n\n\n<p>Eu sinto que, ao contar o que aconteceu antes ou depois do clique, a foto <strong>ganha vida<\/strong>.<\/p>\n\n\n\n<p><em>&#8220;N\u00e3o escrevemos sobre o que vemos, mas sobre o que sentimos ao ver.&#8221;<\/em> (Autor Desconhecido).<\/p>\n\n\n\n<p>Talvez aquele sorriso na foto escondesse um <strong>mico engra\u00e7ado<\/strong> que aconteceu segundos antes.<\/p>\n\n\n\n<p>Ou talvez aquele abra\u00e7o fosse um reencontro esperado por <strong>muitos anos<\/strong>.<\/p>\n\n\n\n<p><em>&#8220;Contar hist\u00f3rias \u00e9 a maneira mais poderosa de colocar ideias no mundo hoje.&#8221;<\/em> \u2014 <strong>Robert McKee<\/strong>.<\/p>\n\n\n\n<p>Eu encorajo voc\u00ea a usar o espa\u00e7o da legenda para <strong>eternizar detalhes<\/strong> que o tempo pode apagar.<\/p>\n\n\n\n<p><em>&#8220;A escrita \u00e9 a pintura da voz.&#8221;<\/em> \u2014 <strong>Voltaire<\/strong>.<\/p>\n\n\n\n<p>Escreva sobre o gosto da comida da vov\u00f3 ou o som da risada do seu pai que a foto <strong>evoca<\/strong>.<\/p>\n\n\n\n<p><em>\u201cLes meilleures choses dans la vie ne sont pas des choses, ce sont des moments et des personnes.\u201d<\/em> (Autor Desconhecido).<\/p>\n\n\n\n<p>Eu vejo cada postagem como um pequeno cap\u00edtulo do seu <strong>livro da vida<\/strong> digital.<\/p>\n\n\n\n<p><em>&#8220;A vida n\u00e3o \u00e9 o que a gente viveu, mas o que a gente recorda para contar.&#8221;<\/em> \u2014 <strong>Gabriel Garc\u00eda M\u00e1rquez<\/strong>.<\/p>\n\n\n\n<p>Ao compartilhar essas hist\u00f3rias, voc\u00ea cria uma <strong>ponte emocional<\/strong> com seus seguidores e familiares.<\/p>\n\n\n\n<p><em>&#8220;A mem\u00f3ria \u00e9 o di\u00e1rio que todos carregamos conosco.&#8221;<\/em> \u2014 <strong>Oscar Wilde<\/strong>.<\/p>\n\n\n\n<p>N\u00e3o deixe que suas fotos fiquem esquecidas na galeria; d\u00ea a elas uma <strong>voz e um prop\u00f3sito<\/strong>.<\/p>\n\n\n\n<p><em>&#8220;A hist\u00f3ria de uma fam\u00edlia \u00e9 o alicerce de uma na\u00e7\u00e3o.&#8221;<\/em> (Autor Desconhecido).<\/p>\n\n\n\n<p>Eu sinto que cada detalhe compartilhado \u00e9 um <strong>acte d'amour<\/strong> pela sua pr\u00f3pria trajet\u00f3ria.<\/p>\n\n\n\n<p><em>&#8220;Cada foto \u00e9 um &#8216;era uma vez&#8217; que merece ser contado.&#8221;<\/em> (Autor Desconhecido).<\/p>\n\n\n\n<p>Transforme seu pr\u00f3ximo <strong>TBT em fam\u00edlia<\/strong> em um legado de inspira\u00e7\u00e3o para todos.<\/p>\n\n\n\n<p><em>\u201cVivre est la chose la plus rare au monde. La plupart des gens se contentent d'exister.\u201d<\/em> \u2014 <strong><a href=\"https:\/\/pt.wikipedia.org\/wiki\/Oscar_Wilde\" target=\"_blank\" rel=\"noreferrer noopener\">Oscar Wilde<\/a><\/strong>.<\/p>\n\n\n\n<p>Viva suas mem\u00f3rias intensamente e deixe que suas legendas sejam o <strong>eco desse amor<\/strong>.<\/p>\n\n\n\n<h2 class=\"wp-block-heading\"><span class=\"ez-toc-section\" id=\"Cultivando_o_Amor_em_Cada_TBT\"><\/span>Cultivando o Amor em Cada TBT<span class=\"ez-toc-section-end\"><\/span><\/h2>\n\n\n\n<p>Espero que estas sugest\u00f5es tenham acendido a chama da inspira\u00e7\u00e3o em voc\u00ea. Cada foto de <strong>TBT em fam\u00edlia<\/strong> \u00e9 um tesouro, e com a legenda certa, podemos eternizar ainda mais esses momentos preciosos.<\/p>\n\n\n\n<p>Agora, eu adoraria saber: qual sua legenda favorita ou qual mem\u00f3ria voc\u00ea vai reviver? Compartilhe nos coment\u00e1rios e inspire outras fam\u00edlias com suas hist\u00f3rias!<\/p>\n\n\n\n<h2 class=\"wp-block-heading has-text-align-center has-theme-palette-9-color has-theme-palette-3-background-color has-text-color has-background has-link-color wp-elements-053b7fc506c56da8006f96dbd2689849\"><span class=\"ez-toc-section\" id=\"FAQ_%E2%80%93_Duvidas_Comuns_Sobre_Legendas_para_Fotos_de_TBT_em_Familia\"><\/span>FAQ &#8211; D\u00favidas Comuns Sobre Legendas para Fotos de TBT em Fam\u00edlia<span class=\"ez-toc-section-end\"><\/span><\/h2>\n\n\n\n<p>Preparei este pequeno guia para ajudar voc\u00ea a tirar suas d\u00favidas e escolher a melhor forma de eternizar suas mem\u00f3rias familiares com carinho.<\/p>\n\n\n<div id=\"rank-math-faq\" class=\"rank-math-block\">\n<div class=\"rank-math-list\">\n<div id=\"faq-question-1773004661811\" class=\"rank-math-list-item\">\n<h3 class=\"rank-math-question\"><span class=\"ez-toc-section\" id=\"1_O_que_significa_TBT_e_por_que_usa-lo_com_a_familia\"><\/span><strong>1. O que significa TBT e por que us\u00e1-lo com a fam\u00edlia?<\/strong><span class=\"ez-toc-section-end\"><\/span><\/h3>\n<div class=\"rank-math-answer\">\n\n<p>TBT \u00e9 a sigla para <em>Throwback Thursday<\/em>, uma tradi\u00e7\u00e3o de postar lembran\u00e7as \u00e0s quintas-feiras. Eu vejo essa pr\u00e1tica como uma oportunidade preciosa para resgatarmos <strong>legendas para fotos de tbt em fam\u00edlia<\/strong> que celebrem nossa hist\u00f3ria e fortale\u00e7am nossos la\u00e7os afetivos.<\/p>\n\n<\/div>\n<\/div>\n<div id=\"faq-question-1773004670799\" class=\"rank-math-list-item\">\n<h3 class=\"rank-math-question\"><span class=\"ez-toc-section\" id=\"2_Como_escolher_a_legenda_ideal_para_uma_foto_antiga\"><\/span><strong>2. Como escolher a legenda ideal para uma foto antiga?<\/strong><span class=\"ez-toc-section-end\"><\/span><\/h3>\n<div class=\"rank-math-answer\">\n\n<p>A minha dica \u00e9 que voc\u00ea olhe para a imagem e sinta qual emo\u00e7\u00e3o ela desperta primeiro: \u00e9 saudade, alegria ou gratid\u00e3o? Escolha a legenda que melhor traduza esse sentimento, garantindo que as palavras soem t\u00e3o aut\u00eanticas quanto o momento vivido.<\/p>\n\n<\/div>\n<\/div>\n<div id=\"faq-question-1773004679967\" class=\"rank-math-list-item\">\n<h3 class=\"rank-math-question\"><span class=\"ez-toc-section\" id=\"3_Posso_usar_humor_nas_minhas_legendas_de_TBT_em_familia\"><\/span><strong>3. Posso usar humor nas minhas legendas de TBT em fam\u00edlia?<\/strong><span class=\"ez-toc-section-end\"><\/span><\/h3>\n<div class=\"rank-math-answer\">\n\n<p>Com certeza, pois a leveza tamb\u00e9m faz parte do amor! Usar o humor em suas <strong>legendas para fotos de tbt em fam\u00edlia<\/strong> \u00e9 uma forma maravilhosa de mostrar a cumplicidade e as risadas que tornam a conviv\u00eancia \u00fanica e especial.<\/p>\n\n<\/div>\n<\/div>\n<div id=\"faq-question-1773004689272\" class=\"rank-math-list-item\">\n<h3 class=\"rank-math-question\"><span class=\"ez-toc-section\" id=\"4_O_que_escrever_quando_a_foto_de_familia_ja_diz_tudo\"><\/span><strong>4. O que escrever quando a foto de fam\u00edlia j\u00e1 diz tudo?<\/strong><span class=\"ez-toc-section-end\"><\/span><\/h3>\n<div class=\"rank-math-answer\">\n\n<p>Nesses casos, eu recomendo apostar em legendas curtas e doces, que funcionam como um abra\u00e7o r\u00e1pido. \u00c0s vezes, apenas uma palavra como &#8220;Base&#8221;, &#8220;Amor&#8221; ou &#8220;Saudade&#8221; \u00e9 o suficiente para complementar a for\u00e7a visual de uma mem\u00f3ria inesquec\u00edvel.<\/p>\n\n<\/div>\n<\/div>\n<div id=\"faq-question-1773004701104\" class=\"rank-math-list-item\">\n<h3 class=\"rank-math-question\"><span class=\"ez-toc-section\" id=\"5_E_preciso_postar_o_TBT_apenas_nas_quintas-feiras\"><\/span><strong>5. \u00c9 preciso postar o TBT apenas nas quintas-feiras?<\/strong><span class=\"ez-toc-section-end\"><\/span><\/h3>\n<div class=\"rank-math-answer\">\n\n<p>Embora a tradi\u00e7\u00e3o do TBT seja na quinta-feira, o carinho pela nossa hist\u00f3ria n\u00e3o tem dia certo para aparecer. Sinta-se \u00e0 vontade para usar essas inspira\u00e7\u00f5es sempre que o seu cora\u00e7\u00e3o pedir um momento de nostalgia e celebra\u00e7\u00e3o familiar.<\/p>\n\n<\/div>\n<\/div>\n<\/div>\n<\/div>","protected":false},"excerpt":{"rendered":"<p>Trouvez les meilleures l\u00e9gendes pour les photos de famille TBT ! Inspirez-vous de phrases touchantes et c\u00e9l\u00e9brez vos moments les plus pr\u00e9cieux.<\/p>","protected":false},"author":1,"featured_media":5169,"comment_status":"open","ping_status":"open","sticky":false,"template":"","format":"standard","meta":{"rop_custom_images_group":[],"rop_custom_messages_group":[],"rop_publish_now":"initial","rop_publish_now_accounts":{"facebook_122186298128049666_540220039169035":""},"rop_publish_now_history":[],"rop_publish_now_status":"pending","rank_math_focus_keyword":"legendas para fotos de tbt em familia, legendas tbt familia, frases para fotos de tbt em familia","rank_math_description":"","_kad_post_transparent":"","_kad_post_title":"","_kad_post_layout":"","_kad_post_sidebar_id":"","_kad_post_content_style":"","_kad_post_vertical_padding":"","_kad_post_feature":"","_kad_post_feature_position":"","_kad_post_header":false,"_kad_post_footer":false,"_kad_post_classname":"","_jetpack_memberships_contains_paid_content":false,"footnotes":"","jetpack_publicize_message":"","jetpack_publicize_feature_enabled":true,"jetpack_social_post_already_shared":true,"jetpack_social_options":{"image_generator_settings":{"template":"highway","default_image_id":0,"font":"","enabled":false},"version":2}},"categories":[5],"tags":[1209,1207,1208],"class_list":["post-5171","post","type-post","status-publish","format-standard","has-post-thumbnail","hentry","category-motivacao-diaria","tag-frases-para-fotos","tag-memorias-familiares","tag-tbt-familia"],"jetpack_publicize_connections":[],"jetpack_featured_media_url":"https:\/\/mensagensqueinspiram.com.br\/wp-content\/uploads\/2026\/03\/familia-reunida-e-feliz.webp","jetpack_sharing_enabled":true,"_links":{"self":[{"href":"https:\/\/mensagensqueinspiram.com.br\/fr\/wp-json\/wp\/v2\/posts\/5171","targetHints":{"allow":["GET"]}}],"collection":[{"href":"https:\/\/mensagensqueinspiram.com.br\/fr\/wp-json\/wp\/v2\/posts"}],"about":[{"href":"https:\/\/mensagensqueinspiram.com.br\/fr\/wp-json\/wp\/v2\/types\/post"}],"author":[{"embeddable":true,"href":"https:\/\/mensagensqueinspiram.com.br\/fr\/wp-json\/wp\/v2\/users\/1"}],"replies":[{"embeddable":true,"href":"https:\/\/mensagensqueinspiram.com.br\/fr\/wp-json\/wp\/v2\/comments?post=5171"}],"version-history":[{"count":2,"href":"https:\/\/mensagensqueinspiram.com.br\/fr\/wp-json\/wp\/v2\/posts\/5171\/revisions"}],"predecessor-version":[{"id":5172,"href":"https:\/\/mensagensqueinspiram.com.br\/fr\/wp-json\/wp\/v2\/posts\/5171\/revisions\/5172"}],"wp:featuredmedia":[{"embeddable":true,"href":"https:\/\/mensagensqueinspiram.com.br\/fr\/wp-json\/wp\/v2\/media\/5169"}],"wp:attachment":[{"href":"https:\/\/mensagensqueinspiram.com.br\/fr\/wp-json\/wp\/v2\/media?parent=5171"}],"wp:term":[{"taxonomy":"category","embeddable":true,"href":"https:\/\/mensagensqueinspiram.com.br\/fr\/wp-json\/wp\/v2\/categories?post=5171"},{"taxonomy":"post_tag","embeddable":true,"href":"https:\/\/mensagensqueinspiram.com.br\/fr\/wp-json\/wp\/v2\/tags?post=5171"}],"curies":[{"name":"wp","href":"https:\/\/api.w.org\/{rel}","templated":true}]}}