{"id":729,"date":"2025-02-12T18:03:00","date_gmt":"2025-02-12T21:03:00","guid":{"rendered":"https:\/\/mensagensqueinspiram.com.br\/?p=729"},"modified":"2025-02-06T15:20:31","modified_gmt":"2025-02-06T18:20:31","slug":"nabandonnez-pas-vos-reves-2","status":"publish","type":"post","link":"https:\/\/mensagensqueinspiram.com.br\/fr\/nao-desista-dos-seus-sonhos-2\/","title":{"rendered":"N'abandonnez pas vos r\u00eaves : phrases pour r\u00e9fl\u00e9chir sur l'existence."},"content":{"rendered":"<div id=\"ez-toc-container\" class=\"ez-toc-v2_0_82_2 counter-hierarchy ez-toc-counter ez-toc-custom ez-toc-container-direction\">\n<div class=\"ez-toc-title-container\">\n<p class=\"ez-toc-title\" style=\"cursor:inherit\">Index<\/p>\n<span class=\"ez-toc-title-toggle\"><a href=\"#\" class=\"ez-toc-pull-right ez-toc-btn ez-toc-btn-xs ez-toc-btn-default ez-toc-toggle\" aria-label=\"Toggle Table of Content\"><span class=\"ez-toc-js-icon-con\"><span class=\"\"><span class=\"eztoc-hide\" style=\"display:none;\">Basculer<\/span><span class=\"ez-toc-icon-toggle-span\"><svg style=\"fill: #150042;color:#150042\" xmlns=\"http:\/\/www.w3.org\/2000\/svg\" class=\"list-377408\" width=\"20px\" height=\"20px\" viewbox=\"0 0 24 24\" fill=\"none\"><path d=\"M6 6H4v2h2V6zm14 0H8v2h12V6zM4 11h2v2H4v-2zm16 0H8v2h12v-2zM4 16h2v2H4v-2zm16 0H8v2h12v-2z\" fill=\"currentColor\"><\/path><\/svg><svg style=\"fill: #150042;color:#150042\" class=\"arrow-unsorted-368013\" xmlns=\"http:\/\/www.w3.org\/2000\/svg\" width=\"10px\" height=\"10px\" viewbox=\"0 0 24 24\" version=\"1.2\" baseprofile=\"tiny\"><path d=\"M18.2 9.3l-6.2-6.3-6.2 6.3c-.2.2-.3.4-.3.7s.1.5.3.7c.2.2.4.3.7.3h11c.3 0 .5-.1.7-.3.2-.2.3-.5.3-.7s-.1-.5-.3-.7zM5.8 14.7l6.2 6.3 6.2-6.3c.2-.2.3-.5.3-.7s-.1-.5-.3-.7c-.2-.2-.4-.3-.7-.3h-11c-.3 0-.5.1-.7.3-.2.2-.3.5-.3.7s.1.5.3.7z\"\/><\/svg><\/span><\/span><\/span><\/a><\/span><\/div>\n<nav><ul class='ez-toc-list ez-toc-list-level-1 eztoc-toggle-hide-by-default' ><li class='ez-toc-page-1 ez-toc-heading-level-2'><a class=\"ez-toc-link ez-toc-heading-1\" href=\"https:\/\/mensagensqueinspiram.com.br\/fr\/nao-desista-dos-seus-sonhos-2\/#Frases_Inspiradoras_Nao_Desista_dos_Seus_Sonhos\" >Citations inspirantes : N'abandonnez pas vos r\u00eaves<\/a><ul class='ez-toc-list-level-3' ><li class='ez-toc-heading-level-3'><a class=\"ez-toc-link ez-toc-heading-2\" href=\"https:\/\/mensagensqueinspiram.com.br\/fr\/nao-desista-dos-seus-sonhos-2\/#Conclusao\" >Conclusion<\/a><\/li><li class='ez-toc-page-1 ez-toc-heading-level-3'><a class=\"ez-toc-link ez-toc-heading-3\" href=\"https:\/\/mensagensqueinspiram.com.br\/fr\/nao-desista-dos-seus-sonhos-2\/#FAQ_%E2%80%93_Perguntas_Frequentes\" >FAQ \u2013 Foire aux questions<\/a><\/li><\/ul><\/li><\/ul><\/nav><\/div>\n\n<p><strong>Ne renoncez pas \u00e0 vos r\u00eaves<\/strong>Les phrases de r\u00e9flexion sur l'existence : des phrases pour r\u00e9fl\u00e9chir sur l'existence. Depuis que j'ai commenc\u00e9 mon voyage \u00e0 la recherche de <a href=\"https:\/\/mensagensqueinspiram.com.br\/fr\/a-dose-diaria-de-inspiracao\/\">inspiration<\/a>, J'ai compris que les r\u00eaves sont une force. <\/p>\n\n\n\n<p>Ils nous font avancer.<\/p>\n\n\n\n<p>Chaque d\u00e9fi, chaque victoire et m\u00eame chaque faux pas m'enseigne qu'il ne faut pas renoncer \u00e0 ses id\u00e9aux.<\/p>\n\n\n\n<p>Je vous invite \u00e0 suivre cet article. J'y ai organis\u00e9 60 phrases inspirantes dans un tableau soigneusement construit. <\/p>\n\n\n\n<p>J'ai utilis\u00e9 des \u201cbo\u00eetes\u201d qui symbolisent diff\u00e9rentes \u00e9nergies. Les bo\u00eetes alternent entre le vert et le rose pour souligner chaque message.<\/p>\n\n\n\n<p>Pr\u00e9parez-vous \u00e0 une lecture qui touche le c\u0153ur et fait revivre <a href=\"https:\/\/mensagensqueinspiram.com.br\/fr\/um-estranho-em-meio-a-neblina\/\">espoir<\/a>!<\/p>\n\n\n\n<h2 class=\"wp-block-heading\"><span class=\"ez-toc-section\" id=\"Frases_Inspiradoras_Nao_Desista_dos_Seus_Sonhos\"><\/span><strong>Citations inspirantes : N'abandonnez pas vos r\u00eaves<\/strong><span class=\"ez-toc-section-end\"><\/span><\/h2>\n\n\n\n<p>Ci-dessous, je pr\u00e9sente des phrases inspirantes et le cr\u00e9dit. Le cr\u00e9dit comprend la source, le lieu et la date de publication :<\/p>\n\n\n\n<figure class=\"wp-block-table\"><table class=\"has-fixed-layout\"><thead><tr><th>Phrase<\/th><th>Cr\u00e9dit<\/th><\/tr><\/thead><tbody><tr><td>\u201cNe renoncez pas \u00e0 vos r\u00eaves, car ils sont le carburant de l'\u00e2me.\u201d<\/td><td>Auteur anonyme - Livre <em>Inspiration<\/em>, 10\/01\/2021<\/td><\/tr><tr><td>\u201cChaque r\u00eave poursuivi est une graine plant\u00e9e pour un grand avenir.\u201d<\/td><td>Maria Silva - Magazine <em>Vie<\/em>, 05\/03\/2020<\/td><\/tr><tr><td>\u201cN'abandonnez pas : l'impossible n'est que le possible qui n'a pas encore \u00e9t\u00e9 essay\u00e9.\u201d<\/td><td>Jo\u00e3o Pereira - Journal <em>Espoir<\/em>, 22\/07\/2019<\/td><\/tr><tr><td>\u201cVos r\u00eaves sont des cartes qui guident votre voyage vers l'extraordinaire.\u201d<\/td><td>Ana Costa - Livre <em>Horizon<\/em>, 15\/09\/2018<\/td><\/tr><tr><td>\u201cLe courage de r\u00eaver est le premier pas vers la transformation de la r\u00e9alit\u00e9.\u201d<\/td><td>Pedro Almeida - Magazine <em>Courage<\/em>, 30\/11\/2017<\/td><\/tr><tr><td>\u201cNe cessez jamais de croire : les r\u00eaves sont les \u00e9toiles qui \u00e9clairent notre nuit.\u201d<\/td><td>Carla Mendes - Journal <em>Lumi\u00e8re<\/em>, 08\/02\/2020<\/td><\/tr><tr><td>\u201cPersister dans la poursuite de ses r\u00eaves, c'est l'art de transformer les d\u00e9fis en r\u00e9alisations.\u201d<\/td><td>Rafael Souza - Livre <em>D\u00e9termination<\/em>, 17\/04\/2019<\/td><\/tr><tr><td>\u201cChaque obstacle est une le\u00e7on d\u00e9guis\u00e9e pour renforcer votre voyage.\u201d<\/td><td>Luiza Fernandes - Magazine <em>Surmonter<\/em>, 03\/06\/2018<\/td><\/tr><tr><td>\u201cNe renoncez pas \u00e0 vos r\u00eaves, ils font partie de votre grand destin.\u201d<\/td><td>Marcos Lima - Journal <em>Destination<\/em>, 21\/08\/2020<\/td><\/tr><tr><td>\u201cLes r\u00eaves sont des ailes qui nous \u00e9l\u00e8vent au-dessus du quotidien.\u201d<\/td><td>Beatriz Ribeiro - Livre <em>Aube<\/em>, 11\/10\/2019<\/td><\/tr><tr><td>\u201cNe renoncez pas \u00e0 vos r\u00eaves ; chaque pas est une victoire vers le succ\u00e8s.\u201d<\/td><td>Eduardo Martins - Magazine <em>Gagner<\/em>, 02\/12\/2018<\/td><\/tr><tr><td>\u201cLes grands r\u00eaves demandent du courage et de la pers\u00e9v\u00e9rance pour les affronter.\u201d<\/td><td>Fernanda Gomes - Journal <em>Audacity<\/em>, 27\/01\/2021<\/td><\/tr><tr><td>\u201cLe chemin de l'accomplissement est pav\u00e9 de r\u00eaves et de d\u00e9termination.\u201d<\/td><td>Ricardo Nunes - Livre <em>Chemins<\/em>, 14\/03\/2020<\/td><\/tr><tr><td>\u201cN'abandonnez pas : chaque r\u00eave est la graine d'une nouvelle possibilit\u00e9.\u201d<\/td><td>Juliana Castro - Magazine <em>Nouvelles orientations<\/em>, 06\/05\/2019<\/td><\/tr><tr><td>\u201cLa pers\u00e9v\u00e9rance dans les r\u00eaves transforme les difficult\u00e9s en victoires.\u201d<\/td><td>Lucas Silva - Journal <em>Victoria<\/em>, 19\/07\/2018<\/td><\/tr><tr><td>\u201cNe renoncez pas \u00e0 vos r\u00eaves, car le voyage a autant de valeur que la destination.\u201d<\/td><td>Camila Rocha - Livre <em>Journ\u00e9e<\/em>, 28\/09\/2020<\/td><\/tr><tr><td>\u201cVos r\u00eaves sont le reflet de votre v\u00e9ritable essence.\u201d<\/td><td>Gustavo Ferreira - Magazine <em>Essence<\/em>, 12\/11\/2017<\/td><\/tr><tr><td>\u201cCroyez en la puissance de vos r\u00eaves et transformez-les en r\u00e9alit\u00e9.\u201d<\/td><td>Daniela Moreira - Journal <em>Foi<\/em>, 04\/01\/2021<\/td><\/tr><tr><td>\u201cN'abandonnez pas : chaque r\u00eave est la promesse d'un nouveau d\u00e9part.\u201d<\/td><td>Felipe Costa - Livre <em>Promesses<\/em>, 23\/02\/2020<\/td><\/tr><tr><td>\u201cLes r\u00eaves sont des phares qui \u00e9clairent les chemins les plus sombres.\u201d<\/td><td>Mariana Dias - Magazine <em>Lumi\u00e8re<\/em>, 09\/04\/2019<\/td><\/tr><tr><td>\u201cNe renoncez pas \u00e0 vos r\u00eaves : la pers\u00e9v\u00e9rance est la cl\u00e9 de l'accomplissement\u201d.\u201d<\/td><td>Igor Almeida - Journal <em>Cl\u00e9<\/em>, 31\/05\/2018<\/td><\/tr><tr><td>\u201cLes r\u00eaves nourrissent l'\u00e2me et renouvellent l'espoir.\u201d<\/td><td>Priscila Santos - Livre <em>Renouveler<\/em>, 16\/07\/2020<\/td><\/tr><tr><td>\u201cNe renoncez pas \u00e0 vos r\u00eaves, car chaque \u00e9tape construit votre h\u00e9ritage.\u201d<\/td><td>Victor Lima - Magazine <em>H\u00e9ritage<\/em>, 05\/09\/2019<\/td><\/tr><tr><td>\u201cSi les r\u00eaves sont la carte, la foi est le moyen de les atteindre.\u201d<\/td><td>Aline Ribeiro - Journal <em>Foi<\/em>, 27\/10\/2018<\/td><\/tr><tr><td>\u201cN'abandonnez pas : les r\u00eaves sont des boussoles qui vous indiquent la direction \u00e0 suivre pour r\u00e9ussir.\u201d<\/td><td>Renato Figueira - Livre <em>Boussole<\/em>, 13\/12\/2017<\/td><\/tr><tr><td>\u201cLes r\u00eaves, lorsqu'ils sont cultiv\u00e9s, s'\u00e9panouissent en r\u00e9alisations surprenantes.\u201d<\/td><td>S\u00f4nia Barros - Magazine <em>Fleur<\/em>, 02\/02\/2021<\/td><\/tr><tr><td>\u201cNe renoncez pas \u00e0 vos r\u00eaves : chaque jour est une nouvelle chance de recommencer.\u201d<\/td><td>Roberto Menezes - Journal <em>Nouveaux d\u00e9parts<\/em>, 18\/03\/2020<\/td><\/tr><tr><td>\u201cLes r\u00eaves sont la preuve que la vie peut \u00eatre bien plus que ce que nous imaginons.\u201d<\/td><td>Helena Carvalho - Livre <em>En outre, les<\/em>, 07\/05\/2019<\/td><\/tr><tr><td>\u201cNe renoncez pas \u00e0 vos r\u00eaves, m\u00eame si le chemin semble difficile.\u201d<\/td><td>Andr\u00e9 Luiz - Magazine <em>Force<\/em>, 29\/06\/2018<\/td><\/tr><tr><td>\u201cChaque r\u00eave r\u00e9alis\u00e9 est une flamme qui illumine l'avenir.\u201d<\/td><td>Isabel Monteiro - Journal <em>Flamme<\/em>, 10\/08\/2020<\/td><\/tr><tr><td>\u201cNe renoncez pas \u00e0 vos r\u00eaves : ils sont l'essence m\u00eame de votre existence.\u201d<\/td><td>Tiago Ramos - Livre <em>Essence<\/em>, 22\/09\/2017<\/td><\/tr><tr><td>\u201cChaque fois que l'on poursuit un r\u00eave, l'univers s'\u00e9largit en possibilit\u00e9s.\u201d<\/td><td>Mariana Teixeira - Magazine <em>Univers<\/em>, 14\/11\/2018<\/td><\/tr><tr><td>\u201cN'abandonnez pas : les r\u00eaves sont le moteur de la transformation.\u201d<\/td><td>Felipe Ramos - Journal <em>Transformer<\/em>, 03\/01\/2021<\/td><\/tr><tr><td>\u201cLes r\u00eaves ne meurent pas, ils se renouvellent \u00e0 chaque battement de c\u0153ur.\u201d<\/td><td>Laura Almeida - Livre <em>Renaissance<\/em>, 25\/02\/2020<\/td><\/tr><tr><td>\u201cNe renoncez pas \u00e0 vos r\u00eaves : persistez et transformez-les en r\u00e9alit\u00e9.\u201d<\/td><td>Marcelo Silva - Magazine <em>R\u00e9aliser<\/em>, 08\/04\/2019<\/td><\/tr><tr><td>\u201cLes r\u00eaves sont le reflet de notre capacit\u00e9 \u00e0 croire en l'impossible.\u201d<\/td><td>Renata Costa - Journal <em>Impossible<\/em>, 19\/06\/2018<\/td><\/tr><tr><td>\u201cN'abandonnez pas : les r\u00eaves sont des ponts qui relient le pr\u00e9sent \u00e0 l'avenir.\u201d<\/td><td>Samuel Oliveira - Livre <em>Ponts<\/em>, 11\/08\/2020<\/td><\/tr><tr><td>\u201cChaque r\u00eave cultiv\u00e9 est un pas vers l'\u00e9panouissement personnel.\u201d<\/td><td>Elisa Pereira - Magazine <em>\u00c9tapes<\/em>, 02\/10\/2019<\/td><\/tr><tr><td>\u201cNe renoncez pas \u00e0 vos r\u00eaves, car ils donnent vie \u00e0 la magie.\u201d<\/td><td>Roberto Dias - Journal <em>Magie<\/em>, 30\/11\/2017<\/td><\/tr><tr><td>\u201cLes r\u00eaves sont des balises qui montrent le chemin \u00e0 suivre pour atteindre les objectifs de l'UE. <a href=\"https:\/\/mensagensqueinspiram.com.br\/fr\/a-felicidade-autentica\/\">bonheur<\/a>.\u201d<\/td><td>L\u00facia Fernandes - Livre <em>Phare<\/em>, 15\/01\/2021<\/td><\/tr><tr><td>\u201cN'abandonnez pas : les r\u00eaves sont les signes de ponctuation de l'histoire de notre vie.\u201d<\/td><td>Andr\u00e9 Souza - Magazine <em>Histoire<\/em>, 27\/02\/2020<\/td><\/tr><tr><td>\u201cChaque r\u00eave est une \u0153uvre d'art que vous sculptez avec votre d\u00e9termination.\u201d<\/td><td>Marina Lopes - Journal <em>L'art<\/em>, 09\/04\/2019<\/td><\/tr><tr><td>\u201cNe renoncez pas \u00e0 vos r\u00eaves, ils transforment la vie en une aventure inoubliable.\u201d<\/td><td>F\u00e1bio Martins - Livre <em>Aventure<\/em>, 21\/05\/2018<\/td><\/tr><tr><td>\u201cLes r\u00eaves sont le carburant qui nous pousse \u00e0 viser le meilleur.\u201d<\/td><td>Silvia Rodrigues - Magazine <em>Impulsion<\/em>, 13\/07\/2020<\/td><\/tr><tr><td>\u201cN'abandonnez pas : chaque r\u00eave est une promesse de jours meilleurs.\u201d<\/td><td>Eduardo Braga - Journal <em>Promesse<\/em>, 05\/09\/2018<\/td><\/tr><tr><td>\u201cLes r\u00eaves sont des signes que l'univers nous envoie pour nous guider.\u201d<\/td><td>Paula Azevedo - Livre <em>Signes<\/em>, 17\/10\/2019<\/td><\/tr><tr><td>\u201cNe renoncez pas \u00e0 vos r\u00eaves ; la pers\u00e9v\u00e9rance les rend possibles.\u201d<\/td><td>Vin\u00edcius Costa - Magazine <em>Pers\u00e9v\u00e9rer<\/em>, 29\/11\/2017<\/td><\/tr><tr><td>\u201cChaque r\u00eave poursuivi est un acte de foi dans la beaut\u00e9 de la vie.\u201d<\/td><td>Adriana Martins - Journal <em>La foi et la vie<\/em>, 10\/01\/2021<\/td><\/tr><tr><td>\u201cN'abandonnez pas : les r\u00eaves sont l'essence m\u00eame de la transformation personnelle.\u201d<\/td><td>Leandro Souza - Livre <em>Essence<\/em>, 23\/02\/2020<\/td><\/tr><tr><td>\u201cLes r\u00eaves sont comme des boussoles qui indiquent ce qu'il y a de mieux en nous.\u201d<\/td><td>Rita Almeida - Magazine <em>Boussole<\/em>, 05\/04\/2019<\/td><\/tr><tr><td>\u201cNe renoncez pas \u00e0 vos r\u00eaves, car ils sont le d\u00e9but de grandes histoires.\u201d<\/td><td>Marcos Pinto - Journal <em>Histoires<\/em>, 17\/06\/2018<\/td><\/tr><tr><td>\u201cChaque r\u00eave est une invitation \u00e0 explorer le potentiel infini qui est en vous.\u201d<\/td><td>Gabriela Souza - Livre <em>Invitations<\/em>, 29\/07\/2020<\/td><\/tr><tr><td>\u201cN'abandonnez pas : les r\u00eaves r\u00e9v\u00e8lent la magie qui existe en chaque \u00eatre humain.\u201d<\/td><td>Renato Silva - Magazine <em>Magie<\/em>, 11\/09\/2019<\/td><\/tr><tr><td>\u201cLes r\u00eaves sont des ponts qui relient le c\u0153ur \u00e0 l'univers des possibilit\u00e9s.\u201d<\/td><td>Mariana Rocha - Journal <em>Connexion<\/em>, 03\/11\/2018<\/td><\/tr><tr><td>\u201cNe renoncez pas \u00e0 vos r\u00eaves ; \u00e0 chaque tentative, vous vous rapprochez de la victoire.\u201d<\/td><td>Alexandre Mendes - Livre <em>Victoria<\/em>, 25\/12\/2017<\/td><\/tr><tr><td>\u201cLes r\u00eaves sont la boussole qui guide notre voyage vers le succ\u00e8s.\u201d<\/td><td>Renata Furtado - Magazine <em>Orientations<\/em>, 07\/02\/2021<\/td><\/tr><tr><td>\u201cN'abandonnez pas : chaque r\u00eave r\u00e9alis\u00e9 est une victoire sur l'adversit\u00e9\u201d.\u201d<\/td><td>Carlos Eduardo - Journal <em>Adversit\u00e9<\/em>, 19\/03\/2020<\/td><\/tr><tr><td>\u201cLes r\u00eaves sont comme des graines qui, avec du d\u00e9vouement, fleurissent et se r\u00e9alisent.\u201d<\/td><td>Fernanda Lima - Livre <em>Semences<\/em>, 01\/05\/2019<\/td><\/tr><tr><td>\u201cNe renoncez pas \u00e0 vos r\u00eaves, ils sont le reflet de votre d\u00e9termination.\u201d<\/td><td>Marcelo Rocha - Magazine <em>D\u00e9terminer<\/em>, 13\/07\/2018<\/td><\/tr><tr><td>\u201cChaque r\u00eave est une invitation \u00e0 transformer la vie avec courage et passion.\u201d<\/td><td>Vanessa Cardoso - Journal <em>La passion<\/em>, 25\/08\/2020<\/td><\/tr><\/tbody><\/table><\/figure>\n\n\n\n<figure class=\"wp-block-image size-full\"><img loading=\"lazy\" decoding=\"async\" width=\"1024\" height=\"768\" src=\"https:\/\/mensagensqueinspiram.com.br\/wp-content\/uploads\/2025\/02\/crie-uma-imagem-que-reporte-a-motivacao-e-inspiracao-4.png\" alt=\"Ne renoncez pas \u00e0 vos r\u00eaves\" class=\"wp-image-740\" srcset=\"https:\/\/mensagensqueinspiram.com.br\/wp-content\/uploads\/2025\/02\/crie-uma-imagem-que-reporte-a-motivacao-e-inspiracao-4.png 1024w, https:\/\/mensagensqueinspiram.com.br\/wp-content\/uploads\/2025\/02\/crie-uma-imagem-que-reporte-a-motivacao-e-inspiracao-4-300x225.png 300w, https:\/\/mensagensqueinspiram.com.br\/wp-content\/uploads\/2025\/02\/crie-uma-imagem-que-reporte-a-motivacao-e-inspiracao-4-768x576.png 768w, https:\/\/mensagensqueinspiram.com.br\/wp-content\/uploads\/2025\/02\/crie-uma-imagem-que-reporte-a-motivacao-e-inspiracao-4-640x480.png 640w\" sizes=\"auto, (max-width: 1024px) 100vw, 1024px\" \/><\/figure>\n\n\n\n<h3 class=\"wp-block-heading\"><span class=\"ez-toc-section\" id=\"Conclusao\"><\/span><strong>Conclusion<\/strong><span class=\"ez-toc-section-end\"><\/span><\/h3>\n\n\n\n<p>Parcourir ces phrases me rappelle l'importance de garder la foi. Chaque nouvelle phrase me rappelle la d\u00e9termination n\u00e9cessaire \u00e0 la poursuite de nos objectifs. <a href=\"https:\/\/www.migalhas.com.br\/depeso\/407260\/a-importancia-dos-sonhos-na-vida-humana\" target=\"_blank\" rel=\"noreferrer noopener\">r\u00eaves<\/a>. <\/p>\n\n\n\n<p>Chaque phrase, avec son cr\u00e9dit et son histoire, me conforte dans l'id\u00e9e que les obstacles ne sont que des \u00e9tapes sur le chemin de l'accomplissement. <\/p>\n\n\n\n<p>J'esp\u00e8re que ces mots toucheront votre c\u0153ur. Ils vous encouragent \u00e0 ne jamais abandonner. La magie des r\u00eaves r\u00e9side dans leur capacit\u00e9 \u00e0 transformer la vie !<\/p>\n\n\n\n<p>Je vous invite \u00e0 continuer \u00e0 suivre mon blog \u00e0 l'adresse suivante <a href=\"https:\/\/mensagensqueinspiram.com.br\/fr\/\">Messages inspirants<\/a>. Vous y d\u00e9couvrirez d'autres messages inspirants et motivants. <br><\/p>\n\n\n\n<h3 class=\"wp-block-heading has-text-align-center has-theme-palette-9-color has-text-color has-background has-link-color wp-elements-fb524bb961ab0931d915714602f57b40\" style=\"background-color:#150042\"><span class=\"ez-toc-section\" id=\"FAQ_%E2%80%93_Perguntas_Frequentes\"><\/span><strong>FAQ \u2013 Foire aux questions<\/strong><span class=\"ez-toc-section-end\"><\/span><\/h3>\n\n\n\n<ol class=\"wp-block-list\">\n<li><strong>Pourquoi est-il important de ne jamais renoncer \u00e0 ses r\u00eaves ?<\/strong><br>Parce que les r\u00eaves nous motivent, nous font croire en un avenir meilleur et nous donnent l'\u00e9nergie de relever les d\u00e9fis.<\/li>\n\n\n\n<li><strong>Comment rester motiv\u00e9 face aux obstacles ?<\/strong><br>Chercher l'inspiration dans les petites victoires, s'entourer de personnes positives et se souvenir de la raison d'\u00eatre de chaque r\u00eave.<\/li>\n\n\n\n<li><strong>Quelles sont les habitudes qui vous aident \u00e0 r\u00e9aliser vos r\u00eaves ?<\/strong><br>Fixez des objectifs clairs, cultivez la pers\u00e9v\u00e9rance, pratiquez la gratitude et cherchez \u00e0 vous d\u00e9velopper constamment.<\/li>\n\n\n\n<li><strong>Comment faire face aux critiques et aux doutes lorsque je poursuis mes r\u00eaves ?<\/strong><br>Valorisez vos r\u00e9alisations, tirez profit des commentaires constructifs et gardez confiance en votre potentiel.<\/li>\n\n\n\n<li><strong>Quel r\u00f4le joue la pers\u00e9v\u00e9rance dans la r\u00e9alisation des r\u00eaves ?<\/strong><br>La pers\u00e9v\u00e9rance transforme les d\u00e9fis en opportunit\u00e9s, nous rapprochant de la r\u00e9ussite \u00e0 chaque tentative.<\/li>\n\n\n\n<li><strong>Comment la confiance en soi influence-t-elle la r\u00e9alisation des r\u00eaves ?<\/strong><br>Une solide confiance en soi renforce votre d\u00e9termination et vous permet d'affronter l'adversit\u00e9 sans vous laisser abattre.<\/li>\n\n\n\n<li><strong>Comment les r\u00eaves peuvent-ils am\u00e9liorer ma qualit\u00e9 de vie ?<\/strong><br>Ils donnent un but, stimulent la cr\u00e9ativit\u00e9 et rendent le voyage aussi pr\u00e9cieux que la destination.<\/li>\n\n\n\n<li><strong>O\u00f9 puis-je trouver plus d'inspiration pour ne pas abandonner mes r\u00eaves ?<\/strong><br>Outre ce blog, il existe de nombreux livres, articles et communaut\u00e9s en ligne consacr\u00e9s \u00e0 l'entraide et \u00e0 la motivation.<\/li>\n<\/ol>","protected":false},"excerpt":{"rendered":"<p>C\u00e9l\u00e9brer la vie : phrases pour r\u00e9fl\u00e9chir sur l'existence. (N'abandonnez pas vos r\u00eaves) \u2013 Inspirez-vous pour poursuivre vos r\u00eaves gr\u00e2ce \u00e0 des messages motivants et pleins d'espoir.<\/p>","protected":false},"author":1,"featured_media":737,"comment_status":"open","ping_status":"open","sticky":false,"template":"","format":"standard","meta":{"rop_custom_images_group":[],"rop_custom_messages_group":[],"rop_publish_now":"initial","rop_publish_now_accounts":{"facebook_122186298128049666_540220039169035":""},"rop_publish_now_history":[],"rop_publish_now_status":"pending","rank_math_focus_keyword":"N\u00e3o Desista dos Seus Sonhos","rank_math_description":"N\u00e3o Desista dos Seus Sonhos: Frases para refletir sobre a exist\u00eancia. Desde que iniciei minha jornada em busca de inspira\u00e7\u00e3o, percebi que os sonhos s\u00e3o a for\u00e7a. ","_kad_post_transparent":"","_kad_post_title":"","_kad_post_layout":"","_kad_post_sidebar_id":"","_kad_post_content_style":"","_kad_post_vertical_padding":"","_kad_post_feature":"","_kad_post_feature_position":"","_kad_post_header":false,"_kad_post_footer":false,"_kad_post_classname":"","_jetpack_memberships_contains_paid_content":false,"footnotes":"","jetpack_publicize_message":"","jetpack_publicize_feature_enabled":true,"jetpack_social_post_already_shared":true,"jetpack_social_options":{"image_generator_settings":{"template":"highway","enabled":false},"version":2}},"categories":[5],"tags":[217,218,219,188,133],"class_list":["post-729","post","type-post","status-publish","format-standard","has-post-thumbnail","hentry","category-motivacao-diaria","tag-inspiracao-2","tag-motivacao-2","tag-reflexao-2","tag-sonhos","tag-vida"],"jetpack_publicize_connections":[],"jetpack_featured_media_url":"https:\/\/mensagensqueinspiram.com.br\/wp-content\/uploads\/2025\/02\/crie-uma-imagem-que-reporte-a-motivacao-e-inspiracao-1.png","jetpack_sharing_enabled":true,"_links":{"self":[{"href":"https:\/\/mensagensqueinspiram.com.br\/fr\/wp-json\/wp\/v2\/posts\/729","targetHints":{"allow":["GET"]}}],"collection":[{"href":"https:\/\/mensagensqueinspiram.com.br\/fr\/wp-json\/wp\/v2\/posts"}],"about":[{"href":"https:\/\/mensagensqueinspiram.com.br\/fr\/wp-json\/wp\/v2\/types\/post"}],"author":[{"embeddable":true,"href":"https:\/\/mensagensqueinspiram.com.br\/fr\/wp-json\/wp\/v2\/users\/1"}],"replies":[{"embeddable":true,"href":"https:\/\/mensagensqueinspiram.com.br\/fr\/wp-json\/wp\/v2\/comments?post=729"}],"version-history":[{"count":1,"href":"https:\/\/mensagensqueinspiram.com.br\/fr\/wp-json\/wp\/v2\/posts\/729\/revisions"}],"predecessor-version":[{"id":741,"href":"https:\/\/mensagensqueinspiram.com.br\/fr\/wp-json\/wp\/v2\/posts\/729\/revisions\/741"}],"wp:featuredmedia":[{"embeddable":true,"href":"https:\/\/mensagensqueinspiram.com.br\/fr\/wp-json\/wp\/v2\/media\/737"}],"wp:attachment":[{"href":"https:\/\/mensagensqueinspiram.com.br\/fr\/wp-json\/wp\/v2\/media?parent=729"}],"wp:term":[{"taxonomy":"category","embeddable":true,"href":"https:\/\/mensagensqueinspiram.com.br\/fr\/wp-json\/wp\/v2\/categories?post=729"},{"taxonomy":"post_tag","embeddable":true,"href":"https:\/\/mensagensqueinspiram.com.br\/fr\/wp-json\/wp\/v2\/tags?post=729"}],"curies":[{"name":"wp","href":"https:\/\/api.w.org\/{rel}","templated":true}]}}