{"id":858,"date":"2025-02-25T18:03:00","date_gmt":"2025-02-25T21:03:00","guid":{"rendered":"https:\/\/mensagensqueinspiram.com.br\/?p=858"},"modified":"2025-02-21T14:37:52","modified_gmt":"2025-02-21T17:37:52","slug":"la-lueur-despoir","status":"publish","type":"post","link":"https:\/\/mensagensqueinspiram.com.br\/fr\/o-farol-da-esperanca\/","title":{"rendered":"Le phare de l'espoir"},"content":{"rendered":"<div id=\"ez-toc-container\" class=\"ez-toc-v2_0_82_2 counter-hierarchy ez-toc-counter ez-toc-custom ez-toc-container-direction\">\n<div class=\"ez-toc-title-container\">\n<p class=\"ez-toc-title\" style=\"cursor:inherit\">Index<\/p>\n<span class=\"ez-toc-title-toggle\"><a href=\"#\" class=\"ez-toc-pull-right ez-toc-btn ez-toc-btn-xs ez-toc-btn-default ez-toc-toggle\" aria-label=\"Toggle Table of Content\"><span class=\"ez-toc-js-icon-con\"><span class=\"\"><span class=\"eztoc-hide\" style=\"display:none;\">Basculer<\/span><span class=\"ez-toc-icon-toggle-span\"><svg style=\"fill: #150042;color:#150042\" xmlns=\"http:\/\/www.w3.org\/2000\/svg\" class=\"list-377408\" width=\"20px\" height=\"20px\" viewbox=\"0 0 24 24\" fill=\"none\"><path d=\"M6 6H4v2h2V6zm14 0H8v2h12V6zM4 11h2v2H4v-2zm16 0H8v2h12v-2zM4 16h2v2H4v-2zm16 0H8v2h12v-2z\" fill=\"currentColor\"><\/path><\/svg><svg style=\"fill: #150042;color:#150042\" class=\"arrow-unsorted-368013\" xmlns=\"http:\/\/www.w3.org\/2000\/svg\" width=\"10px\" height=\"10px\" viewbox=\"0 0 24 24\" version=\"1.2\" baseprofile=\"tiny\"><path d=\"M18.2 9.3l-6.2-6.3-6.2 6.3c-.2.2-.3.4-.3.7s.1.5.3.7c.2.2.4.3.7.3h11c.3 0 .5-.1.7-.3.2-.2.3-.5.3-.7s-.1-.5-.3-.7zM5.8 14.7l6.2 6.3 6.2-6.3c.2-.2.3-.5.3-.7s-.1-.5-.3-.7c-.2-.2-.4-.3-.7-.3h-11c-.3 0-.5.1-.7.3-.2.2-.3.5-.3.7s.1.5.3.7z\"\/><\/svg><\/span><\/span><\/span><\/a><\/span><\/div>\n<nav><ul class='ez-toc-list ez-toc-list-level-1 eztoc-toggle-hide-by-default' ><li class='ez-toc-page-1 ez-toc-heading-level-2'><a class=\"ez-toc-link ez-toc-heading-1\" href=\"https:\/\/mensagensqueinspiram.com.br\/fr\/o-farol-da-esperanca\/#Capitulo_1_A_Ilha_Desconhecida\" >Chapitre 1 : L'\u00eele inconnue<\/a><\/li><li class='ez-toc-page-1 ez-toc-heading-level-2'><a class=\"ez-toc-link ez-toc-heading-2\" href=\"https:\/\/mensagensqueinspiram.com.br\/fr\/o-farol-da-esperanca\/#Capitulo_2_O_Naufrago_Misterioso\" >Chapitre 2 : Le myst\u00e9rieux naufrag\u00e9<\/a><\/li><li class='ez-toc-page-1 ez-toc-heading-level-2'><a class=\"ez-toc-link ez-toc-heading-3\" href=\"https:\/\/mensagensqueinspiram.com.br\/fr\/o-farol-da-esperanca\/#Capitulo_3_Palavras_na_Escuridao\" >Chapitre 3 : Des mots dans l'obscurit\u00e9<\/a><\/li><li class='ez-toc-page-1 ez-toc-heading-level-2'><a class=\"ez-toc-link ez-toc-heading-4\" href=\"https:\/\/mensagensqueinspiram.com.br\/fr\/o-farol-da-esperanca\/#Capitulo_4_O_Segredo_do_Farol\" >Chapitre 4 : Le secret du phare<\/a><\/li><li class='ez-toc-page-1 ez-toc-heading-level-2'><a class=\"ez-toc-link ez-toc-heading-5\" href=\"https:\/\/mensagensqueinspiram.com.br\/fr\/o-farol-da-esperanca\/#Capitulo_5_A_Licao_do_Mar\" >Chapitre 5 : La le\u00e7on de la mer<\/a><\/li><li class='ez-toc-page-1 ez-toc-heading-level-2'><a class=\"ez-toc-link ez-toc-heading-6\" href=\"https:\/\/mensagensqueinspiram.com.br\/fr\/o-farol-da-esperanca\/#Capitulo_6_O_Farol_da_Esperanca\" >Chapitre 6 : La lueur d'espoir<\/a><\/li><li class='ez-toc-page-1 ez-toc-heading-level-2'><a class=\"ez-toc-link ez-toc-heading-7\" href=\"https:\/\/mensagensqueinspiram.com.br\/fr\/o-farol-da-esperanca\/#Conclusao\" >Conclusion :<\/a><ul class='ez-toc-list-level-3' ><li class='ez-toc-heading-level-3'><a class=\"ez-toc-link ez-toc-heading-8\" href=\"https:\/\/mensagensqueinspiram.com.br\/fr\/o-farol-da-esperanca\/#FAQ\" >FAQ :<\/a><\/li><\/ul><\/li><\/ul><\/nav><\/div>\n\n<p>Dans un monde souvent marqu\u00e9 par <strong>absurde<\/strong> et le <strong>incertitude<\/strong>, o\u00f9 <strong>l'existence<\/strong> la fragilit\u00e9 humaine est r\u00e9v\u00e9l\u00e9e, la recherche incessante de <strong><a href=\"https:\/\/mensagensqueinspiram.com.br\/fr\/um-estranho-em-meio-a-neblina\/\">espoir<\/a><\/strong>. Inspir\u00e9 par la philosophie d'Albert Camus, je pr\u00e9sente \u201c<strong>Le phare de l'espoir<\/strong>\u201cUn r\u00e9cit original qui explore les profondeurs de l'\u00e2me humaine, ses conflits et sa capacit\u00e9 \u00e0 trouver la lumi\u00e8re m\u00eame dans les t\u00e9n\u00e8bres les plus \u00e9paisses. <\/p>\n\n\n\n<p>Pr\u00e9parez-vous \u00e0 un voyage immersif o\u00f9 les <a href=\"https:\/\/mensagensqueinspiram.com.br\/fr\/o-misterio-da-casa-de-caleb\/\">myst\u00e8re<\/a> et le suspense sont entrem\u00eal\u00e9s d'un message de motivation et de transformation, invitant \u00e0 la r\u00e9flexion et \u00e0 l'action. <strong>espoir<\/strong> renouvel\u00e9s.<\/p>\n\n\n\n<h2 class=\"wp-block-heading\"><span class=\"ez-toc-section\" id=\"Capitulo_1_A_Ilha_Desconhecida\"><\/span><strong>Chapitre 1 : L'\u00eele inconnue<\/strong><span class=\"ez-toc-section-end\"><\/span><\/h2>\n\n\n\n<p>Le vent hurlait comme une ancienne complainte, frappant les rochers escarp\u00e9s de l'\u00eele inconnue. Au centre se dressait le phare de l'espoir, dont la lumi\u00e8re solitaire tranchait sur l'obscurit\u00e9 de la nuit. <\/p>\n\n\n\n<p>Elias, le gardien du phare, \u00e9tait un homme de peu de mots et de beaucoup de silences. Ses yeux, marqu\u00e9s par le temps et la solitude, refl\u00e9taient l'immensit\u00e9 de l'oc\u00e9an et la profondeur d'une \u00e2me endurcie par la vie.<\/p>\n\n\n\n<p>Elias vivait au rythme des mar\u00e9es et des saisons. Sa routine \u00e9tait un cycle monotone d'entretien du phare, de relev\u00e9s m\u00e9t\u00e9orologiques et de repas solitaires. <\/p>\n\n\n\n<p>Sa seule compagnie \u00e9tait le bruit constant de la mer et le cri lointain des mouettes. Cet isolement, autrefois impos\u00e9 par le devoir, \u00e9tait devenu un choix, un refuge contre un monde qu'il ne comprenait plus.<\/p>\n\n\n\n<p>Cette nuit-l\u00e0, une temp\u00eate particuli\u00e8rement violente s'abat sur l'\u00eele. Les vagues se brisent furieusement sur le rivage et le vent secoue le phare comme une feuille s\u00e8che. <\/p>\n\n\n\n<p>Assis \u00e0 la table en bois rustique, Elias sirote son caf\u00e9 amer en regardant les vagues danser fr\u00e9n\u00e9tiquement \u00e0 travers la fen\u00eatre. <\/p>\n\n\n\n<p>Il se sentait distant, inconscient de la fureur de la nature, comme si la temp\u00eate grondait en lui depuis longtemps.<\/p>\n\n\n\n<p>Soudain, une d\u00e9tonation plus forte que les autres retentit sur l'\u00eele. Le phare trembla et la lumi\u00e8re vacilla bri\u00e8vement. Elias sursaute, son c\u0153ur s'emballe.<\/p>\n\n\n\n<p>Il s'est pass\u00e9 quelque chose. Enfilant sa veste imperm\u00e9able et saisissant sa torche, il s'\u00e9lance dans la temp\u00eate.<\/p>\n\n\n\n<figure class=\"wp-block-image size-full\"><img loading=\"lazy\" decoding=\"async\" width=\"1024\" height=\"768\" src=\"https:\/\/mensagensqueinspiram.com.br\/wp-content\/uploads\/2025\/02\/o-vento-uivava-como-um-lamento-ancestral-acoitando-as-rochas-1.png\" alt=\"Le phare de l&#039;espoir\" class=\"wp-image-863\" srcset=\"https:\/\/mensagensqueinspiram.com.br\/wp-content\/uploads\/2025\/02\/o-vento-uivava-como-um-lamento-ancestral-acoitando-as-rochas-1.png 1024w, https:\/\/mensagensqueinspiram.com.br\/wp-content\/uploads\/2025\/02\/o-vento-uivava-como-um-lamento-ancestral-acoitando-as-rochas-1-300x225.png 300w, https:\/\/mensagensqueinspiram.com.br\/wp-content\/uploads\/2025\/02\/o-vento-uivava-como-um-lamento-ancestral-acoitando-as-rochas-1-768x576.png 768w, https:\/\/mensagensqueinspiram.com.br\/wp-content\/uploads\/2025\/02\/o-vento-uivava-como-um-lamento-ancestral-acoitando-as-rochas-1-640x480.png 640w\" sizes=\"auto, (max-width: 1024px) 100vw, 1024px\" \/><\/figure>\n\n\n\n<h2 class=\"wp-block-heading\"><span class=\"ez-toc-section\" id=\"Capitulo_2_O_Naufrago_Misterioso\"><\/span><strong>Chapitre 2 : Le myst\u00e9rieux naufrag\u00e9<\/strong><span class=\"ez-toc-section-end\"><\/span><\/h2>\n\n\n\n<p>La pluie lui fustige le visage tandis qu'Elias lutte contre le vent pour atteindre la base du phare. La lumi\u00e8re de la lanterne peine \u00e0 percer le rideau d'eau et d'obscurit\u00e9. <\/p>\n\n\n\n<p>C'est alors qu'il le vit. Dans le sable de la petite crique, quelque chose de sombre et d'informe reposait pr\u00e8s de la ligne de flottaison.<\/p>\n\n\n\n<p>S'approchant prudemment, Elias reconnut la silhouette d'un homme. Il \u00e9tait inconscient, tremp\u00e9 et bless\u00e9. La temp\u00eate l'a projet\u00e9 contre les rochers. <\/p>\n\n\n\n<p>Sans h\u00e9siter, Elias transporte le naufrag\u00e9 dans le phare et l'allonge sur son lit.<\/p>\n\n\n\n<p>L'homme \u00e9tait jeune, avec des traits fins et un visage serein, voire inconscient. Il portait des v\u00eatements en lambeaux et n'avait sur lui aucun document ou objet permettant de l'identifier. Qui \u00e9tait-il ? D'o\u00f9 venait-il ? Et comment avait-il surv\u00e9cu \u00e0 cette temp\u00eate ?<\/p>\n\n\n\n<p>Elias soigna les blessures de l'\u00e9tranger, fit chauffer de l'eau pour le th\u00e9 et attendit. Les heures passent et la temp\u00eate commence \u00e0 se calmer. Enfin, \u00e0 l'aube, le naufrag\u00e9 ouvrit les yeux.<\/p>\n\n\n\n<h2 class=\"wp-block-heading\"><span class=\"ez-toc-section\" id=\"Capitulo_3_Palavras_na_Escuridao\"><\/span><strong>Chapitre 3 : Des mots dans l'obscurit\u00e9<\/strong><span class=\"ez-toc-section-end\"><\/span><\/h2>\n\n\n\n<p>Les yeux de l'inconnu \u00e9taient d'un bleu profond et myst\u00e9rieux, comme l'oc\u00e9an par temps calme. Il regarda autour de lui, confus, puis Elias, avec un l\u00e9ger sourire sur ses l\u00e8vres p\u00e2les.<\/p>\n\n\n\n<p>\u201cO\u00f9... o\u00f9 suis-je ? demanda-t-il d'une voix faible.<\/p>\n\n\n\n<p>\u201cAu Phare de l'Espoir\u201d, r\u00e9pondit Elias, la voix grave et rauque. \u201cOn t'a trouv\u00e9 sur la plage apr\u00e8s la temp\u00eate.\u201d<\/p>\n\n\n\n<p>L'\u00e9tranger resta silencieux un moment, comme s'il essayait de se souvenir de quelque chose. \u201cHope...\u201d murmura-t-il. \u201cC'est un joli nom.\u201d<\/p>\n\n\n\n<p>Elias lui a offert du th\u00e9 chaud et du pain. L'\u00e9tranger mangea et but avec reconnaissance, mais ne r\u00e9v\u00e9la ni son nom ni son histoire. Il se contenta de regarder \u00c9lie avec ses yeux per\u00e7ants, comme s'il pouvait lire dans son \u00e2me.<\/p>\n\n\n\n<p>Les jours suivants, l'\u00e9tranger reste au phare, reprenant des forces. Elias s'occupe de lui en silence, respectant son myst\u00e8re. <\/p>\n\n\n\n<p>La communication entre eux \u00e9tait minimale, mais intense. L'\u00e9tranger semblait d\u00e9gager une impression de calme et de s\u00e9r\u00e9nit\u00e9. <a href=\"https:\/\/mensagensqueinspiram.com.br\/fr\/a-sabedoria-de-gandhi\/\">sagesse<\/a> inexplicable.<\/p>\n\n\n\n<p>Un soir, alors qu'il \u00e9tait assis \u00e0 table avec Elias, l'\u00e9tranger lui dit : \u201cTu as l'air de porter beaucoup de poids en toi, gardien de phare.\u201d<\/p>\n\n\n\n<p>Elias l\u00e8ve les yeux, surpris. \u201cPeut-\u00eatre\u201d, r\u00e9pondit-il \u00e9vasivement.<\/p>\n\n\n\n<p>\u201cNous le portons tous\u201d, poursuit l'\u00e9tranger. \u201cMais ce poids ne doit pas nous noyer. Nous pouvons apprendre \u00e0 flotter.\u201d<\/p>\n\n\n\n<h2 class=\"wp-block-heading\"><span class=\"ez-toc-section\" id=\"Capitulo_4_O_Segredo_do_Farol\"><\/span><strong>Chapitre 4 : Le secret du phare<\/strong><span class=\"ez-toc-section-end\"><\/span><\/h2>\n\n\n\n<p>Les paroles de l'\u00e9tranger trouv\u00e8rent un \u00e9cho chez Elias. C'\u00e9tait comme s'il avait touch\u00e9 une vieille blessure, une douleur qu'il avait essay\u00e9 d'ignorer pendant des ann\u00e9es. <\/p>\n\n\n\n<p>Elias a toujours \u00e9t\u00e9 un homme solitaire, mais \u00e0 un moment donn\u00e9, la solitude s'est transform\u00e9e en isolement, et l'isolement en d\u00e9sespoir.<\/p>\n\n\n\n<p>L'\u00e9tranger se rendit compte du tumulte des \u00e9motions d'Elias. \u201cQu'est-ce qui te prend, gardien de phare ? demanda-t-il doucement.<\/p>\n\n\n\n<p>Elias h\u00e9site, peu enclin \u00e0 ouvrir son c\u0153ur. Mais il y avait quelque chose chez cet \u00e9tranger, une confiance inexplicable qui l'encourageait \u00e0 parler. <\/p>\n\n\n\n<p>Puis il a commenc\u00e9 \u00e0 raconter. Il a parl\u00e9 de la perte de sa femme, il y a des ann\u00e9es, \u00e0 cause d'une maladie implacable. <\/p>\n\n\n\n<p>Il a parl\u00e9 du sentiment de vide qui l'habitait depuis lors, de l'inutilit\u00e9 qu'il ressentait dans son existence.<\/p>\n\n\n\n<p>L'\u00e9tranger \u00e9coute en silence, sans jugement. Lorsqu'Elijah eut termin\u00e9, il dit : \u201cLa douleur de la perte est profonde, je le sais. <\/p>\n\n\n\n<p>Mais la vie, m\u00eame dans la douleur, reste la vie. Et dans chaque vie, il y a une flamme, aussi petite soit-elle, qui peut \u00eatre raviv\u00e9e\u201d.\u201d<\/p>\n\n\n\n<p>\u201cQuand les t\u00e9n\u00e8bres vous enveloppent compl\u00e8tement, comment trouver la flamme ?\u201d<\/p>\n\n\n\n<p>L'\u00e9tranger sourit d'un air myst\u00e9rieux. \u201cParfois, la lumi\u00e8re que nous cherchons est plus proche que nous ne le pensons. Peut-\u00eatre est-elle allum\u00e9e depuis toujours, attendant simplement d'\u00eatre vue.\u201d <\/p>\n\n\n\n<p>Il d\u00e9signa la lumi\u00e8re du phare qui tournait majestueusement \u00e0 l'ext\u00e9rieur. \u201cComme ce phare, qui guide dans l'obscurit\u00e9. L'espoir est comme cette lumi\u00e8re, gardien du phare. Toujours l\u00e0, m\u00eame quand on ne la voit pas.\u201d<\/p>\n\n\n\n<figure class=\"wp-block-image size-full\"><img loading=\"lazy\" decoding=\"async\" width=\"1024\" height=\"768\" src=\"https:\/\/mensagensqueinspiram.com.br\/wp-content\/uploads\/2025\/02\/as-palavras-do-estranho-ressoaram-em-elias-era-como-se.png\" alt=\"\" class=\"wp-image-864\" srcset=\"https:\/\/mensagensqueinspiram.com.br\/wp-content\/uploads\/2025\/02\/as-palavras-do-estranho-ressoaram-em-elias-era-como-se.png 1024w, https:\/\/mensagensqueinspiram.com.br\/wp-content\/uploads\/2025\/02\/as-palavras-do-estranho-ressoaram-em-elias-era-como-se-300x225.png 300w, https:\/\/mensagensqueinspiram.com.br\/wp-content\/uploads\/2025\/02\/as-palavras-do-estranho-ressoaram-em-elias-era-como-se-768x576.png 768w, https:\/\/mensagensqueinspiram.com.br\/wp-content\/uploads\/2025\/02\/as-palavras-do-estranho-ressoaram-em-elias-era-como-se-640x480.png 640w\" sizes=\"auto, (max-width: 1024px) 100vw, 1024px\" \/><\/figure>\n\n\n\n<h2 class=\"wp-block-heading\"><span class=\"ez-toc-section\" id=\"Capitulo_5_A_Licao_do_Mar\"><\/span>Chapitre 5 : La le\u00e7on de la mer<span class=\"ez-toc-section-end\"><\/span><\/h2>\n\n\n\n<p>Les paroles de l'\u00e9tranger ont sem\u00e9 le doute dans le c\u0153ur d'Elie. L'espoir pouvait-il rena\u00eetre ? Est-il possible de trouver un but, m\u00eame au milieu de la douleur ?<\/p>\n\n\n\n<p>Au cours des jours suivants, l'\u00e9tranger a commenc\u00e9 \u00e0 aider Elias dans ses t\u00e2ches au phare. Ils travaillent c\u00f4te \u00e0 c\u00f4te, en silence, mais avec une complicit\u00e9 croissante. <\/p>\n\n\n\n<p>Elias observa attentivement l'\u00e9tranger, essayant de d\u00e9chiffrer son myst\u00e8re. Qui \u00e9tait-il d'ailleurs ? Un ange ? Un fant\u00f4me ? Ou simplement un homme comme lui, perdu et retrouv\u00e9 par la temp\u00eate ?<\/p>\n\n\n\n<p>Un jour, alors qu'ils observaient la mer d\u00e9cha\u00een\u00e9e depuis le balcon du phare, l'\u00e9tranger dit : \u201cLa mer est comme la vie, gardien de phare. Tant\u00f4t calme, tant\u00f4t houleuse. <\/p>\n\n\n\n<p>Mais toujours en mouvement, toujours en \u00e9volution. Nous ne pouvons pas contr\u00f4ler les vagues, mais nous pouvons apprendre \u00e0 les naviguer\u201d.\u201d<\/p>\n\n\n\n<p>Elias a compris la m\u00e9taphore. La vie est comme la mer, impr\u00e9visible et difficile. Mais tout comme un bateau apprend \u00e0 naviguer sur les vagues, les \u00eatres humains peuvent apprendre \u00e0 relever les d\u00e9fis de l'existence. <\/p>\n\n\n\n<p>L'espoir n'est pas l'absence de temp\u00eates, mais la capacit\u00e9 \u00e0 trouver son chemin \u00e0 travers elles.<\/p>\n\n\n\n<h2 class=\"wp-block-heading\"><span class=\"ez-toc-section\" id=\"Capitulo_6_O_Farol_da_Esperanca\"><\/span><strong>Chapitre 6 : La lueur d'espoir<\/strong><span class=\"ez-toc-section-end\"><\/span><\/h2>\n\n\n\n<p>Le jour venu, l'\u00e9tranger annon\u00e7a qu'il partait. Elias sentit son c\u0153ur se serrer. La pr\u00e9sence myst\u00e9rieuse et inspirante de cet homme avait transform\u00e9 sa routine et raviv\u00e9 une flamme dormante dans son \u00e2me.<\/p>\n\n\n\n<p>\u201cO\u00f9 vas-tu ? demanda Elias, montrant pour la premi\u00e8re fois de l'\u00e9motion.<\/p>\n\n\n\n<p>L'\u00e9tranger sourit d'un air \u00e9nigmatique. \u201cL\u00e0 o\u00f9 le vent me m\u00e8ne\u201d, r\u00e9pondit-il. \u201cMais j'emporterai avec moi la lumi\u00e8re de ce phare et l'espoir qu'il repr\u00e9sente.\u201d<\/p>\n\n\n\n<p>Le lendemain matin, l'\u00e9tranger s'en alla, marchant le long de la plage vers l'horizon. Elias le regarda dispara\u00eetre dans la brume matinale, se sentant \u00e9trangement seul mais en m\u00eame temps renouvel\u00e9.<\/p>\n\n\n\n<p>La solitude du phare ne semble plus aussi oppressante. La lumi\u00e8re qu'il allumait avait d\u00e9sormais une nouvelle signification. <\/p>\n\n\n\n<p>Il n'\u00e9tait pas seulement un guide pour les navires perdus en mer, mais aussi une lueur d'espoir pour lui-m\u00eame et pour tous ceux qui, comme lui, cherchaient un sens \u00e0 l'obscurit\u00e9.<\/p>\n\n\n\n<p>Elias reprend son train-train, mais avec une nouvelle vision des choses. La m\u00e9lancolie l'accompagne toujours, mais elle est d\u00e9sormais temp\u00e9r\u00e9e par l'espoir. <\/p>\n\n\n\n<p>Il avait appris que la vie, m\u00eame avec ses pertes et ses absurdit\u00e9s, pouvait avoir un sens et un but. <\/p>\n\n\n\n<p>Et que m\u00eame dans les moments les plus sombres, la lumi\u00e8re de l'espoir peut toujours \u00eatre trouv\u00e9e, brillant comme un phare dans la nuit.<\/p>\n\n\n\n<figure class=\"wp-block-image size-full\"><img loading=\"lazy\" decoding=\"async\" width=\"1024\" height=\"768\" src=\"https:\/\/mensagensqueinspiram.com.br\/wp-content\/uploads\/2025\/02\/chegou-o-dia-em-que-o-estranho-anunciou-que-partiria.png\" alt=\"\" class=\"wp-image-865\" srcset=\"https:\/\/mensagensqueinspiram.com.br\/wp-content\/uploads\/2025\/02\/chegou-o-dia-em-que-o-estranho-anunciou-que-partiria.png 1024w, https:\/\/mensagensqueinspiram.com.br\/wp-content\/uploads\/2025\/02\/chegou-o-dia-em-que-o-estranho-anunciou-que-partiria-300x225.png 300w, https:\/\/mensagensqueinspiram.com.br\/wp-content\/uploads\/2025\/02\/chegou-o-dia-em-que-o-estranho-anunciou-que-partiria-768x576.png 768w, https:\/\/mensagensqueinspiram.com.br\/wp-content\/uploads\/2025\/02\/chegou-o-dia-em-que-o-estranho-anunciou-que-partiria-640x480.png 640w\" sizes=\"auto, (max-width: 1024px) 100vw, 1024px\" \/><\/figure>\n\n\n\n<h2 class=\"wp-block-heading\"><span class=\"ez-toc-section\" id=\"Conclusao\"><\/span><strong>Conclusion :<\/strong><span class=\"ez-toc-section-end\"><\/span><\/h2>\n\n\n\n<p>\u201cLa lumi\u00e8re de l'espoir\u201d nous invite \u00e0 r\u00e9fl\u00e9chir sur la nature de la vie de l'homme. <strong>l'existence<\/strong>, l'in\u00e9vitabilit\u00e9 de la douleur et l'importance de l'\u00e9ducation. <strong><a href=\"https:\/\/pt.wikipedia.org\/wiki\/Esperan%C3%A7a\" target=\"_blank\" rel=\"noreferrer noopener\">espoir<\/a><\/strong> comme une force motrice pour surmonter les d\u00e9fis de la vie.<\/p>\n\n\n\n<p> Inspir\u00e9 par le style de Camus, le r\u00e9cit explore les profondeurs de l'\u00e2me humaine, r\u00e9v\u00e9lant que m\u00eame au milieu de l'absurdit\u00e9 et de la solitude, il est possible de trouver la lumi\u00e8re et le sens. <\/p>\n\n\n\n<p>La le\u00e7on finale est claire : la <strong>espoir<\/strong> n'est pas une illusion, mais un choix, un phare qui nous guide \u00e0 travers les t\u00e9n\u00e8bres, \u00e9clairant le chemin vers un avenir plus radieux. <strong>plein d'espoir<\/strong> et plein de <strong>l'existence<\/strong> significative.<\/p>\n\n\n\n<p><strong>Continuez \u00e0 vous inspirer !<\/strong> Visitez le blog <a target=\"_blank\" rel=\"noreferrer noopener\" href=\"https:\/\/mensagensqueinspiram.com.br\/fr\/\">Messages inspirants<\/a> pour d'autres r\u00e9cits et r\u00e9flexions qui \u00e9clairent votre parcours.<\/p>\n\n\n\n<h3 class=\"wp-block-heading has-text-align-center has-theme-palette-9-color has-text-color has-background has-link-color wp-elements-532c6600a731c29b96ea311c563c3061\" style=\"background-color:#150042\"><span class=\"ez-toc-section\" id=\"FAQ\"><\/span><strong>FAQ :<\/strong><span class=\"ez-toc-section-end\"><\/span><\/h3>\n\n\n\n<figure class=\"wp-block-table is-style-stripes\"><table class=\"has-theme-palette-8-background-color has-background has-fixed-layout\"><tbody><tr><th>Question<\/th><th>R\u00e9ponse<\/th><\/tr><tr><td>Quel est le message principal de l'histoire ?<\/td><td>L'espoir comme force motrice pour surmonter l'adversit\u00e9 et trouver un sens \u00e0 la vie.<\/td><\/tr><tr><td>Quelle a \u00e9t\u00e9 l'inspiration pour ce r\u00e9cit ?<\/td><td>L'\u0153uvre et le style philosophique d'Albert Camus.<\/td><\/tr><tr><td>Qui est le personnage principal ?<\/td><td>Elias, le gardien de phare, qui repr\u00e9sente la qu\u00eate de sens au milieu de la solitude.<\/td><\/tr><tr><td>Qui est le myst\u00e9rieux personnage ?<\/td><td>Un naufrag\u00e9 qui incarne l'espoir et la sagesse.<\/td><\/tr><tr><td>Quel est le symbolisme du phare ?<\/td><td>Il repr\u00e9sente l'espoir, la lumi\u00e8re dans l'obscurit\u00e9, le guide au milieu de l'incertitude.<\/td><\/tr><tr><td>Le cadre de l'histoire est-il important ?<\/td><td>Oui, l'\u00eele isol\u00e9e et le phare renforcent l'atmosph\u00e8re d'introspection et de recherche int\u00e9rieure.<\/td><\/tr><tr><td>L'histoire comporte-t-elle des \u00e9l\u00e9ments de myst\u00e8re ?<\/td><td>Oui, l'identit\u00e9 et le but du naufrag\u00e9 cr\u00e9ent du myst\u00e8re et du suspense.<\/td><\/tr><tr><td>Quel est le ton g\u00e9n\u00e9ral du r\u00e9cit ?<\/td><td>R\u00e9flexion, m\u00e9lancolie, mais avec un message final d'espoir et de transformation positive.<\/td><\/tr><\/tbody><\/table><\/figure>","protected":false},"excerpt":{"rendered":"<p>Dans un monde souvent marqu\u00e9 par l'absurdit\u00e9 et l'incertitude, o\u00f9 l'existence humaine se r\u00e9v\u00e8le dans toute sa fragilit\u00e9, surgit une qu\u00eate incessante d'espoir. Inspir\u00e9 par la philosophie d'Albert Camus, je vous pr\u00e9sente \u201c Le Phare de l'espoir \u201c, un r\u00e9cit original qui explore les profondeurs de l'\u00e2me humaine, ses conflits et sa capacit\u00e9 \u00e0 trouver la lumi\u00e8re...<\/p>","protected":false},"author":1,"featured_media":860,"comment_status":"open","ping_status":"open","sticky":false,"template":"","format":"standard","meta":{"rop_custom_images_group":[],"rop_custom_messages_group":[],"rop_publish_now":"initial","rop_publish_now_accounts":{"facebook_122186298128049666_540220039169035":""},"rop_publish_now_history":[],"rop_publish_now_status":"pending","rank_math_focus_keyword":"O Farol da Esperan\u00e7a,Albert Camus,esperan\u00e7a","rank_math_description":"O Farol da Esperan\u00e7a: Exist\u00eancia Esperan\u00e7a em meio \u00e0 adversidade. Descubra uma hist\u00f3ria emocionante de mist\u00e9rio, suspense e supera\u00e7\u00e3o inspirada em Camus.","_kad_post_transparent":"","_kad_post_title":"","_kad_post_layout":"","_kad_post_sidebar_id":"","_kad_post_content_style":"","_kad_post_vertical_padding":"","_kad_post_feature":"","_kad_post_feature_position":"","_kad_post_header":false,"_kad_post_footer":false,"_kad_post_classname":"","_jetpack_memberships_contains_paid_content":false,"footnotes":"","jetpack_publicize_message":"","jetpack_publicize_feature_enabled":true,"jetpack_social_post_already_shared":true,"jetpack_social_options":{"image_generator_settings":{"template":"highway","enabled":false},"version":2}},"categories":[28],"tags":[272,271,126,34,10],"class_list":["post-858","post","type-post","status-publish","format-standard","has-post-thumbnail","hentry","category-historias","tag-camus","tag-esperanca","tag-existencialismo","tag-misterio","tag-superacao"],"jetpack_publicize_connections":[],"jetpack_featured_media_url":"https:\/\/mensagensqueinspiram.com.br\/wp-content\/uploads\/2025\/02\/image-12.png","jetpack_sharing_enabled":true,"_links":{"self":[{"href":"https:\/\/mensagensqueinspiram.com.br\/fr\/wp-json\/wp\/v2\/posts\/858","targetHints":{"allow":["GET"]}}],"collection":[{"href":"https:\/\/mensagensqueinspiram.com.br\/fr\/wp-json\/wp\/v2\/posts"}],"about":[{"href":"https:\/\/mensagensqueinspiram.com.br\/fr\/wp-json\/wp\/v2\/types\/post"}],"author":[{"embeddable":true,"href":"https:\/\/mensagensqueinspiram.com.br\/fr\/wp-json\/wp\/v2\/users\/1"}],"replies":[{"embeddable":true,"href":"https:\/\/mensagensqueinspiram.com.br\/fr\/wp-json\/wp\/v2\/comments?post=858"}],"version-history":[{"count":3,"href":"https:\/\/mensagensqueinspiram.com.br\/fr\/wp-json\/wp\/v2\/posts\/858\/revisions"}],"predecessor-version":[{"id":862,"href":"https:\/\/mensagensqueinspiram.com.br\/fr\/wp-json\/wp\/v2\/posts\/858\/revisions\/862"}],"wp:featuredmedia":[{"embeddable":true,"href":"https:\/\/mensagensqueinspiram.com.br\/fr\/wp-json\/wp\/v2\/media\/860"}],"wp:attachment":[{"href":"https:\/\/mensagensqueinspiram.com.br\/fr\/wp-json\/wp\/v2\/media?parent=858"}],"wp:term":[{"taxonomy":"category","embeddable":true,"href":"https:\/\/mensagensqueinspiram.com.br\/fr\/wp-json\/wp\/v2\/categories?post=858"},{"taxonomy":"post_tag","embeddable":true,"href":"https:\/\/mensagensqueinspiram.com.br\/fr\/wp-json\/wp\/v2\/tags?post=858"}],"curies":[{"name":"wp","href":"https:\/\/api.w.org\/{rel}","templated":true}]}}